{"id":29634,"date":"2021-10-26T11:05:43","date_gmt":"2021-10-26T10:05:43","guid":{"rendered":"http:\/\/fegrama.cat\/web\/?p=29634"},"modified":"2021-10-26T11:05:43","modified_gmt":"2021-10-26T10:05:43","slug":"empat-pel-benjami-a","status":"publish","type":"post","link":"http:\/\/fegrama.cat\/web\/empat-pel-benjami-a\/","title":{"rendered":"Empat pel Benjam\u00ed \u00abA\u00bb."},"content":{"rendered":"\n<p><strong>Benjam\u00ed \u00abA\u00bb 3 &#8211; Europa 3<\/strong><\/p>\n\n\n\n<p>Els del Benjam\u00ed \u00abA\u00bb van jugar contra l&#8217;Europa el cap de setmana passat, on van sofrir molt en el primer i segon quart perqu\u00e8 el rival no parava de passar per sobre dels nostres.<\/p>\n\n\n\n<p>Al descans se&#8217;n va anar amb el marcador 0 a 3, per\u00f2 els nostres no volien rendir-se.<\/p>\n\n\n\n<p>Per a la segona part, despr\u00e9s d&#8217;una bona xerrada i \u00abconjurats\u00bb, les tornes es van voltejar per a ser la Grama qui pass\u00e9s per sobre del rival i nom\u00e9s una pilota al pal en l&#8217;\u00faltima jugada, va impedir als nostres guanyar el partit. Al final 3-3.<\/p>\n\n\n\n<p><\/p>\n\n\n\n<hr class=\"wp-block-separator\"\/>\n\n\n\n<p><\/p>\n\n\n\n<p><strong>Benjam\u00edn \u201cA\u201d 3 &#8211; Europa 3\u00a0<\/strong><\/p>\n\n\n\n<p>Los del Benjam\u00edn \u201cA\u201d jugaron contra el Europa el fin de semana pasado, donde sufrieron mucho en el primer y segundo cuarto porque el rival no paraba de pasar por encima de los nuestros.<\/p>\n\n\n\n<p>Al descanso se fue con el marcador 0 a 3, pero los nuestros no quer\u00edan rendirse.<\/p>\n\n\n\n<p>Para la segunda parte, tras una buena charla y \u201cconjurados\u201d, las tornas se voltearon para ser la Grama quien pasase por encima del rival y solo un bal\u00f3n al palo en la \u00faltima jugada, impidi\u00f3 a los nuestros ganar el partido. Al final 3-3.<\/p>\n","protected":false},"excerpt":{"rendered":"<p>Benjam\u00ed \u00abA\u00bb 3 &#8211; Europa 3 Els del Benjam\u00ed \u00abA\u00bb van jugar contra l&#8217;Europa el cap de setmana passat, on van sofrir molt en el primer i segon quart perqu\u00e8 el rival no parava de passar per sobre dels nostres. Al descans se&#8217;n va anar amb el marcador 0 a 3, per\u00f2 els nostres no [&hellip;]<\/p>\n","protected":false},"author":1,"featured_media":0,"comment_status":"closed","ping_status":"closed","sticky":false,"template":"","format":"standard","meta":{"footnotes":""},"categories":[11],"tags":[],"class_list":["post-29634","post","type-post","status-publish","format-standard","hentry","category-benjamins"],"_links":{"self":[{"href":"http:\/\/fegrama.cat\/web\/wp-json\/wp\/v2\/posts\/29634","targetHints":{"allow":["GET"]}}],"collection":[{"href":"http:\/\/fegrama.cat\/web\/wp-json\/wp\/v2\/posts"}],"about":[{"href":"http:\/\/fegrama.cat\/web\/wp-json\/wp\/v2\/types\/post"}],"author":[{"embeddable":true,"href":"http:\/\/fegrama.cat\/web\/wp-json\/wp\/v2\/users\/1"}],"replies":[{"embeddable":true,"href":"http:\/\/fegrama.cat\/web\/wp-json\/wp\/v2\/comments?post=29634"}],"version-history":[{"count":1,"href":"http:\/\/fegrama.cat\/web\/wp-json\/wp\/v2\/posts\/29634\/revisions"}],"predecessor-version":[{"id":29635,"href":"http:\/\/fegrama.cat\/web\/wp-json\/wp\/v2\/posts\/29634\/revisions\/29635"}],"wp:attachment":[{"href":"http:\/\/fegrama.cat\/web\/wp-json\/wp\/v2\/media?parent=29634"}],"wp:term":[{"taxonomy":"category","embeddable":true,"href":"http:\/\/fegrama.cat\/web\/wp-json\/wp\/v2\/categories?post=29634"},{"taxonomy":"post_tag","embeddable":true,"href":"http:\/\/fegrama.cat\/web\/wp-json\/wp\/v2\/tags?post=29634"}],"curies":[{"name":"wp","href":"https:\/\/api.w.org\/{rel}","templated":true}]}}