{"id":29619,"date":"2021-10-25T11:45:33","date_gmt":"2021-10-25T10:45:33","guid":{"rendered":"http:\/\/fegrama.cat\/web\/?p=29619"},"modified":"2021-10-25T11:45:34","modified_gmt":"2021-10-25T10:45:34","slug":"golejada-del-juvenil-d","status":"publish","type":"post","link":"http:\/\/fegrama.cat\/web\/golejada-del-juvenil-d\/","title":{"rendered":"Golejada del Juvenil \u00abD\u00bb."},"content":{"rendered":"\n<p><strong>Juvenil \u00abD\u00bb 7 &#8211;\u00a0Carmelo\u00a00<\/strong><\/p>\n\n\n\n<p>Els nois del Juvenil \u00abD\u00bb van jugar el seu partit setmanal contra el\u00a0Carmelo\u00a0a casa. Per desgr\u00e0cia per als contrincants, que encara no havien jugat cap partit de temporada perqu\u00e8 els hi van cancel\u00b7lar, a m\u00e9s d&#8217;anar amb m\u00e9s Cadets que Juvenils, es van emportar una golejada dels nostres<\/p>\n\n\n\n<p>Els del\u00a0Carmelo, poc treballats, no havien tingut temps de mostrar-se encara i durant tot el partit realitzaven anessis de joc; Els de la Grama, d&#8217;altra banda, feien pressi\u00f3 i van acabar la primera part amb 4 a 0 en el marcador.<br>En la segona part, els contraris amb un menys i provocant; per\u00f2 els nostres es van mantenir ferms sense entrar en aquesta \u00abzitz\u00e0nia\u00bb, per la qual cosa van arribar els altres tres gols deixant el marcador final amb un 7 a 0.<br><\/p>\n\n\n\n<p>En Mar\u00e7al diu: Toca seguir, tenir confian\u00e7a i calma en el joc, perqu\u00e8 es va tenir molta facilitat en el joc i calia aprofitar-la millor: amb m\u00e9s pausa i m\u00e9s elaboraci\u00f3. Encara aix\u00ed molt content amb el resultat, toca seguir.<\/p>\n\n\n\n<p><\/p>\n\n\n\n<p><strong>Juvenil \u201cD\u201d 7 &#8211; Carmelo 0<\/strong><\/p>\n\n\n\n<p>Los chicos del Juvenil \u201cD\u201d jugaron su partido semanal contra el Carmelo en casa. Por desgracia para los contrincantes, que a\u00fan no hab\u00edan jugado ning\u00fan partido de temporada porque se los cancelaron, adem\u00e1s de ir con m\u00e1s Cadetes que Juveniles, se llevaron una goleada de los nuestros.<\/p>\n\n\n\n<p>Los del Carmelo, poco trabajados, no hab\u00edan tenido tiempo de mostrarse a\u00fan y durante todo el partido realizaban fueras de juego; Los de la Grama, por otra parte, hac\u00edan presi\u00f3n y acabaron la primera parte con 4 a 0 en el marcador.<\/p>\n\n\n\n<p>En la segunda parte, los contrarios con uno menos y provocando; pero los nuestros se mantuvieron firmes sin entrar en esa \u201cciza\u00f1a\u201d, por lo que llegaron los otros tres goles dejando el marcador final con un 7 a 0.<\/p>\n\n\n\n<p>Mar\u00e7al dice: Toca seguir, tener confianza y calma en el juego, porque se tuvo mucha facilidad en el juego y hab\u00eda que aprovecharla mejor: con m\u00e1s pausa y m\u00e1s elaboraci\u00f3n. A\u00fan as\u00ed muy contento con el resultado, toca seguir.<\/p>\n","protected":false},"excerpt":{"rendered":"<p>Juvenil \u00abD\u00bb 7 &#8211;\u00a0Carmelo\u00a00 Els nois del Juvenil \u00abD\u00bb van jugar el seu partit setmanal contra el\u00a0Carmelo\u00a0a casa. Per desgr\u00e0cia per als contrincants, que encara no havien jugat cap partit de temporada perqu\u00e8 els hi van cancel\u00b7lar, a m\u00e9s d&#8217;anar amb m\u00e9s Cadets que Juvenils, es van emportar una golejada dels nostres Els del\u00a0Carmelo, poc [&hellip;]<\/p>\n","protected":false},"author":1,"featured_media":0,"comment_status":"closed","ping_status":"closed","sticky":false,"template":"","format":"standard","meta":{"footnotes":""},"categories":[6],"tags":[],"class_list":["post-29619","post","type-post","status-publish","format-standard","hentry","category-juvenils"],"_links":{"self":[{"href":"http:\/\/fegrama.cat\/web\/wp-json\/wp\/v2\/posts\/29619","targetHints":{"allow":["GET"]}}],"collection":[{"href":"http:\/\/fegrama.cat\/web\/wp-json\/wp\/v2\/posts"}],"about":[{"href":"http:\/\/fegrama.cat\/web\/wp-json\/wp\/v2\/types\/post"}],"author":[{"embeddable":true,"href":"http:\/\/fegrama.cat\/web\/wp-json\/wp\/v2\/users\/1"}],"replies":[{"embeddable":true,"href":"http:\/\/fegrama.cat\/web\/wp-json\/wp\/v2\/comments?post=29619"}],"version-history":[{"count":1,"href":"http:\/\/fegrama.cat\/web\/wp-json\/wp\/v2\/posts\/29619\/revisions"}],"predecessor-version":[{"id":29620,"href":"http:\/\/fegrama.cat\/web\/wp-json\/wp\/v2\/posts\/29619\/revisions\/29620"}],"wp:attachment":[{"href":"http:\/\/fegrama.cat\/web\/wp-json\/wp\/v2\/media?parent=29619"}],"wp:term":[{"taxonomy":"category","embeddable":true,"href":"http:\/\/fegrama.cat\/web\/wp-json\/wp\/v2\/categories?post=29619"},{"taxonomy":"post_tag","embeddable":true,"href":"http:\/\/fegrama.cat\/web\/wp-json\/wp\/v2\/tags?post=29619"}],"curies":[{"name":"wp","href":"https:\/\/api.w.org\/{rel}","templated":true}]}}