{"id":29608,"date":"2021-10-25T10:59:34","date_gmt":"2021-10-25T09:59:34","guid":{"rendered":"http:\/\/fegrama.cat\/web\/?p=29608"},"modified":"2021-10-25T10:59:35","modified_gmt":"2021-10-25T09:59:35","slug":"el-cadet-a-fa-possible-limpossible","status":"publish","type":"post","link":"http:\/\/fegrama.cat\/web\/el-cadet-a-fa-possible-limpossible\/","title":{"rendered":"El Cadet \u00abA\u00bb fa possible l&#8217;impossible."},"content":{"rendered":"\n<p><strong>Cadet \u00abA\u00bb 1 &#8211; Damm 0<\/strong><\/p>\n\n\n\n<p>Els de Brian\u00a0Espinola, van sortir molt ben asseguts en el camp contra un dels millors rivals amb possessi\u00f3 de pilota. Es va jugar una primera part on la Damm intentava avan\u00e7ar l\u00ednies per a acostar-se a \u00abZona 3\u00bb per a poder definir. La Grama molt ben col\u00b7locada tirava les seves l\u00ednies per davant on la Damm nom\u00e9s podia jugar dins de la seva \u00e0rea on busquem l&#8217;error.<br>Com a petita conclusi\u00f3 de la primera part es va veure que hi havia molt de tanteig amb ocasions clares per a la Grama que no es van poder acabar de materialitzar.<\/p>\n\n\n\n<p>La segona part va ser un canvi per a la Grama que comen\u00e7ava a canviar les seves bandes r\u00e0pides de manera brusca per a encarar el \u00ab1 contra 1\u00bb. En el minut 60, una bona jugada de Joel per banda, rematava nom\u00e9s Marc&nbsp;Naranjo&nbsp;i la pilota va entrar molt clar, per\u00f2 l&#8217;\u00e0rbitre va decidir el contrari.<br>Incertesa i nervis, per\u00f2 sobretot: indignaci\u00f3. Encara aix\u00ed els&nbsp;blauencs&nbsp;es van saber reposar i desplegar el seu joc. En el minut 70 una servei de banda&nbsp;Miki&nbsp;canviava el camp cap a Joel que intentava regatejar, passant-se-la a&nbsp;Mamadou&nbsp;que va posar l&#8217;1 a 0.<br>A partir d&#8217;aqu\u00ed la Damm es va bolcar per a buscar l&#8217;empat encara que els nostres, molt ben plantats, no els van deixar.<\/p>\n\n\n\n<p>Brian\u00a0Espinola: molt content per ells,\u00a0porten mesos\u00a0fent entrenaments incre\u00efbles, se sacrifiquen i ho donen tot per aquesta samarreta. Han fet una gran fam\u00edlia. No hem estat tenint sort en partits que els pod\u00edem veure rematats. Per\u00f2 aquesta vict\u00f2ria no \u00e9s casual, es comen\u00e7a a notar que l&#8217;equip s&#8217;est\u00e0 engrandint. Toca pensar ja en la setmana que ve que tenim a un dels millors rivals de la lliga. Per\u00f2 nosaltres sempre intentarem dir l&#8217;\u00faltima paraula.<\/p>\n\n\n\n<figure class=\"wp-block-gallery columns-1 is-cropped wp-block-gallery-1 is-layout-flex wp-block-gallery-is-layout-flex\"><ul class=\"blocks-gallery-grid\"><li class=\"blocks-gallery-item\"><figure><img loading=\"lazy\" decoding=\"async\" width=\"1024\" height=\"683\" src=\"http:\/\/fegrama.cat\/web\/wp-content\/uploads\/2021\/10\/CADET-A-1024x683.jpeg\" alt=\"\" data-id=\"29609\" data-full-url=\"http:\/\/fegrama.cat\/web\/wp-content\/uploads\/2021\/10\/CADET-A.jpeg\" data-link=\"http:\/\/fegrama.cat\/web\/?attachment_id=29609\" class=\"wp-image-29609\" srcset=\"http:\/\/fegrama.cat\/web\/wp-content\/uploads\/2021\/10\/CADET-A-1024x683.jpeg 1024w, http:\/\/fegrama.cat\/web\/wp-content\/uploads\/2021\/10\/CADET-A-300x200.jpeg 300w, http:\/\/fegrama.cat\/web\/wp-content\/uploads\/2021\/10\/CADET-A-768x512.jpeg 768w, http:\/\/fegrama.cat\/web\/wp-content\/uploads\/2021\/10\/CADET-A-1536x1024.jpeg 1536w, http:\/\/fegrama.cat\/web\/wp-content\/uploads\/2021\/10\/CADET-A.jpeg 2048w\" sizes=\"auto, (max-width: 1024px) 100vw, 1024px\" \/><\/figure><\/li><\/ul><\/figure>\n\n\n\n<hr class=\"wp-block-separator\"\/>\n\n\n\n<p><\/p>\n\n\n\n<p><strong>Cadete \u00abA\u00bb 1 &#8211; Damm 0 <\/strong><\/p>\n\n\n\n<p>El Cadet \u201cA\u201d va fer posible l\u2019imposible.<\/p>\n\n\n\n<p>Los de Brian Espinola, salieron muy bien sentados en el campo contra uno de los mejores rivales con posesi\u00f3n de bal\u00f3n. Se jug\u00f3 una primera parte donde la&nbsp; Damm intentaba avanzar l\u00edneas para acercarse a \u201cZona 3\u201d para poder definir. La Grama muy bien colocada tiraba sus l\u00edneas para alante donde la Damm solo pod\u00eda jugar dentro de su \u00e1rea donde buscamos el error.&nbsp;<\/p>\n\n\n\n<p>Como peque\u00f1a conclusi\u00f3n de la primera parte se vi\u00f3 que hab\u00eda mucho tanteo con ocasiones claras para la Grama que no se pudieron acabar de materializar.<\/p>\n\n\n\n<p>La segunda parte fue un cambio para la Grama que empezaba a cambiar sus bandas r\u00e1pidas de manera brusca para encarar el \u201c1 contra 1\u201d. En el minuto 60, una buena jugada de Joel por banda, remataba solo Marc Naranjo y el bal\u00f3n entr\u00f3 muy claro, pero el \u00e1rbitro decidi\u00f3 lo contrario.&nbsp;<\/p>\n\n\n\n<p>Incertidumbre y nervios, pero sobre todo: indignaci\u00f3n. A\u00fan as\u00ed los azulones se supieron reponer y desplegar su juego. En el minuto 70 una saque de banda Miki cambiaba el campo hacia Joel que intentaba regatear, pas\u00e1ndosela a Mamadou que puso el 1 a 0.<\/p>\n\n\n\n<p>A partir de ah\u00ed la Damm se volc\u00f3 para buscar el empate aunque los nuestros, muy bien plantados, no les dejaron.<\/p>\n\n\n\n<p>Brian Espinola: muy contento por ellos, llevan meses haciendo entrenamiento incre\u00edbles, se sacrifican y lo dan todo por esta camiseta. Han hecho una gran familia. No hemos estado teniendo suerte en partidos que los pod\u00edamos ver rematados. Pero esta victoria no es casual, se empieza a notar que el equipo se est\u00e1 agrandando. Toca pensar ya en la semana que viene que tenemos a uno de los mejores rivales de la liga. Pero nosotros siempre intentaremos decir la \u00faltima palabra.<\/p>\n\n\n\n<figure class=\"wp-block-image size-large\"><img loading=\"lazy\" decoding=\"async\" width=\"1024\" height=\"683\" src=\"http:\/\/fegrama.cat\/web\/wp-content\/uploads\/2021\/10\/CADETE-A-1-1024x683.jpeg\" alt=\"\" class=\"wp-image-29610\" srcset=\"http:\/\/fegrama.cat\/web\/wp-content\/uploads\/2021\/10\/CADETE-A-1-1024x683.jpeg 1024w, http:\/\/fegrama.cat\/web\/wp-content\/uploads\/2021\/10\/CADETE-A-1-300x200.jpeg 300w, http:\/\/fegrama.cat\/web\/wp-content\/uploads\/2021\/10\/CADETE-A-1-768x512.jpeg 768w, http:\/\/fegrama.cat\/web\/wp-content\/uploads\/2021\/10\/CADETE-A-1-1536x1024.jpeg 1536w, http:\/\/fegrama.cat\/web\/wp-content\/uploads\/2021\/10\/CADETE-A-1.jpeg 2048w\" sizes=\"auto, (max-width: 1024px) 100vw, 1024px\" \/><\/figure>\n","protected":false},"excerpt":{"rendered":"<p>Cadet \u00abA\u00bb 1 &#8211; Damm 0 Els de Brian\u00a0Espinola, van sortir molt ben asseguts en el camp contra un dels millors rivals amb possessi\u00f3 de pilota. Es va jugar una primera part on la Damm intentava avan\u00e7ar l\u00ednies per a acostar-se a \u00abZona 3\u00bb per a poder definir. La Grama molt ben col\u00b7locada tirava les [&hellip;]<\/p>\n","protected":false},"author":1,"featured_media":0,"comment_status":"closed","ping_status":"closed","sticky":false,"template":"","format":"standard","meta":{"footnotes":""},"categories":[7],"tags":[],"class_list":["post-29608","post","type-post","status-publish","format-standard","hentry","category-cadets"],"_links":{"self":[{"href":"http:\/\/fegrama.cat\/web\/wp-json\/wp\/v2\/posts\/29608","targetHints":{"allow":["GET"]}}],"collection":[{"href":"http:\/\/fegrama.cat\/web\/wp-json\/wp\/v2\/posts"}],"about":[{"href":"http:\/\/fegrama.cat\/web\/wp-json\/wp\/v2\/types\/post"}],"author":[{"embeddable":true,"href":"http:\/\/fegrama.cat\/web\/wp-json\/wp\/v2\/users\/1"}],"replies":[{"embeddable":true,"href":"http:\/\/fegrama.cat\/web\/wp-json\/wp\/v2\/comments?post=29608"}],"version-history":[{"count":1,"href":"http:\/\/fegrama.cat\/web\/wp-json\/wp\/v2\/posts\/29608\/revisions"}],"predecessor-version":[{"id":29611,"href":"http:\/\/fegrama.cat\/web\/wp-json\/wp\/v2\/posts\/29608\/revisions\/29611"}],"wp:attachment":[{"href":"http:\/\/fegrama.cat\/web\/wp-json\/wp\/v2\/media?parent=29608"}],"wp:term":[{"taxonomy":"category","embeddable":true,"href":"http:\/\/fegrama.cat\/web\/wp-json\/wp\/v2\/categories?post=29608"},{"taxonomy":"post_tag","embeddable":true,"href":"http:\/\/fegrama.cat\/web\/wp-json\/wp\/v2\/tags?post=29608"}],"curies":[{"name":"wp","href":"https:\/\/api.w.org\/{rel}","templated":true}]}}