{"id":29589,"date":"2021-10-19T10:50:56","date_gmt":"2021-10-19T09:50:56","guid":{"rendered":"http:\/\/fegrama.cat\/web\/?p=29589"},"modified":"2021-10-21T09:58:39","modified_gmt":"2021-10-21T08:58:39","slug":"la-primera-victoria-del-juvenil-d","status":"publish","type":"post","link":"http:\/\/fegrama.cat\/web\/la-primera-victoria-del-juvenil-d\/","title":{"rendered":"La primera vict\u00f2ria del Juvenil D"},"content":{"rendered":"\n<p>El Juvenil D va estr\u00e8nyer la sortida de pilota del rival amb una pressi\u00f3 alta. A trav\u00e9s de robatoris i contraatacs la Grama va generar molt perill.<\/p>\n\n\n\n<p>El marcador de 0-2 va poder haver estat fins i tot major. El CF Bonanova va tenir dues ocasions clares amb un m\u00e0 a m\u00e0 i una pilota al travesser.<\/p>\n\n\n\n<p>Per la seva banda la Grama va tenir cinc ocasions molt clares al primer temps i en el segon van tenir fins a vuit bones. A la mitja part van marxar amb avantatge de 0-2.<\/p>\n\n\n\n<p>El Juvenil D va estar molt s\u00f2lid, sense veure&#8217;s superat en cap moment, i va aconseguir sumar despr\u00e9s de la derrota de la primera jornada.<\/p>\n\n\n\n<hr class=\"wp-block-separator\"\/>\n\n\n\n<p><\/p>\n\n\n\n<p>El Juvenil D apret\u00f3 la salida de bal\u00f3n del rival con una presi\u00f3n alta. A trav\u00e9s de robos y contraataques la Grama gener\u00f3 mucho peligro.<\/p>\n\n\n\n<p>El marcador de 0-2 pudo haber sido incluso mayor. Bonanova tuvo dos ocasiones claras con un mano a mano y un bal\u00f3n al larguero.<\/p>\n\n\n\n<p>Por su parte la Grama tuvo cinco ocasiones muy claras en el primer tiempo y en el segundo tuvieron hasta ocho buenas. Al descanso se marcharon con ventaja de 0-2.<\/p>\n\n\n\n<p>El Juvenil D estuvo muy s\u00f3lido, sin verse superado en ning\u00fan momento, y consigui\u00f3 sumar tras la derrota de la primera jornada.<\/p>\n","protected":false},"excerpt":{"rendered":"<p>El Juvenil D va estr\u00e8nyer la sortida de pilota del rival amb una pressi\u00f3 alta. A trav\u00e9s de robatoris i contraatacs la Grama va generar molt perill. El marcador de 0-2 va poder haver estat fins i tot major. El CF Bonanova va tenir dues ocasions clares amb un m\u00e0 a m\u00e0 i una pilota [&hellip;]<\/p>\n","protected":false},"author":1,"featured_media":0,"comment_status":"closed","ping_status":"closed","sticky":false,"template":"","format":"standard","meta":{"footnotes":""},"categories":[4,6,1],"tags":[],"class_list":["post-29589","post","type-post","status-publish","format-standard","hentry","category-base-inclusiu","category-juvenils","category-uncategorized"],"_links":{"self":[{"href":"http:\/\/fegrama.cat\/web\/wp-json\/wp\/v2\/posts\/29589","targetHints":{"allow":["GET"]}}],"collection":[{"href":"http:\/\/fegrama.cat\/web\/wp-json\/wp\/v2\/posts"}],"about":[{"href":"http:\/\/fegrama.cat\/web\/wp-json\/wp\/v2\/types\/post"}],"author":[{"embeddable":true,"href":"http:\/\/fegrama.cat\/web\/wp-json\/wp\/v2\/users\/1"}],"replies":[{"embeddable":true,"href":"http:\/\/fegrama.cat\/web\/wp-json\/wp\/v2\/comments?post=29589"}],"version-history":[{"count":1,"href":"http:\/\/fegrama.cat\/web\/wp-json\/wp\/v2\/posts\/29589\/revisions"}],"predecessor-version":[{"id":29590,"href":"http:\/\/fegrama.cat\/web\/wp-json\/wp\/v2\/posts\/29589\/revisions\/29590"}],"wp:attachment":[{"href":"http:\/\/fegrama.cat\/web\/wp-json\/wp\/v2\/media?parent=29589"}],"wp:term":[{"taxonomy":"category","embeddable":true,"href":"http:\/\/fegrama.cat\/web\/wp-json\/wp\/v2\/categories?post=29589"},{"taxonomy":"post_tag","embeddable":true,"href":"http:\/\/fegrama.cat\/web\/wp-json\/wp\/v2\/tags?post=29589"}],"curies":[{"name":"wp","href":"https:\/\/api.w.org\/{rel}","templated":true}]}}