{"id":29579,"date":"2021-10-18T10:29:44","date_gmt":"2021-10-18T09:29:44","guid":{"rendered":"http:\/\/fegrama.cat\/web\/?p=29579"},"modified":"2021-10-18T10:29:44","modified_gmt":"2021-10-18T09:29:44","slug":"victoria-pel-cadet-femeni","status":"publish","type":"post","link":"http:\/\/fegrama.cat\/web\/victoria-pel-cadet-femeni\/","title":{"rendered":"Vict\u00f2ria pel Cadet Femen\u00ed!"},"content":{"rendered":"\n<p><strong>Pla d\u2019en Boet 0 &#8211; Cadet Femen\u00ed 18&nbsp;<\/strong><\/p>\n\n\n\n<p>Les nostres noies del Cadet Femen\u00ed van continuar sumant aquest cap de setmana en el seu partit contra el Pla d&#8217;en Boet. Un partit molt ben jugat per les nostres i que va sortir rod\u00f3 perqu\u00e8 van tornar a ser superiors en tots els aspectes. Gr\u00e0cies tamb\u00e9 a les cares noves que van apar\u00e8ixer i que van rendir de manera espectacular, cal seguir en aquesta l\u00ednia!!!<\/p>\n\n\n\n<figure class=\"wp-block-image size-large\"><img loading=\"lazy\" decoding=\"async\" width=\"1024\" height=\"768\" src=\"http:\/\/fegrama.cat\/web\/wp-content\/uploads\/2021\/10\/CADETE-AAA-fem-1024x768.jpeg\" alt=\"\" class=\"wp-image-29580\" srcset=\"http:\/\/fegrama.cat\/web\/wp-content\/uploads\/2021\/10\/CADETE-AAA-fem-1024x768.jpeg 1024w, http:\/\/fegrama.cat\/web\/wp-content\/uploads\/2021\/10\/CADETE-AAA-fem-300x225.jpeg 300w, http:\/\/fegrama.cat\/web\/wp-content\/uploads\/2021\/10\/CADETE-AAA-fem-768x576.jpeg 768w, http:\/\/fegrama.cat\/web\/wp-content\/uploads\/2021\/10\/CADETE-AAA-fem-1536x1152.jpeg 1536w, http:\/\/fegrama.cat\/web\/wp-content\/uploads\/2021\/10\/CADETE-AAA-fem.jpeg 1600w\" sizes=\"auto, (max-width: 1024px) 100vw, 1024px\" \/><\/figure>\n\n\n\n<p><\/p>\n\n\n\n<hr class=\"wp-block-separator\"\/>\n\n\n\n<p><\/p>\n\n\n\n<p><strong>Pla d\u2019en Boet 0 &#8211; Cadete Femenino 18&nbsp;<\/strong><\/p>\n\n\n\n<p>Nuestras chicas del Cadete Femenino siguieron sumando este fin de semana en su partido contra el Pla d\u2019en Boet. Un partido muy bien jugado por las nuestras y que sali\u00f3 redondo porque volvieron a ser superiores en todos los aspectos. Gracias tambi\u00e9n a las caras nuevas que aparecieron y que rindieron de manera espectacular, hay que seguir en esta l\u00ednea!!!<\/p>\n","protected":false},"excerpt":{"rendered":"<p>Pla d\u2019en Boet 0 &#8211; Cadet Femen\u00ed 18&nbsp; Les nostres noies del Cadet Femen\u00ed van continuar sumant aquest cap de setmana en el seu partit contra el Pla d&#8217;en Boet. Un partit molt ben jugat per les nostres i que va sortir rod\u00f3 perqu\u00e8 van tornar a ser superiors en tots els aspectes. Gr\u00e0cies tamb\u00e9 [&hellip;]<\/p>\n","protected":false},"author":1,"featured_media":0,"comment_status":"closed","ping_status":"closed","sticky":false,"template":"","format":"standard","meta":{"footnotes":""},"categories":[13],"tags":[],"class_list":["post-29579","post","type-post","status-publish","format-standard","hentry","category-femeni"],"_links":{"self":[{"href":"http:\/\/fegrama.cat\/web\/wp-json\/wp\/v2\/posts\/29579","targetHints":{"allow":["GET"]}}],"collection":[{"href":"http:\/\/fegrama.cat\/web\/wp-json\/wp\/v2\/posts"}],"about":[{"href":"http:\/\/fegrama.cat\/web\/wp-json\/wp\/v2\/types\/post"}],"author":[{"embeddable":true,"href":"http:\/\/fegrama.cat\/web\/wp-json\/wp\/v2\/users\/1"}],"replies":[{"embeddable":true,"href":"http:\/\/fegrama.cat\/web\/wp-json\/wp\/v2\/comments?post=29579"}],"version-history":[{"count":1,"href":"http:\/\/fegrama.cat\/web\/wp-json\/wp\/v2\/posts\/29579\/revisions"}],"predecessor-version":[{"id":29581,"href":"http:\/\/fegrama.cat\/web\/wp-json\/wp\/v2\/posts\/29579\/revisions\/29581"}],"wp:attachment":[{"href":"http:\/\/fegrama.cat\/web\/wp-json\/wp\/v2\/media?parent=29579"}],"wp:term":[{"taxonomy":"category","embeddable":true,"href":"http:\/\/fegrama.cat\/web\/wp-json\/wp\/v2\/categories?post=29579"},{"taxonomy":"post_tag","embeddable":true,"href":"http:\/\/fegrama.cat\/web\/wp-json\/wp\/v2\/tags?post=29579"}],"curies":[{"name":"wp","href":"https:\/\/api.w.org\/{rel}","templated":true}]}}