{"id":29572,"date":"2021-10-18T10:05:12","date_gmt":"2021-10-18T09:05:12","guid":{"rendered":"http:\/\/fegrama.cat\/web\/?p=29572"},"modified":"2021-10-18T10:05:13","modified_gmt":"2021-10-18T09:05:13","slug":"gran-partit-del-nostre-cadet-a-fora-de-casa","status":"publish","type":"post","link":"http:\/\/fegrama.cat\/web\/gran-partit-del-nostre-cadet-a-fora-de-casa\/","title":{"rendered":"Gran partit del nostre Cadet \u00abA\u00bb fora de casa."},"content":{"rendered":"\n<p><strong>C.F. Junior 1 &#8211; Cadete \u00abA\u00bb 2<\/strong><\/p>\n\n\n\n<p>Els nois del Cadet \u00abA\u00bb van jugar un partit molt dur contra un rival molt fort a casa contr\u00e0ria. Els de Brian Espinola, van saltar al camp ben posicionats contra un equip gran i fort que buscava tot el temps \u00abaeri\u00bb; el que va fer els va fer sofrir sobretot els primers vint minuts. Un gol de Joel per banda de jugada personal en un contraatac posava el 0 a 1 als blaus concloent la primera part. <\/p>\n\n\n\n<p>Despr\u00e9s del descans i arribada la segona part, la Grama feia \u00abmolt de mal\u00bb per bandes; per\u00f2 tres jugades clares no es van poder culminar per a sentenciar el partit\u2026 aix\u00ed que Mamadou amb ajuda dels seus companys ficava el segon gol en banda gr\u00e0cies a un gran \u00abcolpeig\u00bb de Joel. Mancant un minut, l&#8217;equip contrari era qui marcava aquesta vegada deixant el marcador a 1-2. <\/p>\n\n\n\n<p>Brian Espinola: Content, avui vull ressaltar el gran joc de Mamadou i Joel molt actius i a Guiu el porter que va parar un penal i est\u00e0 en gran moment de forma. Sab\u00edem que an\u00e0vem a sofrir, cada servei de banda era un c\u00f3rner per a ells i era un equip que per dalt ho rematava tot. Sofrim massa, no vam saber rematar el partit amb les ocasions clares, per\u00f2 aquesta vegada els tres punts es van venir amb nosaltres i es va saber sofrir fins al final.<\/p>\n\n\n\n<p><\/p>\n\n\n\n<figure class=\"wp-block-image size-large\"><img loading=\"lazy\" decoding=\"async\" width=\"1024\" height=\"768\" src=\"http:\/\/fegrama.cat\/web\/wp-content\/uploads\/2021\/10\/CADETE-A-1024x768.jpeg\" alt=\"\" class=\"wp-image-29573\" srcset=\"http:\/\/fegrama.cat\/web\/wp-content\/uploads\/2021\/10\/CADETE-A-1024x768.jpeg 1024w, http:\/\/fegrama.cat\/web\/wp-content\/uploads\/2021\/10\/CADETE-A-300x225.jpeg 300w, http:\/\/fegrama.cat\/web\/wp-content\/uploads\/2021\/10\/CADETE-A-768x576.jpeg 768w, http:\/\/fegrama.cat\/web\/wp-content\/uploads\/2021\/10\/CADETE-A-1536x1152.jpeg 1536w, http:\/\/fegrama.cat\/web\/wp-content\/uploads\/2021\/10\/CADETE-A.jpeg 2048w\" sizes=\"auto, (max-width: 1024px) 100vw, 1024px\" \/><\/figure>\n\n\n\n<p><\/p>\n\n\n\n<hr class=\"wp-block-separator\"\/>\n\n\n\n<p><\/p>\n\n\n\n<p><strong>C.F. Junior 1 &#8211; Cadete \u00abA\u00bb 2<\/strong><\/p>\n\n\n\n<p>Los chicos del Cadete \u201cA\u201d jugaron un duro partido contra un rival muy fuerte en su casa, por lo que los nuestros ten\u00edan que irse fuera. Los de Brian Espinola, saltaron al campo bien posicionados contra un equipo grande y fuerte que buscaba todo el tiempo \u201ca\u00e9reo\u201d, lo que hizo los hizo sufrir sobretodo los primeros veinte minutos. Un gol de Joel por banda de jugada personal en un contraataque pon\u00eda el 0 a 1 a los azules concluyendo la primera parte.&nbsp;<\/p>\n\n\n\n<p>Tras el descanso y llegada la segunda parte, la Grama hac\u00eda \u201cmucho da\u00f1o\u201d por bandas; pero tres jugadas claras no se pudieron culminar para sentenciar el partido\u2026 as\u00ed que Mamadou con ayuda de sus compa\u00f1eros met\u00eda el segundo gol en banda gracias a un gran golpeo de Joel. A falta de un minuto, el equipo contrario era quien marcaba esta vez dejando el marcador a 1-2.<\/p>\n\n\n\n<p>Brian Espinola: Contento, hoy quiero resaltar el gran juego de Mamadou y Joel muy activos y a Guiu el portero que par\u00f3 un penalti y est\u00e1 en gran momento de forma. Sab\u00edamos que \u00edbamos a sufrir, cada saque de banda era un c\u00f3rner para ellos y era un equipo que por arriba lo remataba todo. Sufrimos demasiado, no supimos rematar el partido con las ocasiones claras, pero esta vez los tres puntos se vinieron con nosotros y se supo sufrir hasta el final.<\/p>\n","protected":false},"excerpt":{"rendered":"<p>C.F. Junior 1 &#8211; Cadete \u00abA\u00bb 2 Els nois del Cadet \u00abA\u00bb van jugar un partit molt dur contra un rival molt fort a casa contr\u00e0ria. Els de Brian Espinola, van saltar al camp ben posicionats contra un equip gran i fort que buscava tot el temps \u00abaeri\u00bb; el que va fer els va fer [&hellip;]<\/p>\n","protected":false},"author":1,"featured_media":0,"comment_status":"closed","ping_status":"closed","sticky":false,"template":"","format":"standard","meta":{"footnotes":""},"categories":[7],"tags":[],"class_list":["post-29572","post","type-post","status-publish","format-standard","hentry","category-cadets"],"_links":{"self":[{"href":"http:\/\/fegrama.cat\/web\/wp-json\/wp\/v2\/posts\/29572","targetHints":{"allow":["GET"]}}],"collection":[{"href":"http:\/\/fegrama.cat\/web\/wp-json\/wp\/v2\/posts"}],"about":[{"href":"http:\/\/fegrama.cat\/web\/wp-json\/wp\/v2\/types\/post"}],"author":[{"embeddable":true,"href":"http:\/\/fegrama.cat\/web\/wp-json\/wp\/v2\/users\/1"}],"replies":[{"embeddable":true,"href":"http:\/\/fegrama.cat\/web\/wp-json\/wp\/v2\/comments?post=29572"}],"version-history":[{"count":1,"href":"http:\/\/fegrama.cat\/web\/wp-json\/wp\/v2\/posts\/29572\/revisions"}],"predecessor-version":[{"id":29574,"href":"http:\/\/fegrama.cat\/web\/wp-json\/wp\/v2\/posts\/29572\/revisions\/29574"}],"wp:attachment":[{"href":"http:\/\/fegrama.cat\/web\/wp-json\/wp\/v2\/media?parent=29572"}],"wp:term":[{"taxonomy":"category","embeddable":true,"href":"http:\/\/fegrama.cat\/web\/wp-json\/wp\/v2\/categories?post=29572"},{"taxonomy":"post_tag","embeddable":true,"href":"http:\/\/fegrama.cat\/web\/wp-json\/wp\/v2\/tags?post=29572"}],"curies":[{"name":"wp","href":"https:\/\/api.w.org\/{rel}","templated":true}]}}