{"id":29569,"date":"2021-10-18T10:51:41","date_gmt":"2021-10-18T09:51:41","guid":{"rendered":"http:\/\/fegrama.cat\/web\/?p=29569"},"modified":"2021-10-18T11:24:39","modified_gmt":"2021-10-18T10:24:39","slug":"tres-punts-mes-pel-juvenil-a-1-0","status":"publish","type":"post","link":"http:\/\/fegrama.cat\/web\/tres-punts-mes-pel-juvenil-a-1-0\/","title":{"rendered":"Tres punts m\u00e9s pel Juvenil A (1-0)"},"content":{"rendered":"\n<p>El Juvenil A es retroba amb la vict\u00f2ria despr\u00e9s d&#8217;imposar-se 1-0 a la UFB Jabac i Terrassa.<\/p>\n\n\n\n<p>Comen\u00e7ava el &#8216;match&#8217; amb un previ tempteig, on en els primers 20 minuts els de Terrassa, sense generar perill sobre la porteria defensada per Pau, s\u00ed que semblaven millor plantats. A partir d&#8217;aquest minut els colomencs comen\u00e7aven a desplegar-se i portar el pes de el partit. Bafode avisava amb una rematada despr\u00e9s d&#8217;una bona assist\u00e8ncia de Rub\u00e9n i despr\u00e9s seria el capit\u00e0 Hernando qui disparava una canonada que el porter enviava a c\u00f3rner.<\/p>\n\n\n\n<p>Sotjava la porteria blanc i negre el conjunt de Manu Pel\u00e1ez i seria al minut 43 quan una bona acci\u00f3 entre Darling i Bafode, aquest \u00faltim cedia una passada ras a Oliver qui des de la frontal col\u00b7locava la pilota ajustada al pal dret. Amb 1-0 els equips marxaven a vestidor.<\/p>\n\n\n\n<p>Sortien els blaus despr\u00e9s de la represa a la recerca del segon gol que don\u00e9s una certa tranquil\u00b7litat, i prop van estar d&#8217;aconseguir-ho. Primer Adri en una incorporaci\u00f3 el xut el refusa el porter a c\u00f3rner, despr\u00e9s Rub\u00e9n amb una volea i el debutant Iker Merino estavellant una pilota al travesser, assetjaven la porteria d&#8217;un Jabac que es defensava. El segon gol no arribava, i s&#8217;ave\u00efnava que els de Santa Coloma acabarien patint per treure els 3 punts, i aix\u00ed va ser.<\/p>\n\n\n\n<p>Els visitants mitjan\u00e7ant pilotes llargues, faltes i serveis de banda posaven en dificultats al conjunt colomenc. Tot i aix\u00ed els blaus tindrien una m\u00e9s, gran passada de Dani a D\u00eddac que despr\u00e9s d&#8217;una bona acci\u00f3 individual es plantava m\u00e0 a m\u00e0 amb el porter i el seu colpeig sortia fregant el travesser. Finalitzava el partit amb una Grama defensant amb ungles i dents un \u00faltim centre lateral.<\/p>\n\n\n\n<p>Vict\u00f2ria important per als de Can Peixauet que la setmana que ve descansaran.<\/p>\n\n\n\n<div class=\"wp-block-image\"><figure class=\"aligncenter size-large\"><img loading=\"lazy\" decoding=\"async\" width=\"1024\" height=\"831\" src=\"http:\/\/fegrama.cat\/web\/wp-content\/uploads\/2021\/10\/Screenshot_20211018-1141052-1024x831.png\" alt=\"\" class=\"wp-image-29582\" srcset=\"http:\/\/fegrama.cat\/web\/wp-content\/uploads\/2021\/10\/Screenshot_20211018-1141052-1024x831.png 1024w, http:\/\/fegrama.cat\/web\/wp-content\/uploads\/2021\/10\/Screenshot_20211018-1141052-300x243.png 300w, http:\/\/fegrama.cat\/web\/wp-content\/uploads\/2021\/10\/Screenshot_20211018-1141052-768x623.png 768w, http:\/\/fegrama.cat\/web\/wp-content\/uploads\/2021\/10\/Screenshot_20211018-1141052.png 1080w\" sizes=\"auto, (max-width: 1024px) 100vw, 1024px\" \/><figcaption>Foto: Carlos P\u00e9rez<\/figcaption><\/figure><\/div>\n\n\n\n<p>El Juvenil A se reencuentra con la victoria tras imponerse 1-0 a la UFB Jabac i Terrassa. <\/p>\n\n\n\n<p>Empezaba el encuentro con un previo tanteo, donde en los primeros 20 minutos los de Terrasa, sin generar peligro sobre la porter\u00eda defendida por Pablo, s\u00ed que parec\u00edan mejor plantados. A partir de dicho minuto los colomenses empezaban a desplegarse y llevar el peso del partido. Bafode avisaba con un remate tras una buena asistencia de Rub\u00e9n y despu\u00e9s ser\u00eda el capit\u00e1n Hernando quien disparaba un ca\u00f1\u00f3nazo que el portero enviaba a c\u00f3rner.<\/p>\n\n\n\n<p>Acechaba la porter\u00eda blanquinegra el conjunto de Manu Pel\u00e1ez y ser\u00eda en el minuto 43 cuando una buena acci\u00f3n entre Darling y Bafode, este \u00faltimo ced\u00eda un pase raso a Oliver quien desde la frontal colocaba el bal\u00f3n ajustado al palo derecho. Con 1-0 los equipos se marchaban al vestuario.<\/p>\n\n\n\n<p>Sal\u00edan los azules tras la reanudaci\u00f3n en busca del segundo gol que diera una cierta tranquilidad , y cerca estuvieron de conseguirlo. Primero Adri en una incorporaci\u00f3n cuyo chut lo despeja el portero a corner, despu\u00e9s Rub\u00e9n en una volea y el debutante Iker Merino estrellando un bal\u00f3n en el larguero acosaban la porter\u00eda de un Jabac que se defend\u00eda. El segundo gol no llegaba, y se avecinada que los de Santa Coloma acabar\u00edan sufriendo para sacar los 3 puntos, y as\u00ed fue.<\/p>\n\n\n\n<p>Los visitiantes mediante balones largos, faltas y saques de banda pon\u00edan en apuros al conjunto colomense. A\u00fan as\u00ed los azulonesn tendr\u00edan una m\u00e1s, gran pase de Dani a D\u00eddac que tras una buena acci\u00f3n individual se plantaba mano a mano con el portero y su golpeo sal\u00eda rozando el larguero. Finalizaba el partido con una Grama defendiendo con u\u00f1as y dientes un \u00faltimo centro lateral. <\/p>\n\n\n\n<p>Victoria importante para los de Can Peixauet que la semana que viene descansar\u00e1n.<\/p>\n","protected":false},"excerpt":{"rendered":"<p>El Juvenil A es retroba amb la vict\u00f2ria despr\u00e9s d&#8217;imposar-se 1-0 a la UFB Jabac i Terrassa. Comen\u00e7ava el &#8216;match&#8217; amb un previ tempteig, on en els primers 20 minuts els de Terrassa, sense generar perill sobre la porteria defensada per Pau, s\u00ed que semblaven millor plantats. A partir d&#8217;aquest minut els colomencs comen\u00e7aven a [&hellip;]<\/p>\n","protected":false},"author":1,"featured_media":29582,"comment_status":"closed","ping_status":"closed","sticky":false,"template":"","format":"standard","meta":{"footnotes":""},"categories":[4,6],"tags":[],"class_list":["post-29569","post","type-post","status-publish","format-standard","has-post-thumbnail","hentry","category-base-inclusiu","category-juvenils"],"_links":{"self":[{"href":"http:\/\/fegrama.cat\/web\/wp-json\/wp\/v2\/posts\/29569","targetHints":{"allow":["GET"]}}],"collection":[{"href":"http:\/\/fegrama.cat\/web\/wp-json\/wp\/v2\/posts"}],"about":[{"href":"http:\/\/fegrama.cat\/web\/wp-json\/wp\/v2\/types\/post"}],"author":[{"embeddable":true,"href":"http:\/\/fegrama.cat\/web\/wp-json\/wp\/v2\/users\/1"}],"replies":[{"embeddable":true,"href":"http:\/\/fegrama.cat\/web\/wp-json\/wp\/v2\/comments?post=29569"}],"version-history":[{"count":5,"href":"http:\/\/fegrama.cat\/web\/wp-json\/wp\/v2\/posts\/29569\/revisions"}],"predecessor-version":[{"id":29586,"href":"http:\/\/fegrama.cat\/web\/wp-json\/wp\/v2\/posts\/29569\/revisions\/29586"}],"wp:featuredmedia":[{"embeddable":true,"href":"http:\/\/fegrama.cat\/web\/wp-json\/wp\/v2\/media\/29582"}],"wp:attachment":[{"href":"http:\/\/fegrama.cat\/web\/wp-json\/wp\/v2\/media?parent=29569"}],"wp:term":[{"taxonomy":"category","embeddable":true,"href":"http:\/\/fegrama.cat\/web\/wp-json\/wp\/v2\/categories?post=29569"},{"taxonomy":"post_tag","embeddable":true,"href":"http:\/\/fegrama.cat\/web\/wp-json\/wp\/v2\/tags?post=29569"}],"curies":[{"name":"wp","href":"https:\/\/api.w.org\/{rel}","templated":true}]}}