{"id":29553,"date":"2021-10-12T10:56:41","date_gmt":"2021-10-12T09:56:41","guid":{"rendered":"http:\/\/fegrama.cat\/web\/?p=29553"},"modified":"2021-10-12T10:56:42","modified_gmt":"2021-10-12T09:56:42","slug":"el-juvenil-d-ho-dona-tot-en-el-seu-partit-contra-el-gornal-b","status":"publish","type":"post","link":"http:\/\/fegrama.cat\/web\/el-juvenil-d-ho-dona-tot-en-el-seu-partit-contra-el-gornal-b\/","title":{"rendered":"El Juvenil \u00abD\u00bb ho dona tot en el seu partit contra el Gornal \u00abB\u00bb."},"content":{"rendered":"\n<p><strong>Gornal \u00abB\u00bb 3 &#8211; Juvenil \u00abD\u00bb 2<\/strong><\/p>\n\n\n\n<p>El Juvenil \u00abD\u00bb va jugar el cap de setmana passat contra el Gornal \u00abB\u00bb. Un partit que a pesar que els nostres guerrers ho van donar tot, no va poder ser. Es va perdre 3 a 2 aquesta primera jornada perqu\u00e8 no van estar molt encertats els nostres respecte a les p\u00e8rdues de pilota i la pressi\u00f3 de l&#8217;equip contrari que va tenir diferents ocasions de c\u00f3rners, aproximacions&#8230; la defensa de la Grama estava molt s\u00f2lida, per\u00f2 per algun desajustament els contraris aconsegueixen ficar l&#8217;1 a 0 en la primera part abans d&#8217;anar al descans.<\/p>\n\n\n\n<p>En el descans es comenten les fallades i s&#8217;intenten llimar, per aix\u00f2 els nostres surten Per TOTES. Els contraris marquen un altre gol, per\u00f2\u00a0els nostres segueixen sense perdre l&#8217;esperan\u00e7a ni la positivitat, igual que l&#8217;entrenador que no parava d&#8217;animar-los. Aix\u00f2 va ser el que va fer que els blaus marquessin els dos gols.<\/p>\n\n\n\n<p>La Grama va jugar un partit molt correcte i sense faltes, la qual cosa ens fa estar orgullosos dels nostres jugadors pesi al resultat final.<\/p>\n\n\n\n<p><\/p>\n\n\n\n<p><\/p>\n\n\n\n<p><\/p>\n\n\n\n<p><\/p>\n\n\n\n<p><strong>Gornal \u201cB\u201d 3 &#8211; Juvenil \u201cD\u201d\u00a0 2<\/strong><\/p>\n\n\n\n<p>El Juvenil \u201cD\u201d jug\u00f3 el fin de semana pasado contra el Gornal \u201cB\u201d. Un partido que a pesar de que nuestros guerreros lo dieron todo, no pudo ser. Se perdi\u00f3 3 a 2 esta primera jornada porque no estuvieron muy acertados los nuestros respecto a las p\u00e9rdidas de bal\u00f3n y la presi\u00f3n del equipo contrario que tuvo diferentes ocasiones de c\u00f3rners, aproximaciones\u2026 la defensa de la Grama estaba muy s\u00f3lida, pero por alg\u00fan desajuste los contrarios consiguen meter el 1 a 0 en la primera parte antes de ir al descanso.<\/p>\n\n\n\n<p>En el descanso se comentan los fallos y se intentan limar, por eso los nuestros salen A POR TODAS. Los contrarios marcan otro gol pero los nuestros siguen sin perder la esperanza ni la positividad, igual que el entrenador que no paraba de animarlos. Esto fue lo que hizo que los azules marcasen los dos goles.<\/p>\n\n\n\n<p>La Grama jug\u00f3 un partido muy correcto y sin faltas, lo que nos hace estar orgullosos de nuestros jugadores pese al resultado final.<\/p>\n","protected":false},"excerpt":{"rendered":"<p>Gornal \u00abB\u00bb 3 &#8211; Juvenil \u00abD\u00bb 2 El Juvenil \u00abD\u00bb va jugar el cap de setmana passat contra el Gornal \u00abB\u00bb. Un partit que a pesar que els nostres guerrers ho van donar tot, no va poder ser. Es va perdre 3 a 2 aquesta primera jornada perqu\u00e8 no van estar molt encertats els nostres [&hellip;]<\/p>\n","protected":false},"author":1,"featured_media":0,"comment_status":"closed","ping_status":"closed","sticky":false,"template":"","format":"standard","meta":{"footnotes":""},"categories":[6],"tags":[],"class_list":["post-29553","post","type-post","status-publish","format-standard","hentry","category-juvenils"],"_links":{"self":[{"href":"http:\/\/fegrama.cat\/web\/wp-json\/wp\/v2\/posts\/29553","targetHints":{"allow":["GET"]}}],"collection":[{"href":"http:\/\/fegrama.cat\/web\/wp-json\/wp\/v2\/posts"}],"about":[{"href":"http:\/\/fegrama.cat\/web\/wp-json\/wp\/v2\/types\/post"}],"author":[{"embeddable":true,"href":"http:\/\/fegrama.cat\/web\/wp-json\/wp\/v2\/users\/1"}],"replies":[{"embeddable":true,"href":"http:\/\/fegrama.cat\/web\/wp-json\/wp\/v2\/comments?post=29553"}],"version-history":[{"count":1,"href":"http:\/\/fegrama.cat\/web\/wp-json\/wp\/v2\/posts\/29553\/revisions"}],"predecessor-version":[{"id":29554,"href":"http:\/\/fegrama.cat\/web\/wp-json\/wp\/v2\/posts\/29553\/revisions\/29554"}],"wp:attachment":[{"href":"http:\/\/fegrama.cat\/web\/wp-json\/wp\/v2\/media?parent=29553"}],"wp:term":[{"taxonomy":"category","embeddable":true,"href":"http:\/\/fegrama.cat\/web\/wp-json\/wp\/v2\/categories?post=29553"},{"taxonomy":"post_tag","embeddable":true,"href":"http:\/\/fegrama.cat\/web\/wp-json\/wp\/v2\/tags?post=29553"}],"curies":[{"name":"wp","href":"https:\/\/api.w.org\/{rel}","templated":true}]}}