{"id":29549,"date":"2021-10-12T10:36:52","date_gmt":"2021-10-12T09:36:52","guid":{"rendered":"http:\/\/fegrama.cat\/web\/?p=29549"},"modified":"2021-10-12T10:36:53","modified_gmt":"2021-10-12T09:36:53","slug":"golejada-del-benjami-d-davant-del-sant-gabriel","status":"publish","type":"post","link":"http:\/\/fegrama.cat\/web\/golejada-del-benjami-d-davant-del-sant-gabriel\/","title":{"rendered":"Golejada del Benjam\u00ed \u00abD\u00bb davant del Sant Gabriel."},"content":{"rendered":"\n<p><strong>Benjam\u00ed\u00a0\u00abD\u00bb 5 &#8211; Sant Gabriel 1<\/strong><\/p>\n\n\n\n<p>El Benjam\u00ed \u00abD\u00bb va jugar el seu primer partit de lliga el cap de setmana passat. Un partit que va deixar molt bones sensacions. Des del principi la Grama es va mostrar superior creant diferents ocasions, la qual cosa es va traduir en un primer gol dels blaus. L&#8217;equip visitant es dedicava a tallar ocasions amb faltes i en una distracci\u00f3 defensiva van ser els contraris els qui ens van marcar el gol, per\u00f2 la Grama que no va deixar de lluitar va arribar al descans amb un 4 a 1 en el marcador.<\/p>\n\n\n\n<p>En el segon temps va ser tot control i es va poder ampliar el marcador amb el definitiu 5-1.<\/p>\n\n\n\n<p>Toca continuar treballant en aquesta l\u00ednia per a aconseguir els objectius<\/p>\n\n\n\n<p><\/p>\n\n\n\n<hr class=\"wp-block-separator\"\/>\n\n\n\n<p><\/p>\n\n\n\n<p><strong>Benjamin \u201cD\u201d 5 &#8211; Sant Gabriel 1<\/strong><\/p>\n\n\n\n<p>El Benjam\u00edn \u201cD\u201d jug\u00f3 su primer partido de liga el fin de semana pasado. Un partido que dej\u00f3 muy buenas sensaciones. Desde el principio la Grama se mostr\u00f3 superior creando diferentes ocasiones, lo que se tradujo en un primer gol de los azules. El equipo visitante se dedicaba a cortar ocasiones con faltas y en un despiste defensivo fueron los contrarios quienes nos marcaron el gol, pero la Grama que no dej\u00f3 de luchar lleg\u00f3 al descanso con un 4 a 1 en el marcador.<\/p>\n\n\n\n<p>En el segundo tiempo fue todo control y se pudo ampliar el marcador con el definitivo 5-1.<\/p>\n\n\n\n<p>Toca seguir trabajando en esta l\u00ednea para conseguir los objetivos.<\/p>\n","protected":false},"excerpt":{"rendered":"<p>Benjam\u00ed\u00a0\u00abD\u00bb 5 &#8211; Sant Gabriel 1 El Benjam\u00ed \u00abD\u00bb va jugar el seu primer partit de lliga el cap de setmana passat. Un partit que va deixar molt bones sensacions. Des del principi la Grama es va mostrar superior creant diferents ocasions, la qual cosa es va traduir en un primer gol dels blaus. L&#8217;equip [&hellip;]<\/p>\n","protected":false},"author":1,"featured_media":0,"comment_status":"closed","ping_status":"closed","sticky":false,"template":"","format":"standard","meta":{"footnotes":""},"categories":[11],"tags":[],"class_list":["post-29549","post","type-post","status-publish","format-standard","hentry","category-benjamins"],"_links":{"self":[{"href":"http:\/\/fegrama.cat\/web\/wp-json\/wp\/v2\/posts\/29549","targetHints":{"allow":["GET"]}}],"collection":[{"href":"http:\/\/fegrama.cat\/web\/wp-json\/wp\/v2\/posts"}],"about":[{"href":"http:\/\/fegrama.cat\/web\/wp-json\/wp\/v2\/types\/post"}],"author":[{"embeddable":true,"href":"http:\/\/fegrama.cat\/web\/wp-json\/wp\/v2\/users\/1"}],"replies":[{"embeddable":true,"href":"http:\/\/fegrama.cat\/web\/wp-json\/wp\/v2\/comments?post=29549"}],"version-history":[{"count":1,"href":"http:\/\/fegrama.cat\/web\/wp-json\/wp\/v2\/posts\/29549\/revisions"}],"predecessor-version":[{"id":29550,"href":"http:\/\/fegrama.cat\/web\/wp-json\/wp\/v2\/posts\/29549\/revisions\/29550"}],"wp:attachment":[{"href":"http:\/\/fegrama.cat\/web\/wp-json\/wp\/v2\/media?parent=29549"}],"wp:term":[{"taxonomy":"category","embeddable":true,"href":"http:\/\/fegrama.cat\/web\/wp-json\/wp\/v2\/categories?post=29549"},{"taxonomy":"post_tag","embeddable":true,"href":"http:\/\/fegrama.cat\/web\/wp-json\/wp\/v2\/tags?post=29549"}],"curies":[{"name":"wp","href":"https:\/\/api.w.org\/{rel}","templated":true}]}}