{"id":29527,"date":"2021-10-11T12:58:12","date_gmt":"2021-10-11T11:58:12","guid":{"rendered":"http:\/\/fegrama.cat\/web\/?p=29527"},"modified":"2021-10-11T13:04:26","modified_gmt":"2021-10-11T12:04:26","slug":"derrota-de-linfantil-a-davant-de-la-dificil-damm","status":"publish","type":"post","link":"http:\/\/fegrama.cat\/web\/derrota-de-linfantil-a-davant-de-la-dificil-damm\/","title":{"rendered":"Derrota de l&#8217;Infantil \u00abA\u00bb davant de la dif\u00edcil Damm."},"content":{"rendered":"\n<p>Infantil \u201cA\u201d 1 &#8211; Damm 5<\/p>\n\n\n\n<p>Els nostres petits, o ja no tan petits, van jugar els seus primers 15 minuts de partit contra un rival molt actiu en la pressi\u00f3 alta que deixa pr\u00e0cticament sentenciat el partit. Els de l&#8217;Infantil \u00abA\u00bb malgrat donar-ho tot no van poder seguir el ritme i van acabar perdent encara tenint diverses oportunitats. Remarcar que el gol de l&#8217;equip va ser\u00a0d&#8217;Adri.<\/p>\n\n\n\n<p><\/p>\n\n\n\n<figure class=\"wp-block-image size-large\"><img loading=\"lazy\" decoding=\"async\" width=\"1024\" height=\"660\" src=\"http:\/\/fegrama.cat\/web\/wp-content\/uploads\/2021\/10\/WhatsApp-Image-2021-10-11-at-13.59.28.jpeg\" alt=\"\" class=\"wp-image-29531\" srcset=\"http:\/\/fegrama.cat\/web\/wp-content\/uploads\/2021\/10\/WhatsApp-Image-2021-10-11-at-13.59.28.jpeg 1024w, http:\/\/fegrama.cat\/web\/wp-content\/uploads\/2021\/10\/WhatsApp-Image-2021-10-11-at-13.59.28-300x193.jpeg 300w, http:\/\/fegrama.cat\/web\/wp-content\/uploads\/2021\/10\/WhatsApp-Image-2021-10-11-at-13.59.28-768x495.jpeg 768w\" sizes=\"auto, (max-width: 1024px) 100vw, 1024px\" \/><figcaption>Gol Cat (Pedro Gonz\u00e1lez)<\/figcaption><\/figure>\n\n\n\n<p><\/p>\n\n\n\n<hr class=\"wp-block-separator\"\/>\n\n\n\n<p><\/p>\n\n\n\n<p>Infantil \u201cA\u201d 1 &#8211; Damm 5<\/p>\n\n\n\n<p>Nuestros peque\u00f1os, o ya no tan peque\u00f1os, jugaron sus primeros 15 minutos de partido contra un rival muy activo en la presi\u00f3n alta que deja pr\u00e1cticamente sentenciado el partido. Los del Infantil \u201cA\u201d a pesar de darlo todo no pudieron seguir el ritmo y acabaron perdiendo a\u00fan teniendo diversas oportunidades. Remarcar que el gol del equipo fue de Adri.<\/p>\n","protected":false},"excerpt":{"rendered":"<p>Infantil \u201cA\u201d 1 &#8211; Damm 5 Els nostres petits, o ja no tan petits, van jugar els seus primers 15 minuts de partit contra un rival molt actiu en la pressi\u00f3 alta que deixa pr\u00e0cticament sentenciat el partit. Els de l&#8217;Infantil \u00abA\u00bb malgrat donar-ho tot no van poder seguir el ritme i van acabar perdent [&hellip;]<\/p>\n","protected":false},"author":1,"featured_media":0,"comment_status":"closed","ping_status":"closed","sticky":false,"template":"","format":"standard","meta":{"footnotes":""},"categories":[9],"tags":[],"class_list":["post-29527","post","type-post","status-publish","format-standard","hentry","category-infantils"],"_links":{"self":[{"href":"http:\/\/fegrama.cat\/web\/wp-json\/wp\/v2\/posts\/29527","targetHints":{"allow":["GET"]}}],"collection":[{"href":"http:\/\/fegrama.cat\/web\/wp-json\/wp\/v2\/posts"}],"about":[{"href":"http:\/\/fegrama.cat\/web\/wp-json\/wp\/v2\/types\/post"}],"author":[{"embeddable":true,"href":"http:\/\/fegrama.cat\/web\/wp-json\/wp\/v2\/users\/1"}],"replies":[{"embeddable":true,"href":"http:\/\/fegrama.cat\/web\/wp-json\/wp\/v2\/comments?post=29527"}],"version-history":[{"count":2,"href":"http:\/\/fegrama.cat\/web\/wp-json\/wp\/v2\/posts\/29527\/revisions"}],"predecessor-version":[{"id":29532,"href":"http:\/\/fegrama.cat\/web\/wp-json\/wp\/v2\/posts\/29527\/revisions\/29532"}],"wp:attachment":[{"href":"http:\/\/fegrama.cat\/web\/wp-json\/wp\/v2\/media?parent=29527"}],"wp:term":[{"taxonomy":"category","embeddable":true,"href":"http:\/\/fegrama.cat\/web\/wp-json\/wp\/v2\/categories?post=29527"},{"taxonomy":"post_tag","embeddable":true,"href":"http:\/\/fegrama.cat\/web\/wp-json\/wp\/v2\/tags?post=29527"}],"curies":[{"name":"wp","href":"https:\/\/api.w.org\/{rel}","templated":true}]}}