{"id":29504,"date":"2021-10-10T16:06:27","date_gmt":"2021-10-10T15:06:27","guid":{"rendered":"http:\/\/fegrama.cat\/web\/?p=29504"},"modified":"2021-10-10T16:24:59","modified_gmt":"2021-10-10T15:24:59","slug":"contundents-i-segurs-a-casa-2-0","status":"publish","type":"post","link":"http:\/\/fegrama.cat\/web\/contundents-i-segurs-a-casa-2-0\/","title":{"rendered":"Contundents i segurs a casa (2-0)"},"content":{"rendered":"\n<p>Tres punts m\u00e9s a casa i ja van 9 de 9 possibles. La Fundaci\u00f3 Esportiva Grama no va fallar en el seu partit a Santa Coloma i va guanyar 2-0 a la UE Sants. Una vict\u00f2ria per seguir a prop dels llocs de play-off d&#8217;ascens.<\/p>\n\n\n\n<div class=\"wp-block-image\"><figure class=\"aligncenter size-large\"><img loading=\"lazy\" decoding=\"async\" width=\"1024\" height=\"538\" src=\"http:\/\/fegrama.cat\/web\/wp-content\/uploads\/2021\/10\/WhatsApp-Image-2021-10-10-at-15.36.57-1024x538.jpeg\" alt=\"\" class=\"wp-image-29514\" srcset=\"http:\/\/fegrama.cat\/web\/wp-content\/uploads\/2021\/10\/WhatsApp-Image-2021-10-10-at-15.36.57-1024x538.jpeg 1024w, http:\/\/fegrama.cat\/web\/wp-content\/uploads\/2021\/10\/WhatsApp-Image-2021-10-10-at-15.36.57-300x158.jpeg 300w, http:\/\/fegrama.cat\/web\/wp-content\/uploads\/2021\/10\/WhatsApp-Image-2021-10-10-at-15.36.57-768x404.jpeg 768w, http:\/\/fegrama.cat\/web\/wp-content\/uploads\/2021\/10\/WhatsApp-Image-2021-10-10-at-15.36.57-1536x808.jpeg 1536w, http:\/\/fegrama.cat\/web\/wp-content\/uploads\/2021\/10\/WhatsApp-Image-2021-10-10-at-15.36.57.jpeg 2016w\" sizes=\"auto, (max-width: 1024px) 100vw, 1024px\" \/><figcaption>Avui hem rebut la visita de Joan Soteras, President de la FCF i Vicepresident de la RFEF. A la foto al costat de Montserrat Dot (Presidenta UE Sants) i al nostre President, Antonio Morales.<\/figcaption><\/figure><\/div>\n\n\n\n<p>Van comen\u00e7ar b\u00e9 els franjiverds que amb diverses carreres van intentar arribar sense perill per a una defensa molt ben col\u00b7locada, amb Adrien, Akrong i Alan molt segurs. Amb el pas dels minuts els colomencs es van anar fent els dominadors, sense deixar trepitjar \u00e0rea al rival.<\/p>\n\n\n\n<p>El retorn de Fran Hern\u00e1ndez va fer que la Grama tingu\u00e9s molt de control de la pilota, comen\u00e7ant pr\u00e0cticament totes les jugades el 10. En les seves botes va poder estar el primer per\u00f2 despr\u00e9s d&#8217;una meravellosa jugada personal el porter li treia el gol, i en el rebuig Akrong de cap va estar prop (10&#8242;). Poc despr\u00e9s la va tenir Pantoja en un m\u00e0 a m\u00e0.<\/p>\n\n\n\n<p>Novament no van parar de pujar i baixar les bandes Rubi i Cabezola, a m\u00e9s de Fran el centre del camp va funcionar a la perfecci\u00f3 amb Peris i un Escarrabill molt treballador en tasques defensives. Molins va ser un altre dels protagonistes, golejador i gran partit. En una internada a l&#8217;\u00e0rea Cabezola enviaria la pilota dalt (20&#8242;).<\/p>\n\n\n\n<p>La Grama dominava davant un Sants a qu\u00e8 li costava i buscava m\u00e9s la velocitat. El primer xut del Sants va arribar a deu de la mitja part amb una xilena que es va anar per sobre de la porteria i just despr\u00e9s Peris de volea provava al porter rival. Al 38 de partit va arribar la millor ocasi\u00f3 del primer temps despr\u00e9s d&#8217;un penal per mans. Fabio enviaria la pena m\u00e0xima als n\u00favols i Guiseris ho celebrava amb &#8216;garra&#8217;. A la mitja part el 0-0 no es mouria.<\/p>\n\n\n\n<div class=\"wp-block-image\"><figure class=\"aligncenter size-large\"><img loading=\"lazy\" decoding=\"async\" width=\"1024\" height=\"684\" src=\"http:\/\/fegrama.cat\/web\/wp-content\/uploads\/2021\/10\/IMG_1529-2-1024x684.jpg\" alt=\"\" class=\"wp-image-29512\" srcset=\"http:\/\/fegrama.cat\/web\/wp-content\/uploads\/2021\/10\/IMG_1529-2-1024x684.jpg 1024w, http:\/\/fegrama.cat\/web\/wp-content\/uploads\/2021\/10\/IMG_1529-2-300x200.jpg 300w, http:\/\/fegrama.cat\/web\/wp-content\/uploads\/2021\/10\/IMG_1529-2-768x513.jpg 768w, http:\/\/fegrama.cat\/web\/wp-content\/uploads\/2021\/10\/IMG_1529-2-1536x1025.jpg 1536w, http:\/\/fegrama.cat\/web\/wp-content\/uploads\/2021\/10\/IMG_1529-2-2048x1367.jpg 2048w\" sizes=\"auto, (max-width: 1024px) 100vw, 1024px\" \/><\/figure><\/div>\n\n\n\n<p>Despr\u00e9s del pas per vestidors Juanma Pons donava entrada a Montalb\u00e1n i Recort per Pantoja i Cabezola. Va avisar en el primer minut la Grama amb un xut de Escarrabill que parava el porter i al 48 va arribar el gol. Fran va centrar a l&#8217;\u00e0rea, la pilota va tocar lleugerament en un defensa i en la l\u00ednia de gol Molins rematava de cap (1-0).<\/p>\n\n\n\n<p>Despr\u00e9s del gol el partit es va obrir, va ser m\u00e9s igualat amb els dos equips buscant el gol per\u00f2 la Grama responent amb contund\u00e8ncia en defensa sense concender massa. Molins al 57&#8242; tornaria a provar des de la frontal per\u00f2 aquesta vegada sense sort. Al minut 70 la va tenir el Sants a la que va ser ocasi\u00f3 m\u00e9s perillosa en el segon temps, despr\u00e9s d&#8217;un desgavell defensiu i amb tot en contra la Grama es va refer i va aconseguir evitar l&#8217;empat.<\/p>\n\n\n\n<p>El resultat no es movia, Montalb\u00e1n despr\u00e9s d&#8217;un centre de Fran la va tenir al 76 i conforme avan\u00e7aven els minuts el Sants va intentar penjar pilotes a la recerca de l&#8217;empat. Finalment al 94 la Grama va robar una pilota en defensa i va muntar un contraatac letal. Montalb\u00e1n va rebre i va enviar una pilota en llarg per a la carrera d&#8217;\u00c0ngel que es va plantar davant el porter i va definir ras (2-0).<\/p>\n\n\n\n<p>2-0 final i tres punts m\u00e9s. La Grama segueix sumant a casa i buscar\u00e0 diumenge que ve a Vilassar estrenar-se com a visitant.<\/p>\n\n\n\n<div class=\"wp-block-image\"><figure class=\"aligncenter size-large\"><img loading=\"lazy\" decoding=\"async\" width=\"1024\" height=\"684\" src=\"http:\/\/fegrama.cat\/web\/wp-content\/uploads\/2021\/10\/MG_1589-2-1024x684.jpg\" alt=\"\" class=\"wp-image-29513\" srcset=\"http:\/\/fegrama.cat\/web\/wp-content\/uploads\/2021\/10\/MG_1589-2-1024x684.jpg 1024w, http:\/\/fegrama.cat\/web\/wp-content\/uploads\/2021\/10\/MG_1589-2-300x200.jpg 300w, http:\/\/fegrama.cat\/web\/wp-content\/uploads\/2021\/10\/MG_1589-2-768x513.jpg 768w, http:\/\/fegrama.cat\/web\/wp-content\/uploads\/2021\/10\/MG_1589-2-1536x1025.jpg 1536w, http:\/\/fegrama.cat\/web\/wp-content\/uploads\/2021\/10\/MG_1589-2-2048x1367.jpg 2048w\" sizes=\"auto, (max-width: 1024px) 100vw, 1024px\" \/><\/figure><\/div>\n\n\n\n<p>Tres puntos m\u00e1s en casa y ya van 9 de 9 posibles. La Fundaci\u00f3 Esportiva Grama no fall\u00f3 en su partido en Santa Coloma y gan\u00f3 2-0 a la UE Sants. Una victoria para seguir cerca de los puestos de play-off de ascenso.<\/p>\n\n\n\n<p>Comenzaron bien los franjiverdes que con varias carreras intentaron llegar sin peligro para una defensa muy bien colocada, con Adrien, Akrong y Alan muy seguros. Con el paso de los minutos los colomenses se fueron haciendo los dominadores, sin dejar pisar \u00e1rea al rival.<\/p>\n\n\n\n<p>El regreso de Fran Hern\u00e1ndez hizo que la Grama tuviera mucho control de la pelota, empezando pr\u00e1cticamente todas las jugadas el 10. En sus botas pudo estar el primero pero tras una maravillosa jugada personal el portero le quitaba el gol, y en el rechace Akrong de cabeza estuvo cerca (10&#8242;). Poco despu\u00e9s la tuvo Pantoja en un mano a mano.<\/p>\n\n\n\n<p>Nuevamente no pararon de subir y bajar las bandas Rub\u00ed y Cabezola, adem\u00e1s de Fran el centro del campo funcion\u00f3 a la perfecci\u00f3n con Peris y un Escarrabill muy trabajador en tareas defensivas. Molins fue otro de los protagonistas, goleador y gran partido. En una internada al \u00e1rea Cabezola enviar\u00eda la pelota arriba (20&#8242;).<\/p>\n\n\n\n<div class=\"wp-block-image\"><figure class=\"aligncenter size-large\"><img loading=\"lazy\" decoding=\"async\" width=\"1024\" height=\"538\" src=\"http:\/\/fegrama.cat\/web\/wp-content\/uploads\/2021\/10\/WhatsApp-Image-2021-10-10-at-15.36.57-1024x538.jpeg\" alt=\"\" class=\"wp-image-29514\" srcset=\"http:\/\/fegrama.cat\/web\/wp-content\/uploads\/2021\/10\/WhatsApp-Image-2021-10-10-at-15.36.57-1024x538.jpeg 1024w, http:\/\/fegrama.cat\/web\/wp-content\/uploads\/2021\/10\/WhatsApp-Image-2021-10-10-at-15.36.57-300x158.jpeg 300w, http:\/\/fegrama.cat\/web\/wp-content\/uploads\/2021\/10\/WhatsApp-Image-2021-10-10-at-15.36.57-768x404.jpeg 768w, http:\/\/fegrama.cat\/web\/wp-content\/uploads\/2021\/10\/WhatsApp-Image-2021-10-10-at-15.36.57-1536x808.jpeg 1536w, http:\/\/fegrama.cat\/web\/wp-content\/uploads\/2021\/10\/WhatsApp-Image-2021-10-10-at-15.36.57.jpeg 2016w\" sizes=\"auto, (max-width: 1024px) 100vw, 1024px\" \/><figcaption>Hoy hemos recibido la visita de Joan Soteras, Presidente de la FCF y Vicepresidente de la RFEF. En la foto junto a Montserrat Dot (Presidenta UE Sants) y a nuestro Presidente, Antonio Morales.<\/figcaption><\/figure><\/div>\n\n\n\n<p>La Grama dominaba ante un Sants al que le costaba y buscaba m\u00e1s la velocidad. El primer disparo del Sants lleg\u00f3 a diez del descanso con una chilena que se fue por encima de la porter\u00eda y justo despu\u00e9s Peris de volea probaba al portero rival. En el 38 de partido lleg\u00f3 la mejor ocasi\u00f3n del primer tiempo tras un penalti por manos. Fabio enviar\u00eda la pena m\u00e1xima a las nubes y Guiseris lo celebraba con garra. Al descanso el 0-0 no se mover\u00eda.<\/p>\n\n\n\n<p>Tras el paso por vestuarios Juanma Pons daba entrada a Montalb\u00e1n y Recort por Pantoja y Cabezola. Avis\u00f3 en el primer minuto la Grama con un chute de Escarrabill que paraba el portero y en el 48 lleg\u00f3 el gol. Fran centr\u00f3 al \u00e1rea, el bal\u00f3n toc\u00f3 ligeramente en un defensa y en la l\u00ednea de gol Molins remataba de cabeza (1-0).<\/p>\n\n\n\n<p>Tras el gol el partido se abri\u00f3, fue m\u00e1s igualado con los dos equipos buscando el gol pero la Grama respondiendo con contundencia en defensa sin concender demasiado. Molins en el 57&#8242; volver\u00eda a probar desde la frontal pero esta vez sin suerte. En el minuto 70 la tuvo el Sants en la que fue su ocasi\u00f3n m\u00e1s peligrosa en el segundo tiempo, tras un desbarajuste defensivo y con todo en contra la Grama se reh\u00edzo y consigui\u00f3 evitar el empate.<\/p>\n\n\n\n<p>El resultado no se mov\u00eda, Montalb\u00e1n tras centro de Fran la tuvo en el 76 y conforme avanzaban los minutos el Sants intent\u00f3 colgar balones en busca del empate. Finalmente en el 94 la Grama rob\u00f3 un bal\u00f3n en defensa y mont\u00f3 un contraataque letal. Montalb\u00e1n recibi\u00f3 y envi\u00f3 un bal\u00f3n en largo para la carrera de \u00c1ngel que se plant\u00f3 ante el portero y defini\u00f3 raso (2-0).<\/p>\n\n\n\n<p>2-0 final y tres puntos m\u00e1s. La Grama sigue sumando en casa y buscar\u00e1 el pr\u00f3ximo domingo en Vilassar estrenarse como visitante.<\/p>\n","protected":false},"excerpt":{"rendered":"<p>Tres punts m\u00e9s a casa i ja van 9 de 9 possibles. La Fundaci\u00f3 Esportiva Grama no va fallar en el seu partit a Santa Coloma i va guanyar 2-0 a la UE Sants. Una vict\u00f2ria per seguir a prop dels llocs de play-off d&#8217;ascens. Van comen\u00e7ar b\u00e9 els franjiverds que amb diverses carreres van [&hellip;]<\/p>\n","protected":false},"author":1,"featured_media":29513,"comment_status":"closed","ping_status":"closed","sticky":false,"template":"","format":"standard","meta":{"footnotes":""},"categories":[5],"tags":[],"class_list":["post-29504","post","type-post","status-publish","format-standard","has-post-thumbnail","hentry","category-primer-equip"],"_links":{"self":[{"href":"http:\/\/fegrama.cat\/web\/wp-json\/wp\/v2\/posts\/29504","targetHints":{"allow":["GET"]}}],"collection":[{"href":"http:\/\/fegrama.cat\/web\/wp-json\/wp\/v2\/posts"}],"about":[{"href":"http:\/\/fegrama.cat\/web\/wp-json\/wp\/v2\/types\/post"}],"author":[{"embeddable":true,"href":"http:\/\/fegrama.cat\/web\/wp-json\/wp\/v2\/users\/1"}],"replies":[{"embeddable":true,"href":"http:\/\/fegrama.cat\/web\/wp-json\/wp\/v2\/comments?post=29504"}],"version-history":[{"count":9,"href":"http:\/\/fegrama.cat\/web\/wp-json\/wp\/v2\/posts\/29504\/revisions"}],"predecessor-version":[{"id":29516,"href":"http:\/\/fegrama.cat\/web\/wp-json\/wp\/v2\/posts\/29504\/revisions\/29516"}],"wp:featuredmedia":[{"embeddable":true,"href":"http:\/\/fegrama.cat\/web\/wp-json\/wp\/v2\/media\/29513"}],"wp:attachment":[{"href":"http:\/\/fegrama.cat\/web\/wp-json\/wp\/v2\/media?parent=29504"}],"wp:term":[{"taxonomy":"category","embeddable":true,"href":"http:\/\/fegrama.cat\/web\/wp-json\/wp\/v2\/categories?post=29504"},{"taxonomy":"post_tag","embeddable":true,"href":"http:\/\/fegrama.cat\/web\/wp-json\/wp\/v2\/tags?post=29504"}],"curies":[{"name":"wp","href":"https:\/\/api.w.org\/{rel}","templated":true}]}}