{"id":29498,"date":"2021-10-11T10:11:47","date_gmt":"2021-10-11T09:11:47","guid":{"rendered":"http:\/\/fegrama.cat\/web\/?p=29498"},"modified":"2021-10-11T10:11:48","modified_gmt":"2021-10-11T09:11:48","slug":"el-cadet-a-empata-a-casa-contra-el-cp-sarria","status":"publish","type":"post","link":"http:\/\/fegrama.cat\/web\/el-cadet-a-empata-a-casa-contra-el-cp-sarria\/","title":{"rendered":"El Cadet A empata a casa contra el CP Sarri\u00e0"},"content":{"rendered":"\n<p><strong>Cadet \u00abA\u00bb 1 &#8211; Sarri\u00e0 1<\/strong><\/p>\n\n\n\n<p>Els nostres nois del Cadet \u00abA\u00bb van sortir ben posats sobre el camp. La primera part es va jugar a la perfecci\u00f3 on els contraris nom\u00e9s volien perdre temps i no jugar seri\u00f3s a res. La Grama dominava el partit, moltes ocasions per als blaus, per\u00f2 no van acabar de rematar.<\/p>\n\n\n\n<p>Arribada la segona part, els nostres van sortir amb defensa de tres. Un gol\u00e0s des de fora de l&#8217;\u00e0rea de Mamadou, era el que posava l&#8217;1 a 0 en el marcador. Les ocasions per als nostres seguien i en el minut 70 despr\u00e9s d&#8217;uns rebots de Sarri\u00e0, van ser aquests els qui van fer l&#8217;empat.<\/p>\n\n\n\n<p>La Grama nerviosa va intentar posar aquest 2 a 1, per\u00f2 no va ser possible.<\/p>\n\n\n\n<p>L&#8217;entrenador diu: Crec que en aquest partit, la primera part va ser una de les millors en joc, per\u00f2 quan falles tantes ocasions clares al final acabes pagant-ho car. Avui s&#8217;escapen tres punts vist el partit. Hem de seguir, afinar la punteria i continuar remant tots junts.<\/p>\n\n\n\n<div class=\"wp-block-group\"><div class=\"wp-block-group__inner-container is-layout-flow wp-block-group-is-layout-flow\">\n<figure class=\"wp-block-image size-large\"><img loading=\"lazy\" decoding=\"async\" width=\"1024\" height=\"767\" src=\"http:\/\/fegrama.cat\/web\/wp-content\/uploads\/2021\/09\/IMG-20210926-WA0039-1024x767.jpg\" alt=\"\" class=\"wp-image-29449\" srcset=\"http:\/\/fegrama.cat\/web\/wp-content\/uploads\/2021\/09\/IMG-20210926-WA0039-1024x767.jpg 1024w, http:\/\/fegrama.cat\/web\/wp-content\/uploads\/2021\/09\/IMG-20210926-WA0039-300x225.jpg 300w, http:\/\/fegrama.cat\/web\/wp-content\/uploads\/2021\/09\/IMG-20210926-WA0039-768x576.jpg 768w, http:\/\/fegrama.cat\/web\/wp-content\/uploads\/2021\/09\/IMG-20210926-WA0039-1536x1151.jpg 1536w, http:\/\/fegrama.cat\/web\/wp-content\/uploads\/2021\/09\/IMG-20210926-WA0039.jpg 1600w\" sizes=\"auto, (max-width: 1024px) 100vw, 1024px\" \/><\/figure>\n<\/div><\/div>\n\n\n\n<p><strong>Cadete \u00abA\u00bb 1 &#8211; Sarria 1<\/strong><\/p>\n\n\n\n<p>Nuestros chicos del Cadete \u201cA\u201d salieron bien puestos sobre el campo. La primera parte se jug\u00f3 a la perfecci\u00f3n donde los contrarios solo quer\u00edan perder tiempo y no jugar serio a nada. La Grama dominaba el partido, muchas ocasiones para los azules pero no acabaron de rematar.<\/p>\n\n\n\n<p>Llegada la segunda parte, los nuestros salieron con defensa de tres. Un golazo desde fuera del \u00e1rea de Mamadou, era el que pon\u00eda el 1 a 0 en el marcador. Las ocasiones para los nuestros segu\u00edan y en el minuto 70 tras unos rebotes de Sarria, fueron estos quienes hicieron el empate.<\/p>\n\n\n\n<p>La Grama nerviosa intent\u00f3 poner ese 2 a 1, pero no fue posible.<\/p>\n\n\n\n<p>El entrenador dice: Creo que en este partido, la primera parte fue una de las mejores en juego, pero cuando fallas tantas ocasiones claras al final acabas pag\u00e1ndolo caro. Hoy se escapan tres puntos visto el partido. Tenemos que seguir, afinar la punter\u00eda y seguir remando todos juntos.<\/p>\n","protected":false},"excerpt":{"rendered":"<p>Cadet \u00abA\u00bb 1 &#8211; Sarri\u00e0 1 Els nostres nois del Cadet \u00abA\u00bb van sortir ben posats sobre el camp. La primera part es va jugar a la perfecci\u00f3 on els contraris nom\u00e9s volien perdre temps i no jugar seri\u00f3s a res. La Grama dominava el partit, moltes ocasions per als blaus, per\u00f2 no van acabar [&hellip;]<\/p>\n","protected":false},"author":1,"featured_media":29449,"comment_status":"closed","ping_status":"closed","sticky":false,"template":"","format":"standard","meta":{"footnotes":""},"categories":[4,7],"tags":[],"class_list":["post-29498","post","type-post","status-publish","format-standard","has-post-thumbnail","hentry","category-base-inclusiu","category-cadets"],"_links":{"self":[{"href":"http:\/\/fegrama.cat\/web\/wp-json\/wp\/v2\/posts\/29498","targetHints":{"allow":["GET"]}}],"collection":[{"href":"http:\/\/fegrama.cat\/web\/wp-json\/wp\/v2\/posts"}],"about":[{"href":"http:\/\/fegrama.cat\/web\/wp-json\/wp\/v2\/types\/post"}],"author":[{"embeddable":true,"href":"http:\/\/fegrama.cat\/web\/wp-json\/wp\/v2\/users\/1"}],"replies":[{"embeddable":true,"href":"http:\/\/fegrama.cat\/web\/wp-json\/wp\/v2\/comments?post=29498"}],"version-history":[{"count":2,"href":"http:\/\/fegrama.cat\/web\/wp-json\/wp\/v2\/posts\/29498\/revisions"}],"predecessor-version":[{"id":29525,"href":"http:\/\/fegrama.cat\/web\/wp-json\/wp\/v2\/posts\/29498\/revisions\/29525"}],"wp:featuredmedia":[{"embeddable":true,"href":"http:\/\/fegrama.cat\/web\/wp-json\/wp\/v2\/media\/29449"}],"wp:attachment":[{"href":"http:\/\/fegrama.cat\/web\/wp-json\/wp\/v2\/media?parent=29498"}],"wp:term":[{"taxonomy":"category","embeddable":true,"href":"http:\/\/fegrama.cat\/web\/wp-json\/wp\/v2\/categories?post=29498"},{"taxonomy":"post_tag","embeddable":true,"href":"http:\/\/fegrama.cat\/web\/wp-json\/wp\/v2\/tags?post=29498"}],"curies":[{"name":"wp","href":"https:\/\/api.w.org\/{rel}","templated":true}]}}