{"id":29489,"date":"2021-10-04T12:10:54","date_gmt":"2021-10-04T11:10:54","guid":{"rendered":"http:\/\/fegrama.cat\/web\/?p=29489"},"modified":"2021-10-04T12:10:54","modified_gmt":"2021-10-04T11:10:54","slug":"el-bon-caracter-del-nostre-cadet-c-va-portar-una-gran-victoria","status":"publish","type":"post","link":"http:\/\/fegrama.cat\/web\/el-bon-caracter-del-nostre-cadet-c-va-portar-una-gran-victoria\/","title":{"rendered":"El bon car\u00e0cter del nostre Cadet \u00abC\u00bb va portar una gran vict\u00f2ria."},"content":{"rendered":"\n<p><strong>Cadet \u201cC\u201d 3 &#8211; Bufala 0<\/strong><\/p>\n\n\n\n<p>El partit que va jugar el Cadet \u201cC\u201d de la\u00a0Grama\u00a0va estar lluitat i jugat amb una actitud molt madura per part dels nostres. Es nota el treball de pretemporada tant psicol\u00f2gicament com en esfor\u00e7 f\u00edsic que ha fet que els nostres gestionin b\u00e9 el seu partit setmanal. Va ser quan va arribar l&#8217;\u00faltim minut de la primera part quan la\u00a0Grama\u00a0va posar el seu primer gol en el marcador i els altres van arribar successivament.<br>Toca seguir amb la mateixa din\u00e0mica de cara al seg\u00fcent partit.<\/p>\n\n\n\n<figure class=\"wp-block-image size-large\"><img loading=\"lazy\" decoding=\"async\" width=\"1024\" height=\"682\" src=\"http:\/\/fegrama.cat\/web\/wp-content\/uploads\/2021\/10\/WhatsApp-Image-2021-10-04-at-12.59.15-1024x682.jpeg\" alt=\"\" class=\"wp-image-29490\" srcset=\"http:\/\/fegrama.cat\/web\/wp-content\/uploads\/2021\/10\/WhatsApp-Image-2021-10-04-at-12.59.15-1024x682.jpeg 1024w, http:\/\/fegrama.cat\/web\/wp-content\/uploads\/2021\/10\/WhatsApp-Image-2021-10-04-at-12.59.15-300x200.jpeg 300w, http:\/\/fegrama.cat\/web\/wp-content\/uploads\/2021\/10\/WhatsApp-Image-2021-10-04-at-12.59.15-768x512.jpeg 768w, http:\/\/fegrama.cat\/web\/wp-content\/uploads\/2021\/10\/WhatsApp-Image-2021-10-04-at-12.59.15-1536x1023.jpeg 1536w, http:\/\/fegrama.cat\/web\/wp-content\/uploads\/2021\/10\/WhatsApp-Image-2021-10-04-at-12.59.15.jpeg 2048w\" sizes=\"auto, (max-width: 1024px) 100vw, 1024px\" \/><\/figure>\n\n\n\n<hr class=\"wp-block-separator\"\/>\n\n\n\n<p><\/p>\n\n\n\n<p><strong>Cadete \u201cC\u201d 3 &#8211; Bufala 0<\/strong><\/p>\n\n\n\n<p>El partido que jug\u00f3 el Cadete \u201cC\u201d de la Grama estuvo luchado y jugado con una actitud muy madura por parte de los nuestros. Se nota el trabajo de pretemporada tanto psicol\u00f3gicamente como en esfuerzo f\u00edsico que ha hecho que los nuestros gestionen bien su partido semanal. Fue cuando lleg\u00f3 el \u00faltimo minuto de la primera parte cuando la Grama puso su primer gol en el marcador y los otros llegaron sucesivamente.<\/p>\n\n\n\n<p>Toca seguir con la misma din\u00e1mica de cara al siguiente partido.<\/p>\n\n\n\n<figure class=\"wp-block-image size-large\"><img loading=\"lazy\" decoding=\"async\" width=\"1024\" height=\"682\" src=\"http:\/\/fegrama.cat\/web\/wp-content\/uploads\/2021\/10\/WhatsApp-Image-2021-10-04-at-12.59.16-1024x682.jpeg\" alt=\"\" class=\"wp-image-29491\" srcset=\"http:\/\/fegrama.cat\/web\/wp-content\/uploads\/2021\/10\/WhatsApp-Image-2021-10-04-at-12.59.16-1024x682.jpeg 1024w, http:\/\/fegrama.cat\/web\/wp-content\/uploads\/2021\/10\/WhatsApp-Image-2021-10-04-at-12.59.16-300x200.jpeg 300w, http:\/\/fegrama.cat\/web\/wp-content\/uploads\/2021\/10\/WhatsApp-Image-2021-10-04-at-12.59.16-768x512.jpeg 768w, http:\/\/fegrama.cat\/web\/wp-content\/uploads\/2021\/10\/WhatsApp-Image-2021-10-04-at-12.59.16-1536x1023.jpeg 1536w, http:\/\/fegrama.cat\/web\/wp-content\/uploads\/2021\/10\/WhatsApp-Image-2021-10-04-at-12.59.16.jpeg 2048w\" sizes=\"auto, (max-width: 1024px) 100vw, 1024px\" \/><\/figure>\n","protected":false},"excerpt":{"rendered":"<p>Cadet \u201cC\u201d 3 &#8211; Bufala 0 El partit que va jugar el Cadet \u201cC\u201d de la\u00a0Grama\u00a0va estar lluitat i jugat amb una actitud molt madura per part dels nostres. Es nota el treball de pretemporada tant psicol\u00f2gicament com en esfor\u00e7 f\u00edsic que ha fet que els nostres gestionin b\u00e9 el seu partit setmanal. Va ser [&hellip;]<\/p>\n","protected":false},"author":1,"featured_media":0,"comment_status":"closed","ping_status":"closed","sticky":false,"template":"","format":"standard","meta":{"footnotes":""},"categories":[7],"tags":[],"class_list":["post-29489","post","type-post","status-publish","format-standard","hentry","category-cadets"],"_links":{"self":[{"href":"http:\/\/fegrama.cat\/web\/wp-json\/wp\/v2\/posts\/29489","targetHints":{"allow":["GET"]}}],"collection":[{"href":"http:\/\/fegrama.cat\/web\/wp-json\/wp\/v2\/posts"}],"about":[{"href":"http:\/\/fegrama.cat\/web\/wp-json\/wp\/v2\/types\/post"}],"author":[{"embeddable":true,"href":"http:\/\/fegrama.cat\/web\/wp-json\/wp\/v2\/users\/1"}],"replies":[{"embeddable":true,"href":"http:\/\/fegrama.cat\/web\/wp-json\/wp\/v2\/comments?post=29489"}],"version-history":[{"count":1,"href":"http:\/\/fegrama.cat\/web\/wp-json\/wp\/v2\/posts\/29489\/revisions"}],"predecessor-version":[{"id":29492,"href":"http:\/\/fegrama.cat\/web\/wp-json\/wp\/v2\/posts\/29489\/revisions\/29492"}],"wp:attachment":[{"href":"http:\/\/fegrama.cat\/web\/wp-json\/wp\/v2\/media?parent=29489"}],"wp:term":[{"taxonomy":"category","embeddable":true,"href":"http:\/\/fegrama.cat\/web\/wp-json\/wp\/v2\/categories?post=29489"},{"taxonomy":"post_tag","embeddable":true,"href":"http:\/\/fegrama.cat\/web\/wp-json\/wp\/v2\/tags?post=29489"}],"curies":[{"name":"wp","href":"https:\/\/api.w.org\/{rel}","templated":true}]}}