{"id":29487,"date":"2021-10-04T11:57:20","date_gmt":"2021-10-04T10:57:20","guid":{"rendered":"http:\/\/fegrama.cat\/web\/?p=29487"},"modified":"2021-10-04T11:57:20","modified_gmt":"2021-10-04T10:57:20","slug":"derrota-de-linfantil-a-on-toca-seguir-treballant","status":"publish","type":"post","link":"http:\/\/fegrama.cat\/web\/derrota-de-linfantil-a-on-toca-seguir-treballant\/","title":{"rendered":"Derrota de l&#8217;Infantil \u00abA\u00bb on toca seguir treballant."},"content":{"rendered":"\n<p>Junior 1 &#8211; Infantil \u201cA\u201d 0<\/p>\n\n\n\n<p>Els nostres petits, ja no tan petits de l&#8217;Infantil \u00abA\u00bb van jugar el seu partit setmanal el diumenge fora de casa contra el J\u00fanior, un equip que no li ho va posar gens f\u00e0cil als de la Grama.<br>En la primera part ja eren els contraris els qui es van avan\u00e7ar amb un gol primerenc en una acci\u00f3 individual i els nostres, que no es van rendir, van tenir diverses ocasions de gol durant la segona part, per\u00f2 ja no van poder remuntar.<br>Una altra setmana ser\u00e0, toca continuar treballant.<\/p>\n\n\n\n<p><\/p>\n\n\n\n<hr class=\"wp-block-separator\"\/>\n\n\n\n<p>Junior 1 &#8211; Infantil \u201cA\u201d 0<\/p>\n\n\n\n<p>Nuestros peque\u00f1os, ya no tan peque\u00f1os del Infantil \u201cA\u201d jugaron su partido semanal el domingo fuera de casa contra el Junior, un equipo que no se lo puso nada f\u00e1cil a los de la Grama.<\/p>\n\n\n\n<p>En la primera parte ya eran los contrarios quienes se adelantaron con un gol temprano en una acci\u00f3n individual y los nuestros, que no se rindieron, tuvieron diversas ocasiones de gol durante la segunda parte, pero ya no pudieron remontar.<\/p>\n\n\n\n<p>Otra semana ser\u00e1, toca seguir trabajando.<\/p>\n","protected":false},"excerpt":{"rendered":"<p>Junior 1 &#8211; Infantil \u201cA\u201d 0 Els nostres petits, ja no tan petits de l&#8217;Infantil \u00abA\u00bb van jugar el seu partit setmanal el diumenge fora de casa contra el J\u00fanior, un equip que no li ho va posar gens f\u00e0cil als de la Grama.En la primera part ja eren els contraris els qui es van [&hellip;]<\/p>\n","protected":false},"author":1,"featured_media":0,"comment_status":"closed","ping_status":"closed","sticky":false,"template":"","format":"standard","meta":{"footnotes":""},"categories":[1],"tags":[],"class_list":["post-29487","post","type-post","status-publish","format-standard","hentry","category-uncategorized"],"_links":{"self":[{"href":"http:\/\/fegrama.cat\/web\/wp-json\/wp\/v2\/posts\/29487","targetHints":{"allow":["GET"]}}],"collection":[{"href":"http:\/\/fegrama.cat\/web\/wp-json\/wp\/v2\/posts"}],"about":[{"href":"http:\/\/fegrama.cat\/web\/wp-json\/wp\/v2\/types\/post"}],"author":[{"embeddable":true,"href":"http:\/\/fegrama.cat\/web\/wp-json\/wp\/v2\/users\/1"}],"replies":[{"embeddable":true,"href":"http:\/\/fegrama.cat\/web\/wp-json\/wp\/v2\/comments?post=29487"}],"version-history":[{"count":1,"href":"http:\/\/fegrama.cat\/web\/wp-json\/wp\/v2\/posts\/29487\/revisions"}],"predecessor-version":[{"id":29488,"href":"http:\/\/fegrama.cat\/web\/wp-json\/wp\/v2\/posts\/29487\/revisions\/29488"}],"wp:attachment":[{"href":"http:\/\/fegrama.cat\/web\/wp-json\/wp\/v2\/media?parent=29487"}],"wp:term":[{"taxonomy":"category","embeddable":true,"href":"http:\/\/fegrama.cat\/web\/wp-json\/wp\/v2\/categories?post=29487"},{"taxonomy":"post_tag","embeddable":true,"href":"http:\/\/fegrama.cat\/web\/wp-json\/wp\/v2\/tags?post=29487"}],"curies":[{"name":"wp","href":"https:\/\/api.w.org\/{rel}","templated":true}]}}