{"id":29484,"date":"2021-10-04T11:44:56","date_gmt":"2021-10-04T10:44:56","guid":{"rendered":"http:\/\/fegrama.cat\/web\/?p=29484"},"modified":"2021-10-04T11:44:56","modified_gmt":"2021-10-04T10:44:56","slug":"victoria-tambe-pels-nostres-nois-del-cadet-a","status":"publish","type":"post","link":"http:\/\/fegrama.cat\/web\/victoria-tambe-pels-nostres-nois-del-cadet-a\/","title":{"rendered":"Vict\u00f2ria tamb\u00e9 pels nostres nois del Cadet \u201cA\u201d!"},"content":{"rendered":"\n<p>Sant Gabriel 1 &#8211; Cadet \u00abA\u00bb 2<\/p>\n\n\n\n<p>El dissabte van jugar els nostres nois del Cadet \u00abA\u00bb contra el Sant Gabriel, igual que els companys del Cadet \u00abB\u00bb van acabar guanyant gr\u00e0cies a la seva lluita constant. En la primera part els contraris anaven m\u00e9s \u00abendollats\u00bb que els de la Grama.<br>Durant els primers vint minuts de joc, els nostres no acabaven d&#8217;agafar la posici\u00f3, per la qual cosa es va donar l&#8217;1-0 en el qual els Colomencs anaven perdent. Per sort, i com sempre passa, els nostres van lluitar i no es van rendir.&nbsp;Jodra&nbsp;despr\u00e9s d&#8217;un rebuig posava taules en el marcador.<br>En la segona part els de Brian&nbsp;Espinola&nbsp;van sortir pel partit, un gol de Joel Gil posava a la Grama per davant on els contraris es van bolcar per a poder arribar a l&#8217;empat. Encara aix\u00ed els nostres van acabar guanyant.<\/p>\n\n\n\n<p>Brian&nbsp;Espinola&nbsp;(entrenador): \u00abS\u00f3n 3 punts importants. Sabem que el Sant Gabriel en el seu camp \u00e9s un rival dur on els equips poden perdre els punts, cal millorar en moltes facetes perqu\u00e8 l&#8217;equip \u00e9s gaireb\u00e9 nou \u00edntegrament, per\u00f2 s\u00ed que \u00e9s veritat que despr\u00e9s de l&#8217;ocorregut el dissabte passat es mereixien aix\u00f2. Van saber sofrir encara que probablement no \u00e9s el partit que m\u00e9s m&#8217;hagi agradat com a t\u00e8cnic, sabem de la import\u00e0ncia de jugar en el seu camp on no deixen cap espai. Continuarem millorant i a poc a poc segur que s&#8217;acabar\u00e0 d&#8217;adaptar aquesta plantilla. Continuem sumant i per la seg\u00fcent setmana.\u00bb<\/p>\n\n\n\n<p><\/p>\n\n\n\n<figure class=\"wp-block-image size-large\"><img loading=\"lazy\" decoding=\"async\" width=\"1024\" height=\"627\" src=\"http:\/\/fegrama.cat\/web\/wp-content\/uploads\/2021\/10\/WhatsApp-Image-2021-10-02-at-21.37.28-1024x627.jpeg\" alt=\"\" class=\"wp-image-29485\" srcset=\"http:\/\/fegrama.cat\/web\/wp-content\/uploads\/2021\/10\/WhatsApp-Image-2021-10-02-at-21.37.28-1024x627.jpeg 1024w, http:\/\/fegrama.cat\/web\/wp-content\/uploads\/2021\/10\/WhatsApp-Image-2021-10-02-at-21.37.28-300x184.jpeg 300w, http:\/\/fegrama.cat\/web\/wp-content\/uploads\/2021\/10\/WhatsApp-Image-2021-10-02-at-21.37.28-768x470.jpeg 768w, http:\/\/fegrama.cat\/web\/wp-content\/uploads\/2021\/10\/WhatsApp-Image-2021-10-02-at-21.37.28-1536x940.jpeg 1536w, http:\/\/fegrama.cat\/web\/wp-content\/uploads\/2021\/10\/WhatsApp-Image-2021-10-02-at-21.37.28.jpeg 1715w\" sizes=\"auto, (max-width: 1024px) 100vw, 1024px\" \/><\/figure>\n\n\n\n<hr class=\"wp-block-separator\"\/>\n\n\n\n<p><\/p>\n\n\n\n<p>Sant Gabriel 1 &#8211; Cadete \u00abA\u00bb 2<\/p>\n\n\n\n<p>El s\u00e1bado jugaron nuestros chicos del Cadete \u201cA\u201d contra el Sant Gabriel, igual que los compa\u00f1eros del Cadete \u201cB\u201d acabaron ganando gracias a su lucha constante. En la primera parte los contrarios iban m\u00e1s \u201cenchufados\u201d que los de la Grama.\u00a0<\/p>\n\n\n\n<p>Durante los primeros veinte minutos de juego, los nuestros no acababan de coger la posici\u00f3n, por lo que se di\u00f3 el 1-0 en el que los colomenses iban perdiendo. Por suerte, y como siempre pasa, los nuestros lucharon y no se rindieron. Jodra tras un rechazo pon\u00eda tablas en el marcador.&nbsp;<\/p>\n\n\n\n<p>En la segunda parte los de Brian Espinola salieron por el partido, un gol de Joel Gil pon\u00eda a la Grama por delante donde los contrarios se volcaron para poder llegar al empate. A\u00fan as\u00ed los nuestros acabaron ganando.<\/p>\n\n\n\n<p>Brian Espinola (entrenador): \u201cSon 3 puntos importantes sabemos que el Sant Gabriel en su campo es un rival duro donde los equipos pueden perder los puntos, hay que mejorar en muchas facetas porque el equipo es casi nuevo en su totalidad, pero s\u00ed que es verdad que despu\u00e9s de lo ocurrido el s\u00e1bado pasado se merec\u00edan esto. Supieron sufrir aunque probablemente no sea el partido que m\u00e1s me haya gustado como t\u00e9cnico, sabemos de la importancia de jugar en su campo donde no dejan ning\u00fan espacio. Seguiremos mejorando y poco a poco seguro que se acabar\u00e1 de adaptar esta plantilla. Seguimos sumando y a por la siguiente semana.\u201d<\/p>\n","protected":false},"excerpt":{"rendered":"<p>Sant Gabriel 1 &#8211; Cadet \u00abA\u00bb 2 El dissabte van jugar els nostres nois del Cadet \u00abA\u00bb contra el Sant Gabriel, igual que els companys del Cadet \u00abB\u00bb van acabar guanyant gr\u00e0cies a la seva lluita constant. En la primera part els contraris anaven m\u00e9s \u00abendollats\u00bb que els de la Grama.Durant els primers vint minuts [&hellip;]<\/p>\n","protected":false},"author":1,"featured_media":0,"comment_status":"closed","ping_status":"closed","sticky":false,"template":"","format":"standard","meta":{"footnotes":""},"categories":[7],"tags":[],"class_list":["post-29484","post","type-post","status-publish","format-standard","hentry","category-cadets"],"_links":{"self":[{"href":"http:\/\/fegrama.cat\/web\/wp-json\/wp\/v2\/posts\/29484","targetHints":{"allow":["GET"]}}],"collection":[{"href":"http:\/\/fegrama.cat\/web\/wp-json\/wp\/v2\/posts"}],"about":[{"href":"http:\/\/fegrama.cat\/web\/wp-json\/wp\/v2\/types\/post"}],"author":[{"embeddable":true,"href":"http:\/\/fegrama.cat\/web\/wp-json\/wp\/v2\/users\/1"}],"replies":[{"embeddable":true,"href":"http:\/\/fegrama.cat\/web\/wp-json\/wp\/v2\/comments?post=29484"}],"version-history":[{"count":1,"href":"http:\/\/fegrama.cat\/web\/wp-json\/wp\/v2\/posts\/29484\/revisions"}],"predecessor-version":[{"id":29486,"href":"http:\/\/fegrama.cat\/web\/wp-json\/wp\/v2\/posts\/29484\/revisions\/29486"}],"wp:attachment":[{"href":"http:\/\/fegrama.cat\/web\/wp-json\/wp\/v2\/media?parent=29484"}],"wp:term":[{"taxonomy":"category","embeddable":true,"href":"http:\/\/fegrama.cat\/web\/wp-json\/wp\/v2\/categories?post=29484"},{"taxonomy":"post_tag","embeddable":true,"href":"http:\/\/fegrama.cat\/web\/wp-json\/wp\/v2\/tags?post=29484"}],"curies":[{"name":"wp","href":"https:\/\/api.w.org\/{rel}","templated":true}]}}