{"id":29451,"date":"2021-09-27T00:12:37","date_gmt":"2021-09-26T23:12:37","guid":{"rendered":"http:\/\/fegrama.cat\/web\/?p=29451"},"modified":"2021-09-27T10:31:42","modified_gmt":"2021-09-27T09:31:42","slug":"bones-sensacions-i-un-bon-punt-del-cadet-a-davant-el-ce-mercantil","status":"publish","type":"post","link":"http:\/\/fegrama.cat\/web\/bones-sensacions-i-un-bon-punt-del-cadet-a-davant-el-ce-mercantil\/","title":{"rendered":"Bones sensacions i un bon punt del Cadet A"},"content":{"rendered":"\n<p>El Nou Municipal de Santa Coloma va acollir el partit entre el Cadet A de la Fundaci\u00f3 Esportiva Grama i el CE Mercantil B. Els de Brian Espinola van sortir a per totes, pressionant molt al seu rival i van obtenir recompensa en el minut 34, amb un gran gol d&#8217;estrat\u00e8gia servit per Joel i anotat per Pablo. Abans d&#8217;acabar la primera meitat, una acci\u00f3 per banda de l&#8217;equip visitant va fer que el marcador registr\u00e9s l&#8217;1-1 a la mitja part. <\/p>\n\n\n\n<p>En la segona part els colomencs no es van arrugar y una dolenta decisi\u00f3 arbitral amb un penal a favor del Mercantil va significar l&#8217;expulsi\u00f3 d&#8217;un jugador de la Grama per vermella directa. <\/p>\n\n\n\n<p>Tot i aix\u00f2 el Cadet A va fer un gran joc i va mer\u00e8ixer guanyar. Evidentment, despr\u00e9s de jugar tota la segona part amb un jugador menys, el punt \u00e9s satisfactori.  Bones sensacions i a seguir treballant.<\/p>\n\n\n\n<div class=\"wp-block-image\"><figure class=\"aligncenter size-large\"><img loading=\"lazy\" decoding=\"async\" width=\"1024\" height=\"767\" src=\"http:\/\/fegrama.cat\/web\/wp-content\/uploads\/2021\/09\/IMG-20210926-WA0039-1024x767.jpg\" alt=\"\" class=\"wp-image-29449\" srcset=\"http:\/\/fegrama.cat\/web\/wp-content\/uploads\/2021\/09\/IMG-20210926-WA0039-1024x767.jpg 1024w, http:\/\/fegrama.cat\/web\/wp-content\/uploads\/2021\/09\/IMG-20210926-WA0039-300x225.jpg 300w, http:\/\/fegrama.cat\/web\/wp-content\/uploads\/2021\/09\/IMG-20210926-WA0039-768x576.jpg 768w, http:\/\/fegrama.cat\/web\/wp-content\/uploads\/2021\/09\/IMG-20210926-WA0039-1536x1151.jpg 1536w, http:\/\/fegrama.cat\/web\/wp-content\/uploads\/2021\/09\/IMG-20210926-WA0039.jpg 1600w\" sizes=\"auto, (max-width: 1024px) 100vw, 1024px\" \/><\/figure><\/div>\n\n\n\n<h1 class=\"wp-block-heading\">Buenas sensaciones y un buen punto del Cadete A<\/h1>\n\n\n\n<p>El Nou Municipal de Santa Coloma acogi\u00f3 el partido entre el Cadete A de la Fundaci\u00f3 Esportiva\u00a0Grama\u00a0y el CE Mercantil B. Los de Brian\u00a0Espinola\u00a0salieron a por todas, presionando mucho a su rival y obtuvieron recompensa en el minuto 34, con un gran gol de estrategia servido por Joel y anotado por Pablo. Antes de acabar la primera mitad, una acci\u00f3n por banda del equipo visitante hizo que el marcador registrara el 1-1 a la media parte.<\/p>\n\n\n\n<p>En la segunda parte los\u00a0colomenses\u00a0no se arrugaron\u00a0y\u00a0una mala decisi\u00f3n arbitral con un penalti a favor del Mercantil signific\u00f3 la expulsi\u00f3n de un jugador de la\u00a0Grama\u00a0por roja directa.\u00a0<\/p>\n\n\n\n<p>Aun as\u00ed el Cadete A hizo un gran juego y mereci\u00f3 ganar. Evidentemente, despu\u00e9s de jugar toda la segunda parte con un jugador menos, el punto es satisfactorio. Buenas sensaciones y a seguir trabajando.<\/p>\n","protected":false},"excerpt":{"rendered":"<p>El Nou Municipal de Santa Coloma va acollir el partit entre el Cadet A de la Fundaci\u00f3 Esportiva Grama i el CE Mercantil B. Els de Brian Espinola van sortir a per totes, pressionant molt al seu rival i van obtenir recompensa en el minut 34, amb un gran gol d&#8217;estrat\u00e8gia servit per Joel i [&hellip;]<\/p>\n","protected":false},"author":1,"featured_media":29449,"comment_status":"closed","ping_status":"closed","sticky":false,"template":"","format":"standard","meta":{"footnotes":""},"categories":[7],"tags":[],"class_list":["post-29451","post","type-post","status-publish","format-standard","has-post-thumbnail","hentry","category-cadets"],"_links":{"self":[{"href":"http:\/\/fegrama.cat\/web\/wp-json\/wp\/v2\/posts\/29451","targetHints":{"allow":["GET"]}}],"collection":[{"href":"http:\/\/fegrama.cat\/web\/wp-json\/wp\/v2\/posts"}],"about":[{"href":"http:\/\/fegrama.cat\/web\/wp-json\/wp\/v2\/types\/post"}],"author":[{"embeddable":true,"href":"http:\/\/fegrama.cat\/web\/wp-json\/wp\/v2\/users\/1"}],"replies":[{"embeddable":true,"href":"http:\/\/fegrama.cat\/web\/wp-json\/wp\/v2\/comments?post=29451"}],"version-history":[{"count":4,"href":"http:\/\/fegrama.cat\/web\/wp-json\/wp\/v2\/posts\/29451\/revisions"}],"predecessor-version":[{"id":29463,"href":"http:\/\/fegrama.cat\/web\/wp-json\/wp\/v2\/posts\/29451\/revisions\/29463"}],"wp:featuredmedia":[{"embeddable":true,"href":"http:\/\/fegrama.cat\/web\/wp-json\/wp\/v2\/media\/29449"}],"wp:attachment":[{"href":"http:\/\/fegrama.cat\/web\/wp-json\/wp\/v2\/media?parent=29451"}],"wp:term":[{"taxonomy":"category","embeddable":true,"href":"http:\/\/fegrama.cat\/web\/wp-json\/wp\/v2\/categories?post=29451"},{"taxonomy":"post_tag","embeddable":true,"href":"http:\/\/fegrama.cat\/web\/wp-json\/wp\/v2\/tags?post=29451"}],"curies":[{"name":"wp","href":"https:\/\/api.w.org\/{rel}","templated":true}]}}