{"id":29440,"date":"2021-09-26T19:56:19","date_gmt":"2021-09-26T18:56:19","guid":{"rendered":"http:\/\/fegrama.cat\/web\/?p=29440"},"modified":"2021-09-26T19:56:20","modified_gmt":"2021-09-26T18:56:20","slug":"gran-primera-victoria-del-juvenil-a-2-3","status":"publish","type":"post","link":"http:\/\/fegrama.cat\/web\/gran-primera-victoria-del-juvenil-a-2-3\/","title":{"rendered":"Gran primera vict\u00f2ria del Juvenil A (2-3)"},"content":{"rendered":"\n<p>Vict\u00f2ria a domicili del Juvenil A per 2-3 davant la UE Cristinenc-Costa Brava. Es tracta de la primera de la temporada i el tercer partit consecutiu sense perdre.<\/p>\n\n\n\n<p>Primera part on el conjunt colomenc va sortir molt concentrat i va ser millor que el rival. S&#8217;acostava la Fundaci\u00f3 amb un xut de Darling i al minut 13 despr\u00e9s de la sortida d&#8217;un c\u00f3rner Bafode deixava anar una &#8216;fuetada&#8217; que donava al travesser i perforava la xarxa. Continuava en camp rival la Fundaci\u00f3, que va tenir el 0-2 en dues ocasions en dos xuts d&#8217;Uri que detenia el porter Sanllhey. A la mitja part el marcador va ser de 0-1.<\/p>\n\n\n\n<p>A la represa partit molt m\u00e9s igualat, estrenyia el Costa Brava amb un joc molt directe buscant l&#8217;empat per\u00f2 serien de nou els de Santa Coloma qui marcarien. De nou Bafode, al minut 70, trauria un altre cop de dreta a l&#8217;escaire per posar el 0-2 al marcador. Durava poc l&#8217;alegria dels colomencs que veurien com en un c\u00f3rner Rodrigo escur\u00e7ava dist\u00e0ncies.<\/p>\n\n\n\n<p>Transcorrien els millors moments del conjunt local que van estar a punt d&#8217;empatar en dues ocasions amb dos xuts que s&#8217;estavellaven en la fusta. Es defensaven amb ungles i dents els de Manu Pel\u00e1ez que en el 89 i en un bon contraatac Adri Rosa posava l&#8217;1-3. Semblava que el partit estava sentenciant per\u00f2 en un rebuig que queia a la frontal, de nou Rodrigo escur\u00e7ava dist\u00e0ncies i posava el 2-3.<\/p>\n\n\n\n<p>No donava temps per a molt m\u00e9s. Bona vict\u00f2ria de la Grama en un camp molt complicat.<\/p>\n\n\n\n<div class=\"wp-block-image\"><figure class=\"aligncenter size-large\"><img loading=\"lazy\" decoding=\"async\" width=\"1024\" height=\"768\" src=\"http:\/\/fegrama.cat\/web\/wp-content\/uploads\/2021\/09\/juvAcelebraciocostabrava-1024x768.jpeg\" alt=\"\" class=\"wp-image-29442\" srcset=\"http:\/\/fegrama.cat\/web\/wp-content\/uploads\/2021\/09\/juvAcelebraciocostabrava-1024x768.jpeg 1024w, http:\/\/fegrama.cat\/web\/wp-content\/uploads\/2021\/09\/juvAcelebraciocostabrava-300x225.jpeg 300w, http:\/\/fegrama.cat\/web\/wp-content\/uploads\/2021\/09\/juvAcelebraciocostabrava-768x576.jpeg 768w, http:\/\/fegrama.cat\/web\/wp-content\/uploads\/2021\/09\/juvAcelebraciocostabrava-1536x1152.jpeg 1536w, http:\/\/fegrama.cat\/web\/wp-content\/uploads\/2021\/09\/juvAcelebraciocostabrava.jpeg 2048w\" sizes=\"auto, (max-width: 1024px) 100vw, 1024px\" \/><\/figure><\/div>\n\n\n\n<p>Victoria a domicilio del Juvenil A por 2-3 ante la UE Cristinenc-Costa Brava. Se trata de la primera de la temporada y el tercer partido consecutivo sin perder.<\/p>\n\n\n\n<p>Primera parte donde el conjunto colomense sali\u00f3 muy concentrado y fue mejor que el rival. Se acercaba la Fundaci\u00f3 con un disparo de Darling y en el minuto 13 tras la salida de un c\u00f3rner Bafode soltaba un zapatazo que daba al larguero y perforaba la red. Continuaba en campo rival la Fundaci\u00f3, que tuvo el 0-2 en dos ocasiones en dos chuts de Uri que deten\u00eda el meta Sanllhey. Al descanso el marcador fue de 0-1.<\/p>\n\n\n\n<p>En la reanudaci\u00f3n partido mucho m\u00e1s igualado, apretaba el Costa Brava con un juego muy directo buscando el empate pero ser\u00edan de nuevo los de Santa Coloma quienes marcar\u00eda. De nuevo Bafode, en el minuto 70, sacar\u00eda otro derechazo a la escuadra para poner el 0-2 en el marcador. Duraba poco la alegr\u00eda de los colomenses que ver\u00edan como en un c\u00f3rner Rodrigo acortaba distancias. <\/p>\n\n\n\n<p>Transcurr\u00edan los mejores momentos del conjunto local que estuvieron a punto de empatar en dos ocasiones con dos disparos que se estrellaban en la madera. Se defend\u00edan con u\u00f1as y dientes los de Manu Pel\u00e1ez que en el 89 y en un buen contragolpe Adri Rosa pon\u00eda el 1-3. Parec\u00eda que el partido estaba sentenciando pero en un rechace que ca\u00eda en la frontal, de nuevo Rodrigo acortaba distancias y pon\u00eda el 2-3. <\/p>\n\n\n\n<p>No daba tiempo para mucho m\u00e1s. Buena victoria de la Grama en un campo muy complicado.<\/p>\n","protected":false},"excerpt":{"rendered":"<p>Vict\u00f2ria a domicili del Juvenil A per 2-3 davant la UE Cristinenc-Costa Brava. Es tracta de la primera de la temporada i el tercer partit consecutiu sense perdre. Primera part on el conjunt colomenc va sortir molt concentrat i va ser millor que el rival. S&#8217;acostava la Fundaci\u00f3 amb un xut de Darling i al [&hellip;]<\/p>\n","protected":false},"author":1,"featured_media":29442,"comment_status":"closed","ping_status":"closed","sticky":false,"template":"","format":"standard","meta":{"footnotes":""},"categories":[4,6],"tags":[],"class_list":["post-29440","post","type-post","status-publish","format-standard","has-post-thumbnail","hentry","category-base-inclusiu","category-juvenils"],"_links":{"self":[{"href":"http:\/\/fegrama.cat\/web\/wp-json\/wp\/v2\/posts\/29440","targetHints":{"allow":["GET"]}}],"collection":[{"href":"http:\/\/fegrama.cat\/web\/wp-json\/wp\/v2\/posts"}],"about":[{"href":"http:\/\/fegrama.cat\/web\/wp-json\/wp\/v2\/types\/post"}],"author":[{"embeddable":true,"href":"http:\/\/fegrama.cat\/web\/wp-json\/wp\/v2\/users\/1"}],"replies":[{"embeddable":true,"href":"http:\/\/fegrama.cat\/web\/wp-json\/wp\/v2\/comments?post=29440"}],"version-history":[{"count":2,"href":"http:\/\/fegrama.cat\/web\/wp-json\/wp\/v2\/posts\/29440\/revisions"}],"predecessor-version":[{"id":29443,"href":"http:\/\/fegrama.cat\/web\/wp-json\/wp\/v2\/posts\/29440\/revisions\/29443"}],"wp:featuredmedia":[{"embeddable":true,"href":"http:\/\/fegrama.cat\/web\/wp-json\/wp\/v2\/media\/29442"}],"wp:attachment":[{"href":"http:\/\/fegrama.cat\/web\/wp-json\/wp\/v2\/media?parent=29440"}],"wp:term":[{"taxonomy":"category","embeddable":true,"href":"http:\/\/fegrama.cat\/web\/wp-json\/wp\/v2\/categories?post=29440"},{"taxonomy":"post_tag","embeddable":true,"href":"http:\/\/fegrama.cat\/web\/wp-json\/wp\/v2\/tags?post=29440"}],"curies":[{"name":"wp","href":"https:\/\/api.w.org\/{rel}","templated":true}]}}