{"id":29431,"date":"2021-09-26T16:23:40","date_gmt":"2021-09-26T15:23:40","guid":{"rendered":"http:\/\/fegrama.cat\/web\/?p=29431"},"modified":"2021-09-26T16:23:41","modified_gmt":"2021-09-26T15:23:41","slug":"al-95-ens-ho-devia-el-futbol-2-1","status":"publish","type":"post","link":"http:\/\/fegrama.cat\/web\/al-95-ens-ho-devia-el-futbol-2-1\/","title":{"rendered":"Al 95, ens ho devia el futbol (2-1)"},"content":{"rendered":"\n<div class=\"wp-block-image\"><figure class=\"aligncenter size-large\"><img loading=\"lazy\" decoding=\"async\" width=\"1024\" height=\"684\" src=\"http:\/\/fegrama.cat\/web\/wp-content\/uploads\/2021\/09\/celebracion2609-1024x684.jpeg\" alt=\"\" class=\"wp-image-29438\" srcset=\"http:\/\/fegrama.cat\/web\/wp-content\/uploads\/2021\/09\/celebracion2609-1024x684.jpeg 1024w, http:\/\/fegrama.cat\/web\/wp-content\/uploads\/2021\/09\/celebracion2609-300x200.jpeg 300w, http:\/\/fegrama.cat\/web\/wp-content\/uploads\/2021\/09\/celebracion2609-768x513.jpeg 768w, http:\/\/fegrama.cat\/web\/wp-content\/uploads\/2021\/09\/celebracion2609-1536x1025.jpeg 1536w, http:\/\/fegrama.cat\/web\/wp-content\/uploads\/2021\/09\/celebracion2609.jpeg 1600w\" sizes=\"auto, (max-width: 1024px) 100vw, 1024px\" \/><\/figure><\/div>\n\n\n\n<p>Gran vict\u00f2ria de la Fundaci\u00f3 Esportiva Grama davant el CE L&#8217;Hospitalet per 2-1 gr\u00e0cies a un gol al minut 95. Els de Santa Coloma segueixen invictes com a locals i tornen a sumar tres punts.<\/p>\n\n\n\n<p>En els primers 20 minuts de joc L&#8217;Hospitalet va tenir la possessi\u00f3 de la pilota sense crear perill, tan sols un xut des de lluny sense anar entre els tres pals. Per la seva banda, la Grama va estar molt segura en defensa sense concedir espais i molt ofensiva. Peris va provar des de lluny i just despr\u00e9s van arribar les m\u00e9s clares. Al 19&#8242; Pantoja va aprofitar un error defensiu i es va plantar davant el porter, el rebuig deL porter el va tirar amunt Peris. La Grama es va anar traient de sobre el control inicial dels visitants i igualant el xoc.<\/p>\n\n\n\n<p>A la mitja hora Alan dins l&#8217;\u00e0rea la va tenir a la mitja volta. El gol el mereixia la Grama i va arribar de la manera m\u00e9s art\u00edstica possible. Al minut 36 Roger Peris va llan\u00e7ar un c\u00f3rner des de l&#8217;esquerra i el seu centre va acabar colant-se en el segon pal. Un gol ol\u00edmpic per veure-ho una i altra vegada. Una primera meitat magistral dels homes de Juanma Pons. Guiseris no va haver d&#8217;apar\u00e8ixer, la defensa sense concedir res, un centre de camp molt treballador (Molins, Escarrabill i Peris), \u00c1ngel i Recort desequilibrant en bandes, i Pantoja desplegant un perfecte joc d&#8217;esquena. Despr\u00e9s del descans vam veure una segona meitat diferent.<\/p>\n\n\n\n<div class=\"wp-block-image\"><figure class=\"aligncenter size-large\"><img loading=\"lazy\" decoding=\"async\" width=\"1024\" height=\"684\" src=\"http:\/\/fegrama.cat\/web\/wp-content\/uploads\/2021\/09\/alan2609-1024x684.jpeg\" alt=\"\" class=\"wp-image-29436\" srcset=\"http:\/\/fegrama.cat\/web\/wp-content\/uploads\/2021\/09\/alan2609-1024x684.jpeg 1024w, http:\/\/fegrama.cat\/web\/wp-content\/uploads\/2021\/09\/alan2609-300x200.jpeg 300w, http:\/\/fegrama.cat\/web\/wp-content\/uploads\/2021\/09\/alan2609-768x513.jpeg 768w, http:\/\/fegrama.cat\/web\/wp-content\/uploads\/2021\/09\/alan2609-1536x1025.jpeg 1536w, http:\/\/fegrama.cat\/web\/wp-content\/uploads\/2021\/09\/alan2609.jpeg 1600w\" sizes=\"auto, (max-width: 1024px) 100vw, 1024px\" \/><\/figure><\/div>\n\n\n\n<p>L&#8217;Hospitalet va anar a la recerca de l&#8217;empat i conforme passaven els minuts m\u00e9s a la desesperada. La Grama no va patir, va esperar ordenadament i en cada robatori de pilota van crear perill. Al 55&#8242; Pantoja perdonava el segon. Al minut 74 els colomencs refrescaven el camp amb l&#8217;entrada d&#8217;Antonicelli i Montalb\u00e1n, un pivot defensiu i un davanter m\u00e9s fresc per ca\u00e7ar alguna oportunitat.<\/p>\n\n\n\n<p>La Grama va aguantar molt b\u00e9, L&#8217;Hospitalet pressionava per\u00f2 no arribava a l&#8217;\u00e0rea. Desgraciadament al 84, en un c\u00f3rner, una rematada de cap de Ripoll va acabar entrant, era l&#8217;1-1 en el primer xut a porta de l&#8217;Hospi. Va intentar venir-se amunt L&#8217;Hospitalet per\u00f2 la Grama va saber defensar-se en uns \u00faltims 10 minuts (cinc reglamentari i cinc d&#8217;afegit) bojos.<\/p>\n\n\n\n<p>Hi havia entrat Aleix D\u00edaz al camp i just despr\u00e9s de l&#8217;empat el t\u00e8cnic visitant era expulsat amb vermella directa. No va acabar aqu\u00ed la cosa. Al minut 90 Akrong marcava per a la Grama el 2-1, un gol que l&#8217;\u00e0rbitre va decidir anul\u00b7lar per falta. La pol\u00e8mica estava servida, una decisi\u00f3 molt pol\u00e8mica que va desencadenar les queixes de jugadors i cos t\u00e8cnic amb la conseq\u00fc\u00e8ncia de l&#8217;expulsi\u00f3 de Diego Luque (delegat) i Toni Rovira (preparador f\u00edsic). Poc despr\u00e9s amb la Grama totalment en atac l&#8217;\u00e0rbitre no concedia un penal a l&#8217;\u00e0rea i les protestes d&#8217;Antonicelli van acabar amb la seva expulsi\u00f3 al rebre la segona targeta groga.<\/p>\n\n\n\n<p>Finalment, quan tot feia indicar que acabaria el partit en taules va arribar el 2-1. Una pilota penjada a l&#8217;\u00e0rea, Aleix la pentinava de mitjana-xilena i amb la puntera Montalb\u00e1n empenyia a gol. El 2-1 al 95&#8242; d&#8217;\u00c1lex Montalb\u00e1n (no d&#8217;Aleix com reflecteix l&#8217;acta de la FCF). Una vict\u00f2ria \u00e8pica i molt merescuda al Nou Municipal, els jugadors van creure i van lluitar fins al final.<\/p>\n\n\n\n<div class=\"wp-block-image\"><figure class=\"aligncenter size-large\"><img loading=\"lazy\" decoding=\"async\" width=\"1024\" height=\"684\" src=\"http:\/\/fegrama.cat\/web\/wp-content\/uploads\/2021\/09\/gol2609-1024x684.jpeg\" alt=\"\" class=\"wp-image-29437\" srcset=\"http:\/\/fegrama.cat\/web\/wp-content\/uploads\/2021\/09\/gol2609-1024x684.jpeg 1024w, http:\/\/fegrama.cat\/web\/wp-content\/uploads\/2021\/09\/gol2609-300x200.jpeg 300w, http:\/\/fegrama.cat\/web\/wp-content\/uploads\/2021\/09\/gol2609-768x513.jpeg 768w, http:\/\/fegrama.cat\/web\/wp-content\/uploads\/2021\/09\/gol2609-1536x1025.jpeg 1536w, http:\/\/fegrama.cat\/web\/wp-content\/uploads\/2021\/09\/gol2609.jpeg 1600w\" sizes=\"auto, (max-width: 1024px) 100vw, 1024px\" \/><\/figure><\/div>\n\n\n\n<p>Gran victoria de la Fundaci\u00f3 Esportiva Grama ante el CE L&#8217;Hospitalet por 2-1 gracias a un gol en el minuto 95. Los de Santa Coloma siguen invictos como locales y vuelven a sumar tres puntos.<\/p>\n\n\n\n<p>En los primeros 20 minutos de juego el Hospitalet tuvo la posesi\u00f3n de la pelota sin crear peligro, tan s\u00f3lo un chute desde lejos sin ir entre los tres palos. Por su parte, la Grama estuvo muy segura en defensa sin conceder espacios y muy ofensiva.  Peris prob\u00f3 desde lejos y justo despu\u00e9s llegaron las m\u00e1s claras. En el 19&#8242; Pantoja aprovech\u00f3 un error defensivo y se plant\u00f3 ante el portero, el rechace del portero lo tir\u00f3 arriba Peris. La Grama se fue quitando de encima el control inicial de los visitantes e igualando el choque. <\/p>\n\n\n\n<p>A la media hora Alan dentro del \u00e1rea la tuvo a la media vuelta. El gol lo merec\u00eda la Grama y lleg\u00f3 de la manera m\u00e1s art\u00edstica posible. En el minuto 36 Roger Peris lanz\u00f3 un c\u00f3rner desde la izquierda y su centro acab\u00f3 col\u00e1ndose en el segundo palo. Un gol ol\u00edmpico para verlo una y otra vez. Una primera mitad magistral de los hombres de Juanma Pons. Guiseris no tuvo que aparecer, la defensa sin conceder ninguna, un centro del campo muy trabajador (Molins, Escarrabill y Peris), \u00c1ngel y Recort desequilibrando en bandas, y Pantoja desplegando un perfecto juego de espaldas. Tras el descanso vimos una segunda mitad diferente.<\/p>\n\n\n\n<figure class=\"wp-block-image size-large\"><img loading=\"lazy\" decoding=\"async\" width=\"1024\" height=\"684\" src=\"http:\/\/fegrama.cat\/web\/wp-content\/uploads\/2021\/09\/alan2609-1024x684.jpeg\" alt=\"\" class=\"wp-image-29436\" srcset=\"http:\/\/fegrama.cat\/web\/wp-content\/uploads\/2021\/09\/alan2609-1024x684.jpeg 1024w, http:\/\/fegrama.cat\/web\/wp-content\/uploads\/2021\/09\/alan2609-300x200.jpeg 300w, http:\/\/fegrama.cat\/web\/wp-content\/uploads\/2021\/09\/alan2609-768x513.jpeg 768w, http:\/\/fegrama.cat\/web\/wp-content\/uploads\/2021\/09\/alan2609-1536x1025.jpeg 1536w, http:\/\/fegrama.cat\/web\/wp-content\/uploads\/2021\/09\/alan2609.jpeg 1600w\" sizes=\"auto, (max-width: 1024px) 100vw, 1024px\" \/><\/figure>\n\n\n\n<p>L&#8217;Hospitalet fue en busca del empate y conforme pasaban los minutos m\u00e1s a la desesperada. La Grama no sufri\u00f3, esper\u00f3 ordenadamente y en cada rob\u00f3 de bal\u00f3n crearon peligro. En el 55&#8242; Pantoja perdonaba el segundo. En el minuto 74 los colomenses refrescaban el campo con la entrada de Antonicelli y Montalb\u00e1n, un p\u00edvote defensivo y un delantero m\u00e1s fresco para cazar alguna oportunidad.<\/p>\n\n\n\n<p>La Grama aguant\u00f3 muy bien, el Hospitalet presionaba pero no llegaba al \u00e1rea. Desgraciadamente en el 84 en un saque de esquina un remate de cabeza de Ripoll acab\u00f3 entrando, era el 1-1 en el primer tiro a puerta del Hospi. Intent\u00f3 venirse arriba el Hospitalet pero la Grama supo defenderse en unos \u00faltimos 10 minutos (cinco reglamentario y cinco de a\u00f1adido) locos.<\/p>\n\n\n\n<p>Hab\u00eda entrado Aleix D\u00edaz al campo y justo despu\u00e9s del empate el t\u00e9cnico visitante era expulsado con roja directa. No termin\u00f3 aqu\u00ed la cosa. En el minuto 90 Akrong marcaba para la Grama el 2-1, un gol que el \u00e1rbitro decidi\u00f3 anular por falta. La pol\u00e9mica estaba servida, una decisi\u00f3n muy pol\u00e9mica que desat\u00f3 las quejas de jugadores y cuerpo t\u00e9cnico con la consecuencia de la expulsi\u00f3n de Diego Luque (delegado) y Toni Rovira (preparador f\u00edsico). Poco despu\u00e9s con la Grama totalmente en ataque el \u00e1rbitro no conced\u00eda un penalti en el \u00e1rea y las protestas de Antonicelli acabaron con su expulsi\u00f3n al recibir la segunda cartulina amarilla.<\/p>\n\n\n\n<p>Finalmente, cuando todo hac\u00eda indicar que acabar\u00eda el partido en tablas lleg\u00f3 el 2-1. Un bal\u00f3n colgado al \u00e1rea, Aleix la peina de media-chilena y con la puntera Montalb\u00e1n empujaba a gol. El 2-1 en el 95&#8242; de \u00c1lex Montalb\u00e1n (no de Aleix como refleja el acta de la FCF). Una victoria \u00e9pica y muy merecida en el Nou Municipal, los jugadores creyeron y lucharon hasta el final.<\/p>\n","protected":false},"excerpt":{"rendered":"<p>Gran vict\u00f2ria de la Fundaci\u00f3 Esportiva Grama davant el CE L&#8217;Hospitalet per 2-1 gr\u00e0cies a un gol al minut 95. Els de Santa Coloma segueixen invictes com a locals i tornen a sumar tres punts. En els primers 20 minuts de joc L&#8217;Hospitalet va tenir la possessi\u00f3 de la pilota sense crear perill, tan sols [&hellip;]<\/p>\n","protected":false},"author":1,"featured_media":29438,"comment_status":"closed","ping_status":"closed","sticky":false,"template":"","format":"standard","meta":{"footnotes":""},"categories":[5],"tags":[],"class_list":["post-29431","post","type-post","status-publish","format-standard","has-post-thumbnail","hentry","category-primer-equip"],"_links":{"self":[{"href":"http:\/\/fegrama.cat\/web\/wp-json\/wp\/v2\/posts\/29431","targetHints":{"allow":["GET"]}}],"collection":[{"href":"http:\/\/fegrama.cat\/web\/wp-json\/wp\/v2\/posts"}],"about":[{"href":"http:\/\/fegrama.cat\/web\/wp-json\/wp\/v2\/types\/post"}],"author":[{"embeddable":true,"href":"http:\/\/fegrama.cat\/web\/wp-json\/wp\/v2\/users\/1"}],"replies":[{"embeddable":true,"href":"http:\/\/fegrama.cat\/web\/wp-json\/wp\/v2\/comments?post=29431"}],"version-history":[{"count":5,"href":"http:\/\/fegrama.cat\/web\/wp-json\/wp\/v2\/posts\/29431\/revisions"}],"predecessor-version":[{"id":29439,"href":"http:\/\/fegrama.cat\/web\/wp-json\/wp\/v2\/posts\/29431\/revisions\/29439"}],"wp:featuredmedia":[{"embeddable":true,"href":"http:\/\/fegrama.cat\/web\/wp-json\/wp\/v2\/media\/29438"}],"wp:attachment":[{"href":"http:\/\/fegrama.cat\/web\/wp-json\/wp\/v2\/media?parent=29431"}],"wp:term":[{"taxonomy":"category","embeddable":true,"href":"http:\/\/fegrama.cat\/web\/wp-json\/wp\/v2\/categories?post=29431"},{"taxonomy":"post_tag","embeddable":true,"href":"http:\/\/fegrama.cat\/web\/wp-json\/wp\/v2\/tags?post=29431"}],"curies":[{"name":"wp","href":"https:\/\/api.w.org\/{rel}","templated":true}]}}