{"id":29425,"date":"2021-09-25T10:39:36","date_gmt":"2021-09-25T09:39:36","guid":{"rendered":"http:\/\/fegrama.cat\/web\/?p=29425"},"modified":"2021-09-25T10:39:37","modified_gmt":"2021-09-25T09:39:37","slug":"adrien-awana-nou-fitxatge-per-a-la-defensa","status":"publish","type":"post","link":"http:\/\/fegrama.cat\/web\/adrien-awana-nou-fitxatge-per-a-la-defensa\/","title":{"rendered":"Adrien Awana, nou fitxatge per a la defensa"},"content":{"rendered":"\n<p>Un dels millors defenses de la temporada passada, central revelaci\u00f3 a Tercera Divisi\u00f3, arriba a la Fundaci\u00f3 Esportiva Grama. El curs passat va jugar al CP San Crist\u00f3bal, a l&#8217;estiu es va incorporar al Cerdanyola FC (2\u00aa RFEF) per\u00f2 la seva estada va ser curta. Despr\u00e9s de la seva sortida molts clubs es van interessar ell.<\/p>\n\n\n\n<p>Es tracta d&#8217;Adrien Awana, central franc\u00e8s de 26 anys. La Grama portava ja diversos cursos darrera dels seus passos i aquesta vegada si han aconseguit arribar a un acord. Entitat i jugador han realitzat un esfor\u00e7 perqu\u00e8 les dues parts puguin estar junts aquesta temporada 2021\/22.<\/p>\n\n\n\n<p>Tot i estar tancada la plantilla la Fundaci\u00f3 Grama ha decidit fer aquest esfor\u00e7 de qualitat. Ser\u00e0 la seva segona campanya a Catalunya. Anteriorment ha jugat al seu pa\u00eds natal amb Auxerre B, Stade Bordelais i Concarneau, i en els Estats Units amb Jaspers, New York Red Bulls U-23 i Reading United.<\/p>\n\n\n\n<blockquote class=\"wp-block-quote has-text-align-center is-layout-flow wp-block-quote-is-layout-flow\"><p>Adrien Awana: \u00abS\u00e9 que sempre heu apostat per mi. Estic content d&#8217;arribar a la Grama i amb ganes d&#8217;aportar. Moltes gr\u00e0cies per tot el suport rebut. \u00bb<\/p><\/blockquote>\n\n\n\n<div class=\"wp-block-image\"><figure class=\"aligncenter size-large\"><img loading=\"lazy\" decoding=\"async\" width=\"940\" height=\"788\" src=\"http:\/\/fegrama.cat\/web\/wp-content\/uploads\/2021\/09\/adrien-awana.jpeg\" alt=\"\" class=\"wp-image-29427\" srcset=\"http:\/\/fegrama.cat\/web\/wp-content\/uploads\/2021\/09\/adrien-awana.jpeg 940w, http:\/\/fegrama.cat\/web\/wp-content\/uploads\/2021\/09\/adrien-awana-300x251.jpeg 300w, http:\/\/fegrama.cat\/web\/wp-content\/uploads\/2021\/09\/adrien-awana-768x644.jpeg 768w\" sizes=\"auto, (max-width: 940px) 100vw, 940px\" \/><\/figure><\/div>\n\n\n\n<p>Uno de los mejores defensas de la temporada pasada, central revelaci\u00f3n en Tercera Divisi\u00b4\u00f3n, llega a la Fundaci\u00f3 Esportiva Grama. El curso pasado jug\u00f3 en el CP San Crist\u00f3bal, en verano se incorpor\u00f3 al Cerdanyola FC (2\u00aa RFEF) pero su estancia fue corta. Tras su salida muchos clubes se interesaron \u00e9l.<\/p>\n\n\n\n<p>Se trata de Adrien Awana, central franc\u00e9s de 26 a\u00f1os. La Grama llevaba ya varios cursos tras sus pasos y esta vez si han logrado alcanzar un acuerdo. Entidad y jugador han realizado un esfuerzo para que ambas partes puedan estar juntos esta temporada 2021\/22.<\/p>\n\n\n\n<p>A pesar de estar cerrada la plantilla la Fundaci\u00f3 Grama ha decidido realizar este esfuerzo de calidad. Ser\u00e1 su segunda campa\u00f1a en Catalunya. Anteriormente ha jugado en su pa\u00eds natal con Auxerre B, Stade Bordelais y Concarneau, y en los Estados Unidos con Jaspers, New York Red Bulls U-23 y Reading United.<\/p>\n\n\n\n<blockquote class=\"wp-block-quote is-layout-flow wp-block-quote-is-layout-flow\"><p>Adrien Awana: \u00abS\u00e9 que siempre hab\u00e9is apostado por m\u00ed. Estoy contento de llegar a la Grama y con ganas de aportar. Muchas gracias por todo el apoyo recibido.\u00bb<\/p><\/blockquote>\n","protected":false},"excerpt":{"rendered":"<p>Un dels millors defenses de la temporada passada, central revelaci\u00f3 a Tercera Divisi\u00f3, arriba a la Fundaci\u00f3 Esportiva Grama. El curs passat va jugar al CP San Crist\u00f3bal, a l&#8217;estiu es va incorporar al Cerdanyola FC (2\u00aa RFEF) per\u00f2 la seva estada va ser curta. Despr\u00e9s de la seva sortida molts clubs es van interessar [&hellip;]<\/p>\n","protected":false},"author":1,"featured_media":29427,"comment_status":"closed","ping_status":"closed","sticky":false,"template":"","format":"standard","meta":{"footnotes":""},"categories":[5],"tags":[],"class_list":["post-29425","post","type-post","status-publish","format-standard","has-post-thumbnail","hentry","category-primer-equip"],"_links":{"self":[{"href":"http:\/\/fegrama.cat\/web\/wp-json\/wp\/v2\/posts\/29425","targetHints":{"allow":["GET"]}}],"collection":[{"href":"http:\/\/fegrama.cat\/web\/wp-json\/wp\/v2\/posts"}],"about":[{"href":"http:\/\/fegrama.cat\/web\/wp-json\/wp\/v2\/types\/post"}],"author":[{"embeddable":true,"href":"http:\/\/fegrama.cat\/web\/wp-json\/wp\/v2\/users\/1"}],"replies":[{"embeddable":true,"href":"http:\/\/fegrama.cat\/web\/wp-json\/wp\/v2\/comments?post=29425"}],"version-history":[{"count":2,"href":"http:\/\/fegrama.cat\/web\/wp-json\/wp\/v2\/posts\/29425\/revisions"}],"predecessor-version":[{"id":29428,"href":"http:\/\/fegrama.cat\/web\/wp-json\/wp\/v2\/posts\/29425\/revisions\/29428"}],"wp:featuredmedia":[{"embeddable":true,"href":"http:\/\/fegrama.cat\/web\/wp-json\/wp\/v2\/media\/29427"}],"wp:attachment":[{"href":"http:\/\/fegrama.cat\/web\/wp-json\/wp\/v2\/media?parent=29425"}],"wp:term":[{"taxonomy":"category","embeddable":true,"href":"http:\/\/fegrama.cat\/web\/wp-json\/wp\/v2\/categories?post=29425"},{"taxonomy":"post_tag","embeddable":true,"href":"http:\/\/fegrama.cat\/web\/wp-json\/wp\/v2\/tags?post=29425"}],"curies":[{"name":"wp","href":"https:\/\/api.w.org\/{rel}","templated":true}]}}