{"id":29416,"date":"2021-09-19T19:51:48","date_gmt":"2021-09-19T18:51:48","guid":{"rendered":"http:\/\/fegrama.cat\/web\/?p=29416"},"modified":"2021-09-19T19:51:49","modified_gmt":"2021-09-19T18:51:49","slug":"bon-punt-a-casa-contra-la-damm","status":"publish","type":"post","link":"http:\/\/fegrama.cat\/web\/bon-punt-a-casa-contra-la-damm\/","title":{"rendered":"Bon punt a casa contra la Damm"},"content":{"rendered":"\n\n\n<p>Empat sense gols al Nou Municipal entre dos equips que es van repartir el domini en una part per a cada un, on va ser la Fundaci\u00f3 Grama qui va disposar de les ocasions m\u00e9s clares.<\/p>\n\n\n\n<p>Primer quart d&#8217;hora de partit, on els colomencs van sotmetre als cervesers, primer era Bafode qui avisava amb un xut creuat i despr\u00e9s el debutant Darling errava una doble ocasi\u00f3 en un m\u00e0 a m\u00e0 amb el porter vermellenc. Intentava desplegar-la la Damm que generava poc perill i tot a pilota aturada.<\/p>\n\n\n\n<p>Corria el minut 27 quan els de Santa Coloma van tenir l&#8217;ocasi\u00f3 m\u00e9s clara de la primera part, una gran jugada del punta Bafode que cedia a Uri i dins l&#8217;\u00e0rea enviava un xut al travesser. El seguien intentant els de Manu Pel\u00e1ez sense premi. Amb 0-0 s&#8217;arribava a la mitja part.<\/p>\n\n\n\n<figure class=\"wp-block-image size-large\"><img loading=\"lazy\" decoding=\"async\" width=\"1024\" height=\"683\" src=\"http:\/\/fegrama.cat\/web\/wp-content\/uploads\/2021\/09\/IMG-20210919-WA0011-1024x683.jpg\" alt=\"\" class=\"wp-image-29419\" srcset=\"http:\/\/fegrama.cat\/web\/wp-content\/uploads\/2021\/09\/IMG-20210919-WA0011-1024x683.jpg 1024w, http:\/\/fegrama.cat\/web\/wp-content\/uploads\/2021\/09\/IMG-20210919-WA0011-300x200.jpg 300w, http:\/\/fegrama.cat\/web\/wp-content\/uploads\/2021\/09\/IMG-20210919-WA0011-768x512.jpg 768w, http:\/\/fegrama.cat\/web\/wp-content\/uploads\/2021\/09\/IMG-20210919-WA0011-1536x1024.jpg 1536w, http:\/\/fegrama.cat\/web\/wp-content\/uploads\/2021\/09\/IMG-20210919-WA0011.jpg 2048w\" sizes=\"auto, (max-width: 1024px) 100vw, 1024px\" \/><\/figure>\n\n\n\n<p>A la represa, el comen\u00e7ament de la segona part comen\u00e7ava amb la mateixa t\u00f2nica, els blaus erraven una ocasi\u00f3 de gol que el porter visitant enviava a c\u00f3rner. Transcorria el minut 57, quan un error del porter Marcos al controlar una pilota propiciava que el davanter cerveser li rob\u00e9s la pilota i es vei\u00e9s caure dins l&#8217;\u00e0rea. Penal a favor de Damm, i el mateix Marcos esmenaria el seu error detenint la pena m\u00e0xima.<\/p>\n\n\n\n<p>A partir d&#8217;aqu\u00ed, domini de la possessi\u00f3 dels vermells, que es feien amb l&#8217;esf\u00e8ric davant d&#8217;una Grama molt cansada, que tractava d&#8217;ordenar-se defensivament. L&#8217;intentaven els visitants que donaven m\u00e9s sensaci\u00f3 de domini per la seva circulaci\u00f3 de la pilota que no per les ocasions.<\/p>\n\n\n\n<p>Es defensaven b\u00e9 els de Santa Coloma, que disposarien de l&#8217;\u00faltima ocasi\u00f3 clara, on el punta Dani, que havia entrat de refresc, treia un potent xut que el porter Alvaro enviava a c\u00f3rner. 0-0 final i tercer partit consecutiu en qu\u00e8 els Can Peixauet tenen m\u00e9s ocasions que el seu oponent i no aconsegueixen emportar-se els 3 punts.<\/p>\n\n\n\n<p class=\"has-text-align-right\"><strong><em>Fotos: Carlos P\u00e9rez<\/em><\/strong><\/p>\n\n\n\n<div class=\"wp-block-image\"><figure class=\"aligncenter size-large\"><img loading=\"lazy\" decoding=\"async\" width=\"1024\" height=\"683\" src=\"http:\/\/fegrama.cat\/web\/wp-content\/uploads\/2021\/09\/IMG-20210919-WA0014-1024x683.jpg\" alt=\"\" class=\"wp-image-29418\" srcset=\"http:\/\/fegrama.cat\/web\/wp-content\/uploads\/2021\/09\/IMG-20210919-WA0014-1024x683.jpg 1024w, http:\/\/fegrama.cat\/web\/wp-content\/uploads\/2021\/09\/IMG-20210919-WA0014-300x200.jpg 300w, http:\/\/fegrama.cat\/web\/wp-content\/uploads\/2021\/09\/IMG-20210919-WA0014-768x512.jpg 768w, http:\/\/fegrama.cat\/web\/wp-content\/uploads\/2021\/09\/IMG-20210919-WA0014-1536x1024.jpg 1536w, http:\/\/fegrama.cat\/web\/wp-content\/uploads\/2021\/09\/IMG-20210919-WA0014.jpg 2048w\" sizes=\"auto, (max-width: 1024px) 100vw, 1024px\" \/><\/figure><\/div>\n\n\n\n<p>Empate sin goles en el Nou Municipal entre dos equipos que se repartieron el dominio en una parte para cada uno, donde fue la Fundaci\u00f3 Grama quien dispuso de las ocasiones m\u00e1s claras.<\/p>\n\n\n\n<p>Primer cuarto de hora de partido, donde los colomenses sometieron a los cerveceros, primero era Bafode quien avisaba con un chut cruzado y despu\u00e9s el debutante Darling erraba una doble ocasi\u00f3n en un mano a mano con el portero rojillo. Intentaba desplegarse la Damm que generaba poco peligro y todo a bal\u00f3n parado. <\/p>\n\n\n\n<p>Corr\u00eda el minuto 27 cuando los de Santa Coloma tuvieron la ocasi\u00f3n m\u00e1s clara de la primera parte, una gran jugada del punta Bafode que ced\u00eda a Uri y dentro del \u00e1rea enviaba un disparo al larguero. Lo segu\u00edan intentando los de Manu Pel\u00e1ez sin premio. Con 0-0 se llegaba al descanso.<\/p>\n\n\n\n<p>En la reanudaci\u00f3n, el comienzo de la segunda parte empezaba con la misma t\u00f3nica, los azules erraban una ocasi\u00f3n de gol que el meta visitante enviaba a c\u00f3rner. Transcurr\u00eda el minuto 57, cuando un error del meta Marcos al controlar un bal\u00f3n propiciaba que el delantero cervecero le robara la pelota y se viese derribado dentro del \u00e1rea. Penalti a favor de Damm, y el propio Marcos enmendar\u00eda su error deteniendo la pena m\u00e1xima.<\/p>\n\n\n\n<p>A partir de aqu\u00ed, dominio de la posesion de los rojos, que se hac\u00edan con el esf\u00e9rico ante una Grama muy cansada, que trataba de ordenarse defensivamente. Lo intentaban los visitantes que daban m\u00e1s sensaci\u00f3n de dominio por su circulaci\u00f3n del bal\u00f3n que no por las ocasiones.<\/p>\n\n\n\n<p>Se defend\u00edan bien los de Santa Coloma, que dispondr\u00edan de la \u00faltima ocasi\u00f3n clara, donde \u00e9l punta Dani, que hab\u00eda entrado de refresco, sacaba un potente disparo que el meta Alvaro enviaba a c\u00f3rner. 0-0 final y tercer partido consecutivo donde los Can Peixauet tienen m\u00e1s ocasiones que su oponente y no consiguen llevarse los 3 puntos.<\/p>\n","protected":false},"excerpt":{"rendered":"<p>Empat sense gols al Nou Municipal entre dos equips que es van repartir el domini en una part per a cada un, on va ser la Fundaci\u00f3 Grama qui va disposar de les ocasions m\u00e9s clares. Primer quart d&#8217;hora de partit, on els colomencs van sotmetre als cervesers, primer era Bafode qui avisava amb un [&hellip;]<\/p>\n","protected":false},"author":1,"featured_media":29418,"comment_status":"closed","ping_status":"closed","sticky":false,"template":"","format":"standard","meta":{"footnotes":""},"categories":[4,6],"tags":[],"class_list":["post-29416","post","type-post","status-publish","format-standard","has-post-thumbnail","hentry","category-base-inclusiu","category-juvenils"],"_links":{"self":[{"href":"http:\/\/fegrama.cat\/web\/wp-json\/wp\/v2\/posts\/29416","targetHints":{"allow":["GET"]}}],"collection":[{"href":"http:\/\/fegrama.cat\/web\/wp-json\/wp\/v2\/posts"}],"about":[{"href":"http:\/\/fegrama.cat\/web\/wp-json\/wp\/v2\/types\/post"}],"author":[{"embeddable":true,"href":"http:\/\/fegrama.cat\/web\/wp-json\/wp\/v2\/users\/1"}],"replies":[{"embeddable":true,"href":"http:\/\/fegrama.cat\/web\/wp-json\/wp\/v2\/comments?post=29416"}],"version-history":[{"count":2,"href":"http:\/\/fegrama.cat\/web\/wp-json\/wp\/v2\/posts\/29416\/revisions"}],"predecessor-version":[{"id":29420,"href":"http:\/\/fegrama.cat\/web\/wp-json\/wp\/v2\/posts\/29416\/revisions\/29420"}],"wp:featuredmedia":[{"embeddable":true,"href":"http:\/\/fegrama.cat\/web\/wp-json\/wp\/v2\/media\/29418"}],"wp:attachment":[{"href":"http:\/\/fegrama.cat\/web\/wp-json\/wp\/v2\/media?parent=29416"}],"wp:term":[{"taxonomy":"category","embeddable":true,"href":"http:\/\/fegrama.cat\/web\/wp-json\/wp\/v2\/categories?post=29416"},{"taxonomy":"post_tag","embeddable":true,"href":"http:\/\/fegrama.cat\/web\/wp-json\/wp\/v2\/tags?post=29416"}],"curies":[{"name":"wp","href":"https:\/\/api.w.org\/{rel}","templated":true}]}}