{"id":29407,"date":"2021-09-19T19:16:25","date_gmt":"2021-09-19T18:16:25","guid":{"rendered":"http:\/\/fegrama.cat\/web\/?p=29407"},"modified":"2021-09-20T08:30:36","modified_gmt":"2021-09-20T07:30:36","slug":"esforc-en-va","status":"publish","type":"post","link":"http:\/\/fegrama.cat\/web\/esforc-en-va\/","title":{"rendered":"Esfor\u00e7 en va (2-1)"},"content":{"rendered":"\n<figure class=\"wp-block-image size-large\"><img loading=\"lazy\" decoding=\"async\" width=\"1024\" height=\"768\" src=\"http:\/\/fegrama.cat\/web\/wp-content\/uploads\/2021\/09\/IMG-20210919-WA0022-1024x768.jpg\" alt=\"\" class=\"wp-image-29412\" srcset=\"http:\/\/fegrama.cat\/web\/wp-content\/uploads\/2021\/09\/IMG-20210919-WA0022-1024x768.jpg 1024w, http:\/\/fegrama.cat\/web\/wp-content\/uploads\/2021\/09\/IMG-20210919-WA0022-300x225.jpg 300w, http:\/\/fegrama.cat\/web\/wp-content\/uploads\/2021\/09\/IMG-20210919-WA0022-768x576.jpg 768w, http:\/\/fegrama.cat\/web\/wp-content\/uploads\/2021\/09\/IMG-20210919-WA0022-1536x1152.jpg 1536w, http:\/\/fegrama.cat\/web\/wp-content\/uploads\/2021\/09\/IMG-20210919-WA0022.jpg 2016w\" sizes=\"auto, (max-width: 1024px) 100vw, 1024px\" \/><figcaption>Foto: Laura Hern\u00e1ndez<\/figcaption><\/figure>\n\n\n\n<p>La Fundaci\u00f3 Esportiva Grama va caure 2-1 davant el CF Peralada despr\u00e9s d&#8217;encaixar un gol en l&#8217;afegit. Els de Juanma Pons van fer un bon partit per\u00f2 no van poder sumar.<\/p>\n\n\n\n<p>En el primer minut de joc el conjunt local aconseguia avan\u00e7ar-se al marcador despr\u00e9s d&#8217;una pilota penjada a l&#8217;\u00e0rea a la qu\u00e8 va arribar amb la punta de la bota Marc Gelm\u00e0 per fer l&#8217;1-0.<\/p>\n\n\n\n<p>Un bon inici del Peralada que va tenir el segon al 9 per\u00f2 la defensa va avortar l&#8217;ocasi\u00f3. Primer quart d&#8217;hora dominat pels locals que des de lluny tamb\u00e9 van provar amb un xut per sobre de la porteria.<\/p>\n\n\n\n<p>A poc a poc la Grama va comen\u00e7ar a carburar, realitzant el seu joc i les primeres ocasions van arribar. Molins va fer estirar al porter i Recort tamb\u00e9 es va topar amb ell despr\u00e9s internar-se a l&#8217;\u00e0rea. A la mitja part l&#8217;1-0 es va quedar a l&#8217;electr\u00f2nic, els colomencs havien fet un pas endavant i dominaven, per\u00f2 el resultat no es va moure.<\/p>\n\n\n\n<figure class=\"wp-block-image size-large\"><img loading=\"lazy\" decoding=\"async\" width=\"1024\" height=\"768\" src=\"http:\/\/fegrama.cat\/web\/wp-content\/uploads\/2021\/09\/IMG-20210919-WA0019-1024x768.jpg\" alt=\"\" class=\"wp-image-29413\" srcset=\"http:\/\/fegrama.cat\/web\/wp-content\/uploads\/2021\/09\/IMG-20210919-WA0019-1024x768.jpg 1024w, http:\/\/fegrama.cat\/web\/wp-content\/uploads\/2021\/09\/IMG-20210919-WA0019-300x225.jpg 300w, http:\/\/fegrama.cat\/web\/wp-content\/uploads\/2021\/09\/IMG-20210919-WA0019-768x576.jpg 768w, http:\/\/fegrama.cat\/web\/wp-content\/uploads\/2021\/09\/IMG-20210919-WA0019-1536x1152.jpg 1536w, http:\/\/fegrama.cat\/web\/wp-content\/uploads\/2021\/09\/IMG-20210919-WA0019.jpg 2016w\" sizes=\"auto, (max-width: 1024px) 100vw, 1024px\" \/><\/figure>\n\n\n\n<p>A la segona meitat va arrencar la Grama forta buscant el gol. Al minut 54 Pantoja amb un xut creuat empatava, un gol de pur 9 i despr\u00e9s d&#8217;una jugada r\u00e0pida amb una passada filtrada a l&#8217;\u00e0rea de Recort.<\/p>\n\n\n\n<p>La reacci\u00f3 del Peralada va ser immediata per\u00f2 es van topar en dues ocasions amb Dani Guiseris. Primer va evitar un gol cantat despr\u00e9s quedar-se sol el davanter rival i poc despr\u00e9s amb els peus evitava una ocasi\u00f3 clara (60&#8242;).<\/p>\n\n\n\n<p>D&#8217;aqu\u00ed al final poques ocasions per\u00f2 un partit molt obert i interessant. Els dos equips no van abaixar el ritme, lluitant cada pilota i molt intensos a la recerca del gol. Tamb\u00e9 el terreny de joc va provocar moltes indecisions en les passades.<\/p>\n\n\n\n<p>Quan tot semblava indicar que acabaria el partit en taules va arribar el 2-1. Una pilota penjada a l&#8217;\u00e0rea va ser tocada per Sergi Romero i Guiseris atallava sense problemes, per\u00f2 desgraciadament la pilota se li escaparia de les mans i acabaria al fons de la xarxa. Un cruel final despr\u00e9s d&#8217;un bon partit.<\/p>\n\n\n\n<figure class=\"wp-block-image size-large\"><img loading=\"lazy\" decoding=\"async\" width=\"1024\" height=\"768\" src=\"http:\/\/fegrama.cat\/web\/wp-content\/uploads\/2021\/09\/IMG-20210919-WA0015-1024x768.jpg\" alt=\"\" class=\"wp-image-29410\" srcset=\"http:\/\/fegrama.cat\/web\/wp-content\/uploads\/2021\/09\/IMG-20210919-WA0015-1024x768.jpg 1024w, http:\/\/fegrama.cat\/web\/wp-content\/uploads\/2021\/09\/IMG-20210919-WA0015-300x225.jpg 300w, http:\/\/fegrama.cat\/web\/wp-content\/uploads\/2021\/09\/IMG-20210919-WA0015-768x576.jpg 768w, http:\/\/fegrama.cat\/web\/wp-content\/uploads\/2021\/09\/IMG-20210919-WA0015-1536x1152.jpg 1536w, http:\/\/fegrama.cat\/web\/wp-content\/uploads\/2021\/09\/IMG-20210919-WA0015.jpg 2016w\" sizes=\"auto, (max-width: 1024px) 100vw, 1024px\" \/><\/figure>\n\n\n\n<p>La Fundaci\u00f3 Esportiva Grama cay\u00f3 2-1 ante el CF Peralada tras encajar un gol en el a\u00f1adido. Los de Juanma Pons hicierin un buen partido pero no pudieron sumar.<\/p>\n\n\n\n<p>En el primer minuto de juego el conjunto local consegu\u00eda adelantarse en el marcador tras un bal\u00f3n colgado al \u00e1rea al que lleg\u00f3 con la punta de la bota Marc Gelm\u00e0 para hacer el 1-0.<\/p>\n\n\n\n<p>Un buen inicio del Peralada que tuvo el segundo en el 9 pero la defensa abort\u00f3 la ocasi\u00f3n. Primer cuarto de hora dominado por los locales que desde lejos tambi\u00e9n probaron con un chut por encima de la porter\u00eda.<\/p>\n\n\n\n<p>Poco a poco la Grama empez\u00f3 a carburar, realizando su juego y las primeras ocasiones llegaron. Molins hizo estirar al portero y Recort tambi\u00e9n se top\u00f3 con \u00e9l tras internarse en el \u00e1rea. Al descanso el 1-0 se qued\u00f3 en el electr\u00f3nico, los colomenses hab\u00edan dado un paso adelante y dominaban pero el resultado no se movi\u00f3.<\/p>\n\n\n\n<p>En la segunda mitad arranc\u00f3 la Grama fuerte buscando el gol. En el minuto 54 Pantoja con un tiro cruzado empataba, un gol de puro 9 y tras una jugada r\u00e1pida con un pase filtrado al \u00e1rea de Recort.<\/p>\n\n\n\n<p>La reacci\u00f3n del Peralada fue inmediata pero se toparon en dos ocasiones con Dani Guiseris. Primero evit\u00f3 un gol cantado tras quedarse solo el delantero rival y poco despu\u00e9s con los pies evitaba una ocasi\u00f3n clara (60&#8242;).<\/p>\n\n\n\n<p>De aqu\u00ed al final pocas ocasiones pero un partido muy abierto e interesante. Los dos equipos no bajaron el ritmo, luchando cada pelota y muy intensos en busca del gol. Tambi\u00e9n el terreno de juego provoc\u00f3 muchas indecisiones en los pases.<\/p>\n\n\n\n<p>Cuando todo parec\u00eda indicar que acabar\u00eda el partido en tablas lleg\u00f3 el 2-1. Una pelota colgada al \u00e1rea fue tocada por Sergi Romero y Guiseris atajaba sin problemas, pero desgraciadamente el bal\u00f3n se le escapar\u00eda de las manos y acabar\u00eda en el fondo de la red. Un cruel final despu\u00e9s de un buen partido.<\/p>\n","protected":false},"excerpt":{"rendered":"<p>La Fundaci\u00f3 Esportiva Grama va caure 2-1 davant el CF Peralada despr\u00e9s d&#8217;encaixar un gol en l&#8217;afegit. Els de Juanma Pons van fer un bon partit per\u00f2 no van poder sumar. En el primer minut de joc el conjunt local aconseguia avan\u00e7ar-se al marcador despr\u00e9s d&#8217;una pilota penjada a l&#8217;\u00e0rea a la qu\u00e8 va arribar [&hellip;]<\/p>\n","protected":false},"author":1,"featured_media":29412,"comment_status":"closed","ping_status":"closed","sticky":false,"template":"","format":"standard","meta":{"footnotes":""},"categories":[5],"tags":[],"class_list":["post-29407","post","type-post","status-publish","format-standard","has-post-thumbnail","hentry","category-primer-equip"],"_links":{"self":[{"href":"http:\/\/fegrama.cat\/web\/wp-json\/wp\/v2\/posts\/29407","targetHints":{"allow":["GET"]}}],"collection":[{"href":"http:\/\/fegrama.cat\/web\/wp-json\/wp\/v2\/posts"}],"about":[{"href":"http:\/\/fegrama.cat\/web\/wp-json\/wp\/v2\/types\/post"}],"author":[{"embeddable":true,"href":"http:\/\/fegrama.cat\/web\/wp-json\/wp\/v2\/users\/1"}],"replies":[{"embeddable":true,"href":"http:\/\/fegrama.cat\/web\/wp-json\/wp\/v2\/comments?post=29407"}],"version-history":[{"count":5,"href":"http:\/\/fegrama.cat\/web\/wp-json\/wp\/v2\/posts\/29407\/revisions"}],"predecessor-version":[{"id":29424,"href":"http:\/\/fegrama.cat\/web\/wp-json\/wp\/v2\/posts\/29407\/revisions\/29424"}],"wp:featuredmedia":[{"embeddable":true,"href":"http:\/\/fegrama.cat\/web\/wp-json\/wp\/v2\/media\/29412"}],"wp:attachment":[{"href":"http:\/\/fegrama.cat\/web\/wp-json\/wp\/v2\/media?parent=29407"}],"wp:term":[{"taxonomy":"category","embeddable":true,"href":"http:\/\/fegrama.cat\/web\/wp-json\/wp\/v2\/categories?post=29407"},{"taxonomy":"post_tag","embeddable":true,"href":"http:\/\/fegrama.cat\/web\/wp-json\/wp\/v2\/tags?post=29407"}],"curies":[{"name":"wp","href":"https:\/\/api.w.org\/{rel}","templated":true}]}}