{"id":29379,"date":"2021-09-11T12:07:15","date_gmt":"2021-09-11T11:07:15","guid":{"rendered":"http:\/\/fegrama.cat\/web\/?p=29379"},"modified":"2021-09-11T12:08:16","modified_gmt":"2021-09-11T11:08:16","slug":"la-grama-present-a-la-ofrena-floral-de-la-diada-de-catalunya","status":"publish","type":"post","link":"http:\/\/fegrama.cat\/web\/la-grama-present-a-la-ofrena-floral-de-la-diada-de-catalunya\/","title":{"rendered":"La Grama present a la ofrena floral  de la Diada de Catalunya"},"content":{"rendered":"\n<div class=\"wp-block-image\"><figure class=\"aligncenter size-large\"><img loading=\"lazy\" decoding=\"async\" width=\"1024\" height=\"1024\" src=\"http:\/\/fegrama.cat\/web\/wp-content\/uploads\/2021\/09\/ofrendadiada21-1024x1024.jpeg\" alt=\"\" class=\"wp-image-29382\" srcset=\"http:\/\/fegrama.cat\/web\/wp-content\/uploads\/2021\/09\/ofrendadiada21-1024x1024.jpeg 1024w, http:\/\/fegrama.cat\/web\/wp-content\/uploads\/2021\/09\/ofrendadiada21-300x300.jpeg 300w, http:\/\/fegrama.cat\/web\/wp-content\/uploads\/2021\/09\/ofrendadiada21-150x150.jpeg 150w, http:\/\/fegrama.cat\/web\/wp-content\/uploads\/2021\/09\/ofrendadiada21-768x768.jpeg 768w, http:\/\/fegrama.cat\/web\/wp-content\/uploads\/2021\/09\/ofrendadiada21.jpeg 1512w\" sizes=\"auto, (max-width: 1024px) 100vw, 1024px\" \/><\/figure><\/div>\n\n\n\n<p>A les 10:30 hores es va dur a terme la tradicional ofrena floral a la Pla\u00e7a de la Vila per commemorar la Diada Nacional de Catalunya. La Fundaci\u00f3 Esportiva Grama va estar present a l&#8217;acte al costat d&#8217;altres entitats de la ciutat.<\/p>\n\n\n\n<p>No va poder ser present el nostre President Antonio Morales, que es troba a Ja\u00e9n, per\u00f2 si que va estar en tot moment en comunicaci\u00f3 amb el Vicepresident, Manolo Garc\u00eda, per a l&#8217;organitzaci\u00f3 de l&#8217;expedici\u00f3 gramanetista que acudiria a aquest tradicional acte.<\/p>\n\n\n\n<p>En representaci\u00f3 de la FE Grama van acudir: Manolo Garc\u00eda (Vicepresident), Jordi Mart\u00ednez (Coordinador General), Encarni Santiago (Tresorera), Juanma Pons (Entrenador 1r Equip), Roger Peris (Capit\u00e0 1r equip) i diversos jugadors i jugadoras del nostre futbol base i femen\u00ed.<\/p>\n\n\n\n<div class=\"wp-block-image\"><figure class=\"aligncenter size-large\"><img loading=\"lazy\" decoding=\"async\" width=\"1024\" height=\"1024\" src=\"http:\/\/fegrama.cat\/web\/wp-content\/uploads\/2021\/09\/2ofredadiada21-1024x1024.jpeg\" alt=\"\" class=\"wp-image-29380\" srcset=\"http:\/\/fegrama.cat\/web\/wp-content\/uploads\/2021\/09\/2ofredadiada21-1024x1024.jpeg 1024w, http:\/\/fegrama.cat\/web\/wp-content\/uploads\/2021\/09\/2ofredadiada21-300x300.jpeg 300w, http:\/\/fegrama.cat\/web\/wp-content\/uploads\/2021\/09\/2ofredadiada21-150x150.jpeg 150w, http:\/\/fegrama.cat\/web\/wp-content\/uploads\/2021\/09\/2ofredadiada21-768x768.jpeg 768w, http:\/\/fegrama.cat\/web\/wp-content\/uploads\/2021\/09\/2ofredadiada21.jpeg 1512w\" sizes=\"auto, (max-width: 1024px) 100vw, 1024px\" \/><figcaption>D&#8217;esquerra a dreta: Juanma Pons (Entrenador 1r Equip), Manolo Garc\u00eda (Vicepresident), Encarni Santiago (Tresorera), Roger Peris (Capit\u00e0 1r equip) i Jordi Mart\u00ednez (Coordinador General)<\/figcaption><\/figure><\/div>\n\n\n\n<div class=\"wp-block-image\"><figure class=\"aligncenter size-large\"><img loading=\"lazy\" decoding=\"async\" width=\"1454\" height=\"1454\" src=\"http:\/\/fegrama.cat\/web\/wp-content\/uploads\/2021\/09\/3ofrendadiada21-edited.jpeg\" alt=\"\" class=\"wp-image-29383\" srcset=\"http:\/\/fegrama.cat\/web\/wp-content\/uploads\/2021\/09\/3ofrendadiada21-edited.jpeg 1454w, http:\/\/fegrama.cat\/web\/wp-content\/uploads\/2021\/09\/3ofrendadiada21-edited-300x300.jpeg 300w, http:\/\/fegrama.cat\/web\/wp-content\/uploads\/2021\/09\/3ofrendadiada21-edited-1024x1024.jpeg 1024w, http:\/\/fegrama.cat\/web\/wp-content\/uploads\/2021\/09\/3ofrendadiada21-edited-150x150.jpeg 150w, http:\/\/fegrama.cat\/web\/wp-content\/uploads\/2021\/09\/3ofrendadiada21-edited-768x768.jpeg 768w\" sizes=\"auto, (max-width: 1454px) 100vw, 1454px\" \/><\/figure><\/div>\n\n\n\n<p>A las 10:30 horas se llev\u00f3 a cabo la tradicional ofrenda floral en la Pla\u00e7a de la Vila para conmemorar la Diada Nacional de Catalunya. La Fundaci\u00f3 Esportiva Grama estuvo presente en el acto junto a otras entidades de la ciudad. <\/p>\n\n\n\n<p>No pudo estar presente nuestro Presidente Antonio Morales, quien se encuentra en Ja\u00e9n, pero si que estuvo en todo momento en comunicaci\u00f3n con el Vicepresidente, Manolo Garc\u00eda, para la organizaci\u00f3n de la expedici\u00f3n gramanetista que acudir\u00eda a este tradicional acto.<\/p>\n\n\n\n<p>En representaci\u00f3n de la FE Grama acudieron: Manolo Garc\u00eda (Vicepresidente), Jordi Mart\u00ednez (Coordinador General), Encarni Santiago (Tesorera), Juanma Pons (Entrenador 1r Equip), Roger Peris (Capit\u00e0 1r equip) y varios jugadores y jugadoras de nuestro f\u00fatbol base y femenino.<\/p>\n","protected":false},"excerpt":{"rendered":"<p>A les 10:30 hores es va dur a terme la tradicional ofrena floral a la Pla\u00e7a de la Vila per commemorar la Diada Nacional de Catalunya. La Fundaci\u00f3 Esportiva Grama va estar present a l&#8217;acte al costat d&#8217;altres entitats de la ciutat. No va poder ser present el nostre President Antonio Morales, que es troba [&hellip;]<\/p>\n","protected":false},"author":1,"featured_media":29382,"comment_status":"closed","ping_status":"closed","sticky":false,"template":"","format":"standard","meta":{"footnotes":""},"categories":[14,15],"tags":[],"class_list":["post-29379","post","type-post","status-publish","format-standard","has-post-thumbnail","hentry","category-noticies","category-noticies-destacades"],"_links":{"self":[{"href":"http:\/\/fegrama.cat\/web\/wp-json\/wp\/v2\/posts\/29379","targetHints":{"allow":["GET"]}}],"collection":[{"href":"http:\/\/fegrama.cat\/web\/wp-json\/wp\/v2\/posts"}],"about":[{"href":"http:\/\/fegrama.cat\/web\/wp-json\/wp\/v2\/types\/post"}],"author":[{"embeddable":true,"href":"http:\/\/fegrama.cat\/web\/wp-json\/wp\/v2\/users\/1"}],"replies":[{"embeddable":true,"href":"http:\/\/fegrama.cat\/web\/wp-json\/wp\/v2\/comments?post=29379"}],"version-history":[{"count":3,"href":"http:\/\/fegrama.cat\/web\/wp-json\/wp\/v2\/posts\/29379\/revisions"}],"predecessor-version":[{"id":29386,"href":"http:\/\/fegrama.cat\/web\/wp-json\/wp\/v2\/posts\/29379\/revisions\/29386"}],"wp:featuredmedia":[{"embeddable":true,"href":"http:\/\/fegrama.cat\/web\/wp-json\/wp\/v2\/media\/29382"}],"wp:attachment":[{"href":"http:\/\/fegrama.cat\/web\/wp-json\/wp\/v2\/media?parent=29379"}],"wp:term":[{"taxonomy":"category","embeddable":true,"href":"http:\/\/fegrama.cat\/web\/wp-json\/wp\/v2\/categories?post=29379"},{"taxonomy":"post_tag","embeddable":true,"href":"http:\/\/fegrama.cat\/web\/wp-json\/wp\/v2\/tags?post=29379"}],"curies":[{"name":"wp","href":"https:\/\/api.w.org\/{rel}","templated":true}]}}