{"id":29363,"date":"2021-09-05T18:47:51","date_gmt":"2021-09-05T17:47:51","guid":{"rendered":"http:\/\/fegrama.cat\/web\/?p=29363"},"modified":"2021-09-05T18:49:00","modified_gmt":"2021-09-05T17:49:00","slug":"el-juvenil-a-va-pagar-car-la-falta-de-gol-en-el-seu-debut","status":"publish","type":"post","link":"http:\/\/fegrama.cat\/web\/el-juvenil-a-va-pagar-car-la-falta-de-gol-en-el-seu-debut\/","title":{"rendered":"El Juvenil A va pagar car la falta de gol en el seu debut"},"content":{"rendered":"\n<p>Derrota injusta en el debut del Juvenil A, que per ocasions i joc va mer\u00e8ixer molt m\u00e9s. El marcador final a la primera jornada de Lliga Nacional va ser de 0-2 favorable al CE Matar\u00f3.<\/p>\n\n\n\n<div class=\"wp-block-image\"><figure class=\"aligncenter size-large\"><img loading=\"lazy\" decoding=\"async\" width=\"1024\" height=\"683\" src=\"http:\/\/fegrama.cat\/web\/wp-content\/uploads\/2021\/09\/juvAmat0509-1024x683.jpeg\" alt=\"\" class=\"wp-image-29366\" srcset=\"http:\/\/fegrama.cat\/web\/wp-content\/uploads\/2021\/09\/juvAmat0509-1024x683.jpeg 1024w, http:\/\/fegrama.cat\/web\/wp-content\/uploads\/2021\/09\/juvAmat0509-300x200.jpeg 300w, http:\/\/fegrama.cat\/web\/wp-content\/uploads\/2021\/09\/juvAmat0509-768x512.jpeg 768w, http:\/\/fegrama.cat\/web\/wp-content\/uploads\/2021\/09\/juvAmat0509-1536x1024.jpeg 1536w, http:\/\/fegrama.cat\/web\/wp-content\/uploads\/2021\/09\/juvAmat0509.jpeg 2048w\" sizes=\"auto, (max-width: 1024px) 100vw, 1024px\" \/><figcaption>Primer 11 de la temporada 2021\/22. Foto: Carlos P\u00e9rez<\/figcaption><\/figure><\/div>\n\n\n\n<p>El partit arrencava amb els colomencs prement en \u00e0rea rival, s&#8217;aproximaven els de Manu Pel\u00e1ez amb un xut d&#8217;Uri que va sortir pel lateral de la xarxa. Primers 15 minuts de domini blau. Despr\u00e9s d&#8217;aquests primers minuts reacci\u00f3 del Matar\u00f3 que amena\u00e7ava en dues ocasions la porteria de Pau. Despr\u00e9s de l&#8217;aturada d&#8217;hidrataci\u00f3, de nou el conjunt de Santa Coloma va anar a la c\u00e0rrega, buscaven avan\u00e7ar-se al marcador els locals ia punt van estar de fer-ho en l&#8217;\u00faltima jugada de la primera meitat, on el davanter Bafode en un m\u00e0 a m\u00e0 amb el porter enviava la pilota per sobre del travesser.<\/p>\n\n\n\n<p>A la represa, mateixa t\u00f2nica, la Fundaci\u00f3 impedint que Matar\u00f3 traspass\u00e9s el seu propi camp per\u00f2 desgraciadament en un despla\u00e7ament en llarg va arribar el gol. Una gran jugada de l&#8217;extrem Dawda, propiciava una centrada des de banda dreta que el davanter del maresme Ayoub volejaba al fons de la xarxa posant el 0-1 (54&#8242;).<\/p>\n\n\n\n<p>Reaccionaven els colomencs. Guiteras a pilota aturada, Rub\u00e9n despr\u00e9s d&#8217;una gran jugada individual que la pilota va fregar el pal i Oliver en dues ocasions van disposar d&#8217;ocasions clar\u00edssimes per fer l&#8217;empat davant un Matar\u00f3 que es defensava com podia.<\/p>\n\n\n\n<p>Es bolcaven a l&#8217;atac els de Can Peixauet i quan semblava que m\u00e9s a prop estaven una errada defensiva propiciava que en el minut 86 el davanter Nacho sentenci\u00e9s amb el 0-2 definitiu.<\/p>\n\n\n\n<p>Injusta derrota i irreprotxable actitud dels colomenes que es van buidar completament per obtenir un millor resultat.<\/p>\n\n\n\n<div class=\"wp-block-image\"><figure class=\"aligncenter size-large\"><img loading=\"lazy\" decoding=\"async\" width=\"1024\" height=\"683\" src=\"http:\/\/fegrama.cat\/web\/wp-content\/uploads\/2021\/09\/1juvAmat0509-1024x683.jpeg\" alt=\"\" class=\"wp-image-29367\" srcset=\"http:\/\/fegrama.cat\/web\/wp-content\/uploads\/2021\/09\/1juvAmat0509-1024x683.jpeg 1024w, http:\/\/fegrama.cat\/web\/wp-content\/uploads\/2021\/09\/1juvAmat0509-300x200.jpeg 300w, http:\/\/fegrama.cat\/web\/wp-content\/uploads\/2021\/09\/1juvAmat0509-768x512.jpeg 768w, http:\/\/fegrama.cat\/web\/wp-content\/uploads\/2021\/09\/1juvAmat0509-1536x1024.jpeg 1536w, http:\/\/fegrama.cat\/web\/wp-content\/uploads\/2021\/09\/1juvAmat0509.jpeg 2048w\" sizes=\"auto, (max-width: 1024px) 100vw, 1024px\" \/><figcaption>Foto: Carlos P\u00e9rez<\/figcaption><\/figure><\/div>\n\n\n\n<p>Derrota injusta en el debut del Juvenil A, que por ocasiones y juego mereci\u00f3 mucho m\u00e1s. El marcador final en la primera jornada de Liga Nacional fue de 0-2 favorable al CE Matar\u00f3.<\/p>\n\n\n\n<p>El partido arrancaba con los colomenses apretando en \u00e1rea rival, se aproximaban los de Manu Pel\u00e1ez con un disparo de Uri que sali\u00f3 por el lateral de la red. Primeros 15 minutos de dominio azul. Tras estos primeros minutos reacci\u00f3n del Matar\u00f3 que amenazaba en dos ocasiones la porter\u00eda de Pablo. Tras el par\u00f3n de hidrataci\u00f3n, de nuevo el conjunto de Santa Coloma fue a la carga, buscaban adelantarse en el marcador los locales y a punto estuvieron de hacerlo en la \u00faltima jugada de la primera mitad, donde el delantero Bafode en un mano a mano con el portero enviaba el bal\u00f3n por encima del travesa\u00f1o. <\/p>\n\n\n\n<p>En la reanudaci\u00f3n, misma t\u00f3nica, la Fundaci\u00f3 impidiendo que Matar\u00f3 traspasara su propio campo desgraciadamente en un desplazamiento en largo lleg\u00f3 el gol. Una gran jugada del extremo Dawda , propiciaba un centro desde banda derecha que el delantero del maresme Ayoub voleaba al fondo de la red poniendo el 0-1 (54&#8242;).<\/p>\n\n\n\n<p>Reaccionaban los colomenses. Guiteras a bal\u00f3n parado, Rub\u00e9n tras una gran jugada individual que el bal\u00f3n freg\u00f3 el poste y Oliver en dos ocasiones dispusieron de ocasiones clar\u00edsimas para hacer el empate ante un Matar\u00f3 que se defend\u00eda como pod\u00eda.<\/p>\n\n\n\n<p>Se volcaban al ataque los de Can Peixauet y cuando parec\u00eda que m\u00e1s cerca estaban un error defensivo propiciaba que en el minuto 86 el delantero Nacho sentenciara con el 0-2 definitivo. <\/p>\n\n\n\n<p>Injusta derrota e intachable actitud de los colomenes que se vaciaron por completo para obtener un mejor resultado.<\/p>\n","protected":false},"excerpt":{"rendered":"<p>Derrota injusta en el debut del Juvenil A, que per ocasions i joc va mer\u00e8ixer molt m\u00e9s. El marcador final a la primera jornada de Lliga Nacional va ser de 0-2 favorable al CE Matar\u00f3. El partit arrencava amb els colomencs prement en \u00e0rea rival, s&#8217;aproximaven els de Manu Pel\u00e1ez amb un xut d&#8217;Uri que [&hellip;]<\/p>\n","protected":false},"author":1,"featured_media":29367,"comment_status":"closed","ping_status":"closed","sticky":false,"template":"","format":"standard","meta":{"footnotes":""},"categories":[4,6],"tags":[],"class_list":["post-29363","post","type-post","status-publish","format-standard","has-post-thumbnail","hentry","category-base-inclusiu","category-juvenils"],"_links":{"self":[{"href":"http:\/\/fegrama.cat\/web\/wp-json\/wp\/v2\/posts\/29363","targetHints":{"allow":["GET"]}}],"collection":[{"href":"http:\/\/fegrama.cat\/web\/wp-json\/wp\/v2\/posts"}],"about":[{"href":"http:\/\/fegrama.cat\/web\/wp-json\/wp\/v2\/types\/post"}],"author":[{"embeddable":true,"href":"http:\/\/fegrama.cat\/web\/wp-json\/wp\/v2\/users\/1"}],"replies":[{"embeddable":true,"href":"http:\/\/fegrama.cat\/web\/wp-json\/wp\/v2\/comments?post=29363"}],"version-history":[{"count":3,"href":"http:\/\/fegrama.cat\/web\/wp-json\/wp\/v2\/posts\/29363\/revisions"}],"predecessor-version":[{"id":29369,"href":"http:\/\/fegrama.cat\/web\/wp-json\/wp\/v2\/posts\/29363\/revisions\/29369"}],"wp:featuredmedia":[{"embeddable":true,"href":"http:\/\/fegrama.cat\/web\/wp-json\/wp\/v2\/media\/29367"}],"wp:attachment":[{"href":"http:\/\/fegrama.cat\/web\/wp-json\/wp\/v2\/media?parent=29363"}],"wp:term":[{"taxonomy":"category","embeddable":true,"href":"http:\/\/fegrama.cat\/web\/wp-json\/wp\/v2\/categories?post=29363"},{"taxonomy":"post_tag","embeddable":true,"href":"http:\/\/fegrama.cat\/web\/wp-json\/wp\/v2\/tags?post=29363"}],"curies":[{"name":"wp","href":"https:\/\/api.w.org\/{rel}","templated":true}]}}