{"id":29357,"date":"2021-09-06T07:32:17","date_gmt":"2021-09-06T06:32:17","guid":{"rendered":"http:\/\/fegrama.cat\/web\/?p=29357"},"modified":"2021-09-06T07:34:10","modified_gmt":"2021-09-06T06:34:10","slug":"la-falta-dencert-condena-la-grama-al-debut","status":"publish","type":"post","link":"http:\/\/fegrama.cat\/web\/la-falta-dencert-condena-la-grama-al-debut\/","title":{"rendered":"La falta d&#8217;encert condena la Grama al debut"},"content":{"rendered":"\n<p>Gran partit de la Fundaci\u00f3 Esportiva Grama en el partit inaugural de la temporada 2021\/22 de Tercera RFEF. Malauradament la falta d&#8217;encert i una fallada en l&#8217;\u00faltima acci\u00f3 del &#8216;match&#8217; va condemnar els nostres. El resultat final va ser d&#8217;1-0 per l&#8217;EE Guineueta en la seva estrena a la categoria.<\/p>\n\n\n\n<p>Els de Juanma Pons van saber adaptar-se a les mesures del camp aix\u00ed com al joc del rival. Als cinc minuts arribaria el primer acostament amb un xut alt de Nil per als locals. La resposta va ser immediata amb un xut de Montalb\u00e1n despr\u00e9s d&#8217;una gran jugada col\u00b7lectiva en qu\u00e8 Pantoja va assistir de cap i el 9 enviar la pilota a prop del pal.<\/p>\n\n\n\n<p>Els colomencs van contenir els intents d&#8217;atac d&#8217;una Guineueta que va basar el seu joc en pilotes en llarg i altes buscant la directa, Akrong el va tallar tot aix\u00ed com els seus companys Alan i V\u00edctor. La Grama va ser millor, Guillem, Peris i Molins combinaven construint jugades per anotar. Peris des de la frontal i Pantoja de cap despr\u00e9s d&#8217;una de les moltes pujades per banda de Rubi van intentar obrir la llauna sense sort. Amb 0-0 es marxarien als vestidors.<\/p>\n\n\n\n<div class=\"wp-block-image\"><figure class=\"aligncenter size-large\"><img loading=\"lazy\" decoding=\"async\" width=\"1024\" height=\"801\" src=\"http:\/\/fegrama.cat\/web\/wp-content\/uploads\/2021\/09\/FAV4-1024x801.png\" alt=\"\" class=\"wp-image-29370\" srcset=\"http:\/\/fegrama.cat\/web\/wp-content\/uploads\/2021\/09\/FAV4-1024x801.png 1024w, http:\/\/fegrama.cat\/web\/wp-content\/uploads\/2021\/09\/FAV4-300x235.png 300w, http:\/\/fegrama.cat\/web\/wp-content\/uploads\/2021\/09\/FAV4-768x601.png 768w, http:\/\/fegrama.cat\/web\/wp-content\/uploads\/2021\/09\/FAV4-1536x1202.png 1536w, http:\/\/fegrama.cat\/web\/wp-content\/uploads\/2021\/09\/FAV4-2048x1603.png 2048w\" sizes=\"auto, (max-width: 1024px) 100vw, 1024px\" \/><figcaption>Foto: Laura Hern\u00e1ndez<\/figcaption><\/figure><\/div>\n\n\n\n<p>La segona meitat va ser molt m\u00e9s el\u00e8ctrica i emocionant, i novament va ser la Grama qui va disposar de les millors oportunitats de gol. La Grama es va bolcar en atac i molt m\u00e9s amb l&#8217;entrada al camp de Fran, Recort i Hicham, els dos primers protagonistes de moltes jugades d&#8217;atac. Fran fins i tot va provar des de lluny al porter amb un bon xut. Al minut 65 Montalb\u00e1n va disposar d&#8217;una doble oportunitat molt clara, primer el porter i despr\u00e9s el defensa enviant a c\u00f3rner van evitar el seu gol.<\/p>\n\n\n\n<p>A m\u00e9s de rec\u00f3rrer la banda amunt i avall, Cabezola de falta directa va estar a punt de marcar al 70 per\u00f2 una gran estirada de Yan va evitar el merescut gol visitant. El gol es resistia, dominava la Grama i el buscava en cada jugada per\u00f2 sense sort. Oriol Molins des de fora de l&#8217;\u00e0rea va fregar el pal. A cinc del final van avisar els locals amb un perill\u00f3s acostament que va acabar en res i al 88 Hicham en boca de gol rematava de cap per sobre del travesser.<\/p>\n\n\n\n<div class=\"wp-block-image\"><figure class=\"aligncenter size-large\"><img loading=\"lazy\" decoding=\"async\" width=\"1024\" height=\"731\" src=\"http:\/\/fegrama.cat\/web\/wp-content\/uploads\/2021\/09\/FAV3-1024x731.png\" alt=\"\" class=\"wp-image-29371\" srcset=\"http:\/\/fegrama.cat\/web\/wp-content\/uploads\/2021\/09\/FAV3-1024x731.png 1024w, http:\/\/fegrama.cat\/web\/wp-content\/uploads\/2021\/09\/FAV3-300x214.png 300w, http:\/\/fegrama.cat\/web\/wp-content\/uploads\/2021\/09\/FAV3-768x548.png 768w, http:\/\/fegrama.cat\/web\/wp-content\/uploads\/2021\/09\/FAV3-1536x1096.png 1536w, http:\/\/fegrama.cat\/web\/wp-content\/uploads\/2021\/09\/FAV3-2048x1462.png 2048w\" sizes=\"auto, (max-width: 1024px) 100vw, 1024px\" \/><\/figure><\/div>\n\n\n\n<p>Malauradament el gran treball realitzat i la possibilitat de comen\u00e7ar el curs sumant es va esvair en l&#8217;\u00faltima jugada del partit despr\u00e9s d&#8217;una p\u00e8rdua de pilota prop del centre del camp. Ning\u00fa va aconseguir rebutjar la pilota perdut i al contraatac Guiseris es va trobar sol davant de dos rivals, Marc va assistir per l&#8217;ex-Grama \u00d3scar M\u00fa\u00f1oz que nom\u00e9s va haver d&#8217;emp\u00e8nyer a porteria buida. Era el 93 i just despr\u00e9s va arribar al xiulet final.<\/p>\n\n\n\n<p>La FE Grama comen\u00e7a la temporada amb derrota (1-0) i ja nom\u00e9s pensa en treure aquest mal gust de boca a casa el diumenge 12 de setembre a les 11:45 hores davant el EC Granollers.<\/p>\n\n\n\n<div class=\"wp-block-image\"><figure class=\"aligncenter size-large\"><img loading=\"lazy\" decoding=\"async\" width=\"1024\" height=\"610\" src=\"http:\/\/fegrama.cat\/web\/wp-content\/uploads\/2021\/09\/FAV7-1024x610.png\" alt=\"\" class=\"wp-image-29372\" srcset=\"http:\/\/fegrama.cat\/web\/wp-content\/uploads\/2021\/09\/FAV7-1024x610.png 1024w, http:\/\/fegrama.cat\/web\/wp-content\/uploads\/2021\/09\/FAV7-300x179.png 300w, http:\/\/fegrama.cat\/web\/wp-content\/uploads\/2021\/09\/FAV7-768x457.png 768w, http:\/\/fegrama.cat\/web\/wp-content\/uploads\/2021\/09\/FAV7-1536x915.png 1536w, http:\/\/fegrama.cat\/web\/wp-content\/uploads\/2021\/09\/FAV7-2048x1220.png 2048w\" sizes=\"auto, (max-width: 1024px) 100vw, 1024px\" \/><\/figure><\/div>\n\n\n\n<p>Gran partido de la Fundaci\u00f3 Esportiva Grama en el partido inaugural de la temporada 2021\/22 de Tercera RFEF. Desgraciadamente la falta de acierto y un fallo en la \u00faltima acci\u00f3n del choque conden\u00f3 a los nuestros. El resultado final fue de 1-0 para la EE Guineueta en su estreno en la categor\u00eda.<\/p>\n\n\n\n<p>Los de Juanma Pons supieron adaptarse a las medidas del campo as\u00ed como al juego del rival. A los cinco minutos llegar\u00eda el primer acercamiento con un tiro alto de Nil para los locales. La respuesta fue inmediata con un chut de Montalb\u00e1n tras una gran jugada colectiva en la que Pantoja asisti\u00f3 de cabeza y el 9 envi\u00f3 el bal\u00f3n cerca del palo.<\/p>\n\n\n\n<p>Los colomenses contuvieron los intentos de ataque de una Guineueta que bas\u00f3 su juego en balones en largo y altos buscando la directa, Akrong lo cort\u00f3 todo as\u00ed como sus compa\u00f1eros Alan y V\u00edctor. La Grama fue mejor, Guillem, Peris y Molins combinaban construyendo jugadas para anotar. Peris desde la frontal y Pantoja de cabeza tras una de las muchas subidas por banda de Rubi intentaron abrir la lata sin suerte. Con 0-0 se marchar\u00edan a los vestidores.<\/p>\n\n\n\n<p>La segunda mitad fue mucho m\u00e1s el\u00e9ctrica y emocionante, y nuevamente fue la Grama quien dispuso de las mejores oportunidades de gol. La Grama se volc\u00f3 en ataque y mucho m\u00e1s con la entrada al campo de Fran, Recort y Hicham, los dos primeros protagonistas de muchas jugadas de ataque. Fran incluso prob\u00f3 desde lejos al portero con un buen tiro. En el minuto 65 Montalb\u00e1n dispuso de una doble oportunidad muy clara, primero el portero y despu\u00e9s el defensa enviando a c\u00f3rner evitaron su gol.<\/p>\n\n\n\n<p>Adem\u00e1s de recorrerse la banda arriba y abajo, Cabezola de falta directa estuvo a punto de marcar en el 70 pero una gran estirada de Yan evit\u00f3 el merecido gol visitante. El gol se resist\u00eda, dominaba la Grama y lo buscaba en cada jugada pero no llegaba. Oriol Molins desde fuera del \u00e1rea roz\u00f3 el palo. A cinco del final avisaron los locales con un peligroso acercamiento que acab\u00f3 en nada y en el 88 Hicham en boca de gol remataba de cabeza por encima del larguero.<\/p>\n\n\n\n<p>Desgraciadamente el gran trabajo realizado y la posibilidad de empezar el curso sumando se desvaneci\u00f3 en la \u00faltima jugada del partido tras una p\u00e9rdida de bal\u00f3n cerca del centro del campo. Nadie consigui\u00f3 despejar el bal\u00f3n perdido y al contraataque Guiseris se encontr\u00f3 solo ante dos rivales, Marc asisti\u00f3 para el ex-Grama \u00d3scar M\u00fa\u00f1oz que solo tuvo que empujar a porter\u00eda vac\u00eda. Era el 93 y justo despu\u00e9s lleg\u00f3 el pitido final.<\/p>\n\n\n\n<p>La FE Grama comienza la temporada con derrota (1-0) y ya solo piensa en quitarse este mal sabor de boca en casa el domingo 12 de septiembre a las 11:45 horas ante el EC Granollers.<\/p>\n","protected":false},"excerpt":{"rendered":"<p>Gran partit de la Fundaci\u00f3 Esportiva Grama en el partit inaugural de la temporada 2021\/22 de Tercera RFEF. Malauradament la falta d&#8217;encert i una fallada en l&#8217;\u00faltima acci\u00f3 del &#8216;match&#8217; va condemnar els nostres. El resultat final va ser d&#8217;1-0 per l&#8217;EE Guineueta en la seva estrena a la categoria. Els de Juanma Pons van [&hellip;]<\/p>\n","protected":false},"author":1,"featured_media":29372,"comment_status":"closed","ping_status":"closed","sticky":false,"template":"","format":"standard","meta":{"footnotes":""},"categories":[5],"tags":[],"class_list":["post-29357","post","type-post","status-publish","format-standard","has-post-thumbnail","hentry","category-primer-equip"],"_links":{"self":[{"href":"http:\/\/fegrama.cat\/web\/wp-json\/wp\/v2\/posts\/29357","targetHints":{"allow":["GET"]}}],"collection":[{"href":"http:\/\/fegrama.cat\/web\/wp-json\/wp\/v2\/posts"}],"about":[{"href":"http:\/\/fegrama.cat\/web\/wp-json\/wp\/v2\/types\/post"}],"author":[{"embeddable":true,"href":"http:\/\/fegrama.cat\/web\/wp-json\/wp\/v2\/users\/1"}],"replies":[{"embeddable":true,"href":"http:\/\/fegrama.cat\/web\/wp-json\/wp\/v2\/comments?post=29357"}],"version-history":[{"count":7,"href":"http:\/\/fegrama.cat\/web\/wp-json\/wp\/v2\/posts\/29357\/revisions"}],"predecessor-version":[{"id":29374,"href":"http:\/\/fegrama.cat\/web\/wp-json\/wp\/v2\/posts\/29357\/revisions\/29374"}],"wp:featuredmedia":[{"embeddable":true,"href":"http:\/\/fegrama.cat\/web\/wp-json\/wp\/v2\/media\/29372"}],"wp:attachment":[{"href":"http:\/\/fegrama.cat\/web\/wp-json\/wp\/v2\/media?parent=29357"}],"wp:term":[{"taxonomy":"category","embeddable":true,"href":"http:\/\/fegrama.cat\/web\/wp-json\/wp\/v2\/categories?post=29357"},{"taxonomy":"post_tag","embeddable":true,"href":"http:\/\/fegrama.cat\/web\/wp-json\/wp\/v2\/tags?post=29357"}],"curies":[{"name":"wp","href":"https:\/\/api.w.org\/{rel}","templated":true}]}}