{"id":29352,"date":"2021-09-02T19:50:17","date_gmt":"2021-09-02T18:50:17","guid":{"rendered":"http:\/\/fegrama.cat\/web\/?p=29352"},"modified":"2021-09-02T19:54:43","modified_gmt":"2021-09-02T18:54:43","slug":"juvenil-b-cadet-c-i-alevi-a-ja-coneixen-els-calendaris","status":"publish","type":"post","link":"http:\/\/fegrama.cat\/web\/juvenil-b-cadet-c-i-alevi-a-ja-coneixen-els-calendaris\/","title":{"rendered":"Juvenil B, Cadet C i Alev\u00ed A ja coneixen els calendaris"},"content":{"rendered":"\n<p>Els tres equips que t\u00e9 la Fundaci\u00f3 Esportiva Grama en categoria Primera Divisi\u00f3 de la FCF ja coneixen els seus calendaris de lliga. Tots ells comen\u00e7aran la temporada el cap de setmana del 2 i 3 d&#8217;octubre, i la tancaran el 29 de maig.<\/p>\n\n\n\n<p><strong>JUVENIL B<\/strong>: El 3 d&#8217;octubre donar\u00e0 comen\u00e7ament una nova temporada per al nostre juvenil de Primera Divisi\u00f3. Debutaran a casa davant l&#8217;EF Stoitchkov-Racing Sarri\u00e0 i conclouran el curs tamb\u00e9 com a locals davant el CF Alzamora. <a rel=\"noreferrer noopener\" href=\"https:\/\/files.fcf.cat\/documentos\/noticies\/2021-09-02_12:18:14_GRUP3.pdf\" target=\"_blank\">CALENDARI COMPLET<\/a><\/p>\n\n\n\n<p><strong>CADET C:<\/strong> Donar\u00e0 comen\u00e7ament la temporada al Nou Municipal davant el CF Bufal\u00e0. L&#8217;\u00faltim partit de lliga el jugaran com a visitant davant el FC Can Buxeres B. <a rel=\"noreferrer noopener\" href=\"https:\/\/files.fcf.cat\/documentos\/noticies\/2021-09-02_13:28:55_GRUP31.pdf\" target=\"_blank\">CALENDARI COMPLET<\/a><\/p>\n\n\n\n<p><strong>ALEV\u00cd A: <\/strong>Debuten a casa davant l&#8217;U. At. Horta, i tancaran el curs al camp de l&#8217;EF Premier Barcelona B. <a href=\"https:\/\/files.fcf.cat\/documentos\/noticies\/2021-09-02_16:48:59_1AL3.pdf\" data-type=\"URL\" data-id=\"https:\/\/files.fcf.cat\/documentos\/noticies\/2021-09-02_16:48:59_1AL3.pdf\" target=\"_blank\" rel=\"noreferrer noopener\">CALENDARI COMPLET<\/a><\/p>\n\n\n\n<hr class=\"wp-block-separator\"\/>\n\n\n\n<p>Los tres equipos que tiene la Fundaci\u00f3 Esportiva Grama en categor\u00eda Primera Divisi\u00f3n de la FCF ya conocen sus calendarios de liga. Todos ellos comenzar\u00e1n la temporada el fin de semana del 2 y 3 de octubre, y la cerrar\u00e1n el 29 de mayo.<\/p>\n\n\n\n<p><strong>JUVENIL B:&nbsp;<\/strong>El 3 de octubre dar\u00e1 comienz\u00f3 una nueva temporada para nuestro juvenil de Primera Divisi\u00f3n. Debutar\u00e1n en casa ante la EF Stoitchkov-Racing Sarri\u00e0 y concluir\u00e1n el curso tambi\u00e9n como locales ante el CF Alzamora.&nbsp;<a rel=\"noreferrer noopener\" href=\"https:\/\/files.fcf.cat\/documentos\/noticies\/2021-09-02_12:18:14_GRUP3.pdf\" target=\"_blank\">CALENDARIO COMPLETO<\/a><\/p>\n\n\n\n<p><strong>CADETE C:&nbsp;<\/strong>Dar\u00e1 comienzo la temporada en el Nou Municipal ante el CF Bufal\u00e0. El \u00faltimo partido de liga lo jugar\u00e1n como visitante ante el FC Can Buxeres B.&nbsp;<a rel=\"noreferrer noopener\" href=\"https:\/\/files.fcf.cat\/documentos\/noticies\/2021-09-02_13:28:55_GRUP31.pdf\" target=\"_blank\">CALENDARIO COMPLETO<\/a><\/p>\n\n\n\n<p><strong>ALEV\u00cdN A:\u00a0<\/strong>Debutan en casa ante la U. At. Horta, y cerrar\u00e1n el curso en el campo de la EF Premier Barcelona B.\u00a0<a href=\"https:\/\/files.fcf.cat\/documentos\/noticies\/2021-09-02_16:48:59_1AL3.pdf\" target=\"_blank\" rel=\"noreferrer noopener\">CALENDARIO COMPLETO<\/a> <\/p>\n","protected":false},"excerpt":{"rendered":"<p>Els tres equips que t\u00e9 la Fundaci\u00f3 Esportiva Grama en categoria Primera Divisi\u00f3 de la FCF ja coneixen els seus calendaris de lliga. Tots ells comen\u00e7aran la temporada el cap de setmana del 2 i 3 d&#8217;octubre, i la tancaran el 29 de maig. JUVENIL B: El 3 d&#8217;octubre donar\u00e0 comen\u00e7ament una nova temporada per [&hellip;]<\/p>\n","protected":false},"author":1,"featured_media":28928,"comment_status":"closed","ping_status":"closed","sticky":false,"template":"","format":"standard","meta":{"footnotes":""},"categories":[10,4,7,6],"tags":[],"class_list":["post-29352","post","type-post","status-publish","format-standard","has-post-thumbnail","hentry","category-alevins","category-base-inclusiu","category-cadets","category-juvenils"],"_links":{"self":[{"href":"http:\/\/fegrama.cat\/web\/wp-json\/wp\/v2\/posts\/29352","targetHints":{"allow":["GET"]}}],"collection":[{"href":"http:\/\/fegrama.cat\/web\/wp-json\/wp\/v2\/posts"}],"about":[{"href":"http:\/\/fegrama.cat\/web\/wp-json\/wp\/v2\/types\/post"}],"author":[{"embeddable":true,"href":"http:\/\/fegrama.cat\/web\/wp-json\/wp\/v2\/users\/1"}],"replies":[{"embeddable":true,"href":"http:\/\/fegrama.cat\/web\/wp-json\/wp\/v2\/comments?post=29352"}],"version-history":[{"count":3,"href":"http:\/\/fegrama.cat\/web\/wp-json\/wp\/v2\/posts\/29352\/revisions"}],"predecessor-version":[{"id":29356,"href":"http:\/\/fegrama.cat\/web\/wp-json\/wp\/v2\/posts\/29352\/revisions\/29356"}],"wp:featuredmedia":[{"embeddable":true,"href":"http:\/\/fegrama.cat\/web\/wp-json\/wp\/v2\/media\/28928"}],"wp:attachment":[{"href":"http:\/\/fegrama.cat\/web\/wp-json\/wp\/v2\/media?parent=29352"}],"wp:term":[{"taxonomy":"category","embeddable":true,"href":"http:\/\/fegrama.cat\/web\/wp-json\/wp\/v2\/categories?post=29352"},{"taxonomy":"post_tag","embeddable":true,"href":"http:\/\/fegrama.cat\/web\/wp-json\/wp\/v2\/tags?post=29352"}],"curies":[{"name":"wp","href":"https:\/\/api.w.org\/{rel}","templated":true}]}}