{"id":29342,"date":"2021-08-30T10:41:49","date_gmt":"2021-08-30T09:41:49","guid":{"rendered":"http:\/\/fegrama.cat\/web\/?p=29342"},"modified":"2021-08-30T10:43:07","modified_gmt":"2021-08-30T09:43:07","slug":"el-nostre-president-antonio-morales-rep-un-reconeixement-en-terres-jienennses","status":"publish","type":"post","link":"http:\/\/fegrama.cat\/web\/el-nostre-president-antonio-morales-rep-un-reconeixement-en-terres-jienennses\/","title":{"rendered":"El nostre President, Antonio Morales, rep un reconeixement en terres jienennses"},"content":{"rendered":"\n<figure class=\"wp-block-image size-large\"><img loading=\"lazy\" decoding=\"async\" width=\"1024\" height=\"683\" src=\"http:\/\/fegrama.cat\/web\/wp-content\/uploads\/2021\/08\/IMG-20210830-WA0013.jpg\" alt=\"\" class=\"wp-image-29344\" srcset=\"http:\/\/fegrama.cat\/web\/wp-content\/uploads\/2021\/08\/IMG-20210830-WA0013.jpg 1024w, http:\/\/fegrama.cat\/web\/wp-content\/uploads\/2021\/08\/IMG-20210830-WA0013-300x200.jpg 300w, http:\/\/fegrama.cat\/web\/wp-content\/uploads\/2021\/08\/IMG-20210830-WA0013-768x512.jpg 768w\" sizes=\"auto, (max-width: 1024px) 100vw, 1024px\" \/><figcaption>Antonio Morales rep el guard\u00f3 de mans de l&#8217;alcaldessa Roc\u00edo Zamora.<\/figcaption><\/figure>\n\n\n\n<p>El president de la Fundaci\u00f3 Esportiva Grama, Antonio Morales, ha rebut un nou reconeixement a Ja\u00e9n per la seva tasca social i solid\u00e0ria.<\/p>\n\n\n\n<p>En aquesta ocasi\u00f3 va rebre el Premi Reino de Ja\u00e9n, organitzat per Diari Ja\u00e9n, de mans de l&#8217;alcaldessa de Santiago de Calatrava. La celebraci\u00f3 es va dur a terme a l&#8217;Almazara Azaharoliva d&#8217;Esca\u00f1uela.<\/p>\n\n\n\n<figure class=\"wp-block-image size-large\"><img loading=\"lazy\" decoding=\"async\" width=\"1024\" height=\"683\" src=\"http:\/\/fegrama.cat\/web\/wp-content\/uploads\/2021\/08\/IMG-20210830-WA0014.jpg\" alt=\"\" class=\"wp-image-29343\" srcset=\"http:\/\/fegrama.cat\/web\/wp-content\/uploads\/2021\/08\/IMG-20210830-WA0014.jpg 1024w, http:\/\/fegrama.cat\/web\/wp-content\/uploads\/2021\/08\/IMG-20210830-WA0014-300x200.jpg 300w, http:\/\/fegrama.cat\/web\/wp-content\/uploads\/2021\/08\/IMG-20210830-WA0014-768x512.jpg 768w\" sizes=\"auto, (max-width: 1024px) 100vw, 1024px\" \/><\/figure>\n\n\n\n<p>Va haver-hi paraules de reconeixement del director del Diari Ja\u00e9n, Juan Espejo, com tamb\u00e9 de l&#8217;alcaldessa Roc\u00edo Zamora, referint-se a Antonio Morales com \u00abl&#8217;amulet del municipi\u00bb.<\/p>\n\n\n\n<blockquote class=\"wp-block-quote is-layout-flow wp-block-quote-is-layout-flow\"><p>Roc\u00edo Zamora (Alcaldessa Santiago de Calatrava): \u00abVet aqu\u00ed l&#8217;exemple m\u00e9s pur d&#8217;una persona oberta al m\u00f3n sense deixar de ser fidel a les seves arrels. Antonio mai et dir\u00e0 que no a res, sempre esta per a tot aquell pais\u00e0 que ho necessita en les dures i les madures. Cosa que no posem en dubte perqu\u00e8 en terres catalanes actua de la mateixa manera.\u00bb<\/p><\/blockquote>\n\n\n\n<p>Recordem tamb\u00e9 que entre altres reconeixements a Ja\u00e9n t\u00e9 el nom d&#8217;un carrer del seu poble natal, Santiago de Calatrava, fa prop de dues d\u00e8cades.<\/p>\n\n\n\n<p class=\"has-text-align-center\"><strong>Enhorabona Antonio!<\/strong><\/p>\n\n\n\n<p class=\"has-text-align-right\"><em>Fotos: Diario Ja\u00e9n<\/em><\/p>\n\n\n\n<figure class=\"wp-block-image size-large\"><img loading=\"lazy\" decoding=\"async\" width=\"1024\" height=\"768\" src=\"http:\/\/fegrama.cat\/web\/wp-content\/uploads\/2021\/08\/IMG-20210830-WA0015-1024x768.jpg\" alt=\"\" class=\"wp-image-29345\" srcset=\"http:\/\/fegrama.cat\/web\/wp-content\/uploads\/2021\/08\/IMG-20210830-WA0015-1024x768.jpg 1024w, http:\/\/fegrama.cat\/web\/wp-content\/uploads\/2021\/08\/IMG-20210830-WA0015-300x225.jpg 300w, http:\/\/fegrama.cat\/web\/wp-content\/uploads\/2021\/08\/IMG-20210830-WA0015-768x576.jpg 768w, http:\/\/fegrama.cat\/web\/wp-content\/uploads\/2021\/08\/IMG-20210830-WA0015-1536x1152.jpg 1536w, http:\/\/fegrama.cat\/web\/wp-content\/uploads\/2021\/08\/IMG-20210830-WA0015.jpg 1600w\" sizes=\"auto, (max-width: 1024px) 100vw, 1024px\" \/><figcaption> A la foto: Tom\u00e1s Rueda, Roc\u00edo Zamora (Alcaldesa), Antonio Morales (President FE Grama), Anabel Morales (filla d&#8217;Antonio), Manuel Contreras (Presidente de la Asociaci\u00f3n Jiennense de la Prensa Deportiva) y \u00c1ngel Guti\u00e9rrez.<\/figcaption><\/figure>\n\n\n\n<p>El presidente de la Fundaci\u00f3 Esportiva Grama, Antonio Morales, ha recibido un nuevo reconocimiento en Ja\u00e9n por su labor social y solidaria.<\/p>\n\n\n\n<p>En esta ocasi\u00f3n recibi\u00f3 el Premio Reino de Ja\u00e9n, organizado por Diario Ja\u00e9n, de manos de la alcaldesa de Santiago de Calatrava, Roc\u00edo Zamora. La celebraci\u00f3n se llev\u00f3 a cabo en la Almazara Azaharoliva de Esca\u00f1uela.<\/p>\n\n\n\n<p>Hubo palabras de reconocimiento del director del Diario Ja\u00e9n, Juan Espejo, como tambi\u00e9n de la alcaldesa Roc\u00edo Zamora, refiri\u00e9ndose a Antonio Morales como \u00abel amuleto del municipio\u00bb.<\/p>\n\n\n\n<blockquote class=\"wp-block-quote is-layout-flow wp-block-quote-is-layout-flow\"><p>Roc\u00edo Zamora (Alcaldesa Santiago de Calatrava): \u00abHe aqu\u00ed el ejemplo m\u00e1s puro de una persona abierta al mundo sin dejar de ser fiel a sus ra\u00edces. Antonio nunca te dir\u00e1 que no a nada, siempre esta para todo aqu\u00e9l paisano que lo necesita en las duras y en las maduras. Cosa que no ponemos en duda porqu\u00e9 en tierras catalanas act\u00faa de la misma forma.\u00bb<\/p><\/blockquote>\n\n\n\n<p>Recordamos tambi\u00e9n que entre otros reconocimietos en Ja\u00e9n tiene el nombre en una calle de su pueblo natal, Santiago de Calatrava, hace cerca de dos d\u00e9cadas.<\/p>\n\n\n\n<p class=\"has-text-align-center\"><strong>\u00a1Enhorabuena Antonio!<\/strong><\/p>\n","protected":false},"excerpt":{"rendered":"<p>El president de la Fundaci\u00f3 Esportiva Grama, Antonio Morales, ha rebut un nou reconeixement a Ja\u00e9n per la seva tasca social i solid\u00e0ria. En aquesta ocasi\u00f3 va rebre el Premi Reino de Ja\u00e9n, organitzat per Diari Ja\u00e9n, de mans de l&#8217;alcaldessa de Santiago de Calatrava. La celebraci\u00f3 es va dur a terme a l&#8217;Almazara Azaharoliva [&hellip;]<\/p>\n","protected":false},"author":1,"featured_media":29344,"comment_status":"closed","ping_status":"closed","sticky":false,"template":"","format":"standard","meta":{"footnotes":""},"categories":[14,15],"tags":[],"class_list":["post-29342","post","type-post","status-publish","format-standard","has-post-thumbnail","hentry","category-noticies","category-noticies-destacades"],"_links":{"self":[{"href":"http:\/\/fegrama.cat\/web\/wp-json\/wp\/v2\/posts\/29342","targetHints":{"allow":["GET"]}}],"collection":[{"href":"http:\/\/fegrama.cat\/web\/wp-json\/wp\/v2\/posts"}],"about":[{"href":"http:\/\/fegrama.cat\/web\/wp-json\/wp\/v2\/types\/post"}],"author":[{"embeddable":true,"href":"http:\/\/fegrama.cat\/web\/wp-json\/wp\/v2\/users\/1"}],"replies":[{"embeddable":true,"href":"http:\/\/fegrama.cat\/web\/wp-json\/wp\/v2\/comments?post=29342"}],"version-history":[{"count":3,"href":"http:\/\/fegrama.cat\/web\/wp-json\/wp\/v2\/posts\/29342\/revisions"}],"predecessor-version":[{"id":29348,"href":"http:\/\/fegrama.cat\/web\/wp-json\/wp\/v2\/posts\/29342\/revisions\/29348"}],"wp:featuredmedia":[{"embeddable":true,"href":"http:\/\/fegrama.cat\/web\/wp-json\/wp\/v2\/media\/29344"}],"wp:attachment":[{"href":"http:\/\/fegrama.cat\/web\/wp-json\/wp\/v2\/media?parent=29342"}],"wp:term":[{"taxonomy":"category","embeddable":true,"href":"http:\/\/fegrama.cat\/web\/wp-json\/wp\/v2\/categories?post=29342"},{"taxonomy":"post_tag","embeddable":true,"href":"http:\/\/fegrama.cat\/web\/wp-json\/wp\/v2\/tags?post=29342"}],"curies":[{"name":"wp","href":"https:\/\/api.w.org\/{rel}","templated":true}]}}