{"id":29334,"date":"2021-08-29T23:40:01","date_gmt":"2021-08-29T22:40:01","guid":{"rendered":"http:\/\/fegrama.cat\/web\/?p=29334"},"modified":"2021-08-29T23:40:02","modified_gmt":"2021-08-29T22:40:02","slug":"bona-imatge-de-la-grama-a-la-dani-jarque","status":"publish","type":"post","link":"http:\/\/fegrama.cat\/web\/bona-imatge-de-la-grama-a-la-dani-jarque\/","title":{"rendered":"Bona imatge de la Grama a la Dani Jarque"},"content":{"rendered":"\n<p>La Fundaci\u00f3 Esportiva Grama va tancar la pretemporada amb derrota (2-1) davant el RCD Espanyol B, un resultat que no va fer just\u00edcia al gran partit dels colomencs.<\/p>\n\n\n\n<p>Els blaus, avui de vermell, van sortir amb tres centrals (Alan-Akrong-V\u00edctor) oberts donant llibertat als laterals (Rubi-Cabezola), convertits en carrilers. Aviat robarien la pilota als locals i es farien els amos del primer temps.<\/p>\n\n\n\n<p>Montalb\u00e1n en el minut 10 va topar amb el porter despr\u00e9s d&#8217;una jugada col\u00b7lectiva iniciada al centre del camp. Quan millor estava la Grama, i despr\u00e9s d&#8217;una jugada a pilota parada, va arribar l&#8217;1-0 en un contraatac velo\u00e7 (15&#8242;).<\/p>\n\n\n\n<p>El gol no va ensorrar als de Juanma Pons que van seguir molt ficats en el partit. Dominant, movent la pilota i sense patir. Peris des de lluny va provar al porter local que amb una bona estirada va enviar la pilota a c\u00f3rner.<\/p>\n\n\n\n<figure class=\"wp-block-image size-large\"><img loading=\"lazy\" decoding=\"async\" width=\"1024\" height=\"682\" src=\"http:\/\/fegrama.cat\/web\/wp-content\/uploads\/2021\/08\/IMG-20210830-WA0005-1024x682.jpg\" alt=\"\" class=\"wp-image-29338\" srcset=\"http:\/\/fegrama.cat\/web\/wp-content\/uploads\/2021\/08\/IMG-20210830-WA0005-1024x682.jpg 1024w, http:\/\/fegrama.cat\/web\/wp-content\/uploads\/2021\/08\/IMG-20210830-WA0005-300x200.jpg 300w, http:\/\/fegrama.cat\/web\/wp-content\/uploads\/2021\/08\/IMG-20210830-WA0005-768x512.jpg 768w, http:\/\/fegrama.cat\/web\/wp-content\/uploads\/2021\/08\/IMG-20210830-WA0005-1536x1023.jpg 1536w, http:\/\/fegrama.cat\/web\/wp-content\/uploads\/2021\/08\/IMG-20210830-WA0005.jpg 1600w\" sizes=\"auto, (max-width: 1024px) 100vw, 1024px\" \/><\/figure>\n\n\n\n<p>Associant-se molt Fran i Peris amb Molins per enviar pilotes a Recort i a un combatiu Montalb\u00e1n. El mereixien i en el 45 Akrong despr\u00e9s de lluitar una pilota en l&#8217;aire era objecte de penal. Fran Hern\u00e1ndez no va fallar des dels 11 metres per empatar abans de la mitja part (1-1).<\/p>\n\n\n\n<figure class=\"wp-block-image size-large\"><img loading=\"lazy\" decoding=\"async\" width=\"1024\" height=\"505\" src=\"http:\/\/fegrama.cat\/web\/wp-content\/uploads\/2021\/08\/IMG-20210830-WA0001-1024x505.jpg\" alt=\"\" class=\"wp-image-29339\" srcset=\"http:\/\/fegrama.cat\/web\/wp-content\/uploads\/2021\/08\/IMG-20210830-WA0001-1024x505.jpg 1024w, http:\/\/fegrama.cat\/web\/wp-content\/uploads\/2021\/08\/IMG-20210830-WA0001-300x148.jpg 300w, http:\/\/fegrama.cat\/web\/wp-content\/uploads\/2021\/08\/IMG-20210830-WA0001-768x379.jpg 768w, http:\/\/fegrama.cat\/web\/wp-content\/uploads\/2021\/08\/IMG-20210830-WA0001-1536x757.jpg 1536w, http:\/\/fegrama.cat\/web\/wp-content\/uploads\/2021\/08\/IMG-20210830-WA0001.jpg 1600w\" sizes=\"auto, (max-width: 1024px) 100vw, 1024px\" \/><\/figure>\n\n\n\n<p>Despr\u00e9s del descans va entrar al camp Escarrabill tornant aix\u00ed de la seva lesi\u00f3. Abans de complir-se el primer minut de la represa va arribar el 2-1. El filial va aprofitar uns rebutjos i que Alan es trobava a terra per avan\u00e7ar-se.<\/p>\n\n\n\n<p>Segona meitat m\u00e9s oberta per\u00f2 amb la Grama amb m\u00e9s pilota. Molins de lluny amb un xut ras i \u00c1ngel de volea ho van intentar. Les pujades d&#8217;\u00c1ngel i Rubi per bandes feien mal al rival, Molins despr\u00e9s d&#8217;un centre de Rubi la va tenir tamb\u00e9 de cap.<\/p>\n\n\n\n<p>I n el minut 65 va arribar una altra gran not\u00edcia amb la volta de Pantoja recuperat de la seva lesi\u00f3. La millor ocasi\u00f3 visitant l&#8217;enviaria a c\u00f3rner Guiseris amb una gran aturada (80&#8242;). <\/p>\n\n\n\n<p>Fins al final va buscar la Grama l&#8217;empat, i es va fregar en una cavalcada per banda d&#8217;\u00c1ngel que despr\u00e9s d&#8217;entrar a l&#8217;\u00e0rea va posar una passada de la mort que es va passejar per davant de la porteria rival sense rematador.<\/p>\n\n\n\n<figure class=\"wp-block-image size-large\"><img loading=\"lazy\" decoding=\"async\" width=\"1024\" height=\"657\" src=\"http:\/\/fegrama.cat\/web\/wp-content\/uploads\/2021\/08\/IMG-20210830-WA0011-1024x657.jpg\" alt=\"\" class=\"wp-image-29340\" srcset=\"http:\/\/fegrama.cat\/web\/wp-content\/uploads\/2021\/08\/IMG-20210830-WA0011-1024x657.jpg 1024w, http:\/\/fegrama.cat\/web\/wp-content\/uploads\/2021\/08\/IMG-20210830-WA0011-300x192.jpg 300w, http:\/\/fegrama.cat\/web\/wp-content\/uploads\/2021\/08\/IMG-20210830-WA0011-768x492.jpg 768w, http:\/\/fegrama.cat\/web\/wp-content\/uploads\/2021\/08\/IMG-20210830-WA0011-1536x985.jpg 1536w, http:\/\/fegrama.cat\/web\/wp-content\/uploads\/2021\/08\/IMG-20210830-WA0011.jpg 1600w\" sizes=\"auto, (max-width: 1024px) 100vw, 1024px\" \/><\/figure>\n\n\n\n<p>La Fundaci\u00f3 Esportiva Grama cerr\u00f3 la pretemporada con derrota (2-1) ante el RCD Espanyol B, un resultado que no hizo justicia al gran partido de los colomenses.<\/p>\n\n\n\n<p>Los azules, hoy de rojo, salieron con tres centrales (Alan-Akrong-V\u00edctor) abiertos dando libertad a los laterales (Rubi-Cabezola), convertidos en carrileros. Pronto robar\u00edan la pelota a los locales y se har\u00edan los due\u00f1os del primer tiempo.<\/p>\n\n\n\n<p>Montalb\u00e1n en el minuto 10 se top\u00f3 con el portero tras una jugada colectiva iniciada en el centro del campo. Cuando mejor estaba la Grama, y despu\u00e9s de una jugada a bal\u00f3n parado, lleg\u00f3 el 1-0 en un contraataque veloz (15&#8242;).<\/p>\n\n\n\n<p>El gol no derrumb\u00f3 a los de Juanma Pons que siguieron muy metidos en el partido. Dominando, moviendo el bal\u00f3n y sin sufrir. Peris desde lejos prob\u00f3 al portero local que con una buena estirada envi\u00f3 el bal\u00f3n a c\u00f3rner.<\/p>\n\n\n\n<p>Asoci\u00e1ndose mucho Fran y Peris con Molins para enviar balones a Recort y a un combativo Montalb\u00e1n. Lo merec\u00edan y en el 45 Akrong tras luchar un bal\u00f3n en el aire era objeto de penalti. Fran Hern\u00e1ndez no fall\u00f3 desde los 11 metros para empatar antes del descanso (1-1).<\/p>\n\n\n\n<p>Tras el descanso entr\u00f3 al campo Escarrabill volviendo as\u00ed de su lesi\u00f3n. Antes de cumplirse el primer minuto de la reanudaci\u00f3n lleg\u00f3 el 2-1. El filial aprovech\u00f3 unos rechaces y que Alan se encontraba en el suelo para adelantarse.<\/p>\n\n\n\n<p>Segunda mitad m\u00e1s abierta pero con la Grama con m\u00e1s bal\u00f3n. Molins desde lejos con un chute raso y \u00c1ngel de volea lo intentaron. Las subidas de \u00c1ngel y Rub\u00ed por bandas hac\u00edan da\u00f1o al rival, Molins tras centro de Rubi la tuvo tambi\u00e9n de cabeza.<\/p>\n\n\n\n<p>E n el minuto 65 lleg\u00f3 otra gran noticia con la vuelta de Pantoja recuperado de su lesi\u00f3n. La mejor ocasi\u00f3n visitante la enviar\u00eda a c\u00f3rner Guiseris con un parad\u00f3n (80&#8242;). Hasta el final busc\u00f3 la Grama el empate, y se roz\u00f3 en una cabalgada por banda de \u00c1ngel que tras entrar al \u00e1rea puso un pase de la muerte que se pas\u00f3 por delante de la porter\u00eda rival sin rematador.<\/p>\n","protected":false},"excerpt":{"rendered":"<p>La Fundaci\u00f3 Esportiva Grama va tancar la pretemporada amb derrota (2-1) davant el RCD Espanyol B, un resultat que no va fer just\u00edcia al gran partit dels colomencs. Els blaus, avui de vermell, van sortir amb tres centrals (Alan-Akrong-V\u00edctor) oberts donant llibertat als laterals (Rubi-Cabezola), convertits en carrilers. Aviat robarien la pilota als locals i [&hellip;]<\/p>\n","protected":false},"author":1,"featured_media":29337,"comment_status":"closed","ping_status":"closed","sticky":false,"template":"","format":"standard","meta":{"footnotes":""},"categories":[5],"tags":[],"class_list":["post-29334","post","type-post","status-publish","format-standard","has-post-thumbnail","hentry","category-primer-equip"],"_links":{"self":[{"href":"http:\/\/fegrama.cat\/web\/wp-json\/wp\/v2\/posts\/29334","targetHints":{"allow":["GET"]}}],"collection":[{"href":"http:\/\/fegrama.cat\/web\/wp-json\/wp\/v2\/posts"}],"about":[{"href":"http:\/\/fegrama.cat\/web\/wp-json\/wp\/v2\/types\/post"}],"author":[{"embeddable":true,"href":"http:\/\/fegrama.cat\/web\/wp-json\/wp\/v2\/users\/1"}],"replies":[{"embeddable":true,"href":"http:\/\/fegrama.cat\/web\/wp-json\/wp\/v2\/comments?post=29334"}],"version-history":[{"count":3,"href":"http:\/\/fegrama.cat\/web\/wp-json\/wp\/v2\/posts\/29334\/revisions"}],"predecessor-version":[{"id":29341,"href":"http:\/\/fegrama.cat\/web\/wp-json\/wp\/v2\/posts\/29334\/revisions\/29341"}],"wp:featuredmedia":[{"embeddable":true,"href":"http:\/\/fegrama.cat\/web\/wp-json\/wp\/v2\/media\/29337"}],"wp:attachment":[{"href":"http:\/\/fegrama.cat\/web\/wp-json\/wp\/v2\/media?parent=29334"}],"wp:term":[{"taxonomy":"category","embeddable":true,"href":"http:\/\/fegrama.cat\/web\/wp-json\/wp\/v2\/categories?post=29334"},{"taxonomy":"post_tag","embeddable":true,"href":"http:\/\/fegrama.cat\/web\/wp-json\/wp\/v2\/tags?post=29334"}],"curies":[{"name":"wp","href":"https:\/\/api.w.org\/{rel}","templated":true}]}}