{"id":2933,"date":"2014-03-24T07:22:45","date_gmt":"2014-03-24T06:22:45","guid":{"rendered":"http:\/\/fegrama.cat\/web\/?p=2933"},"modified":"2014-03-23T20:29:26","modified_gmt":"2014-03-23T19:29:26","slug":"el-preferent-alevi-de-la-fegrama-cau-davant-el-cornella","status":"publish","type":"post","link":"http:\/\/fegrama.cat\/web\/el-preferent-alevi-de-la-fegrama-cau-davant-el-cornella\/","title":{"rendered":"El Preferent Alev\u00ed de la FEGrama cau davant el Cornell\u00e0"},"content":{"rendered":"<p style=\"text-align: justify;\"><span style=\"color: #000000;\">El Preferent Alev\u00ed de la FEGrama ha caigut amb la visita del Cornell\u00e0 per 0-6.<\/span><\/p>\n<p style=\"text-align: justify;\"><span style=\"color: #000000;\">Els jugadors de la Fundaci\u00f3 Grama segueixen a la dotzena posici\u00f3 a la classificaci\u00f3 amb 24 punts ara amb dues derrotes seguides on davant d&#8217;un rival directe com el Cornell\u00e0 no varen sortir les coses com es volien fer per\u00f2 aix\u00f2 servir\u00e0 com a est\u00edmul per a les pr\u00f2ximes jornades.<\/span><\/p>\n<p style=\"text-align: justify;\"><span style=\"color: #000000;\">Aix\u00ed a la jornada 22, el conjunt de la FEG dirigit per Ferran Hern\u00e1ndez anir\u00e0 a casa de la Damm al Municipal Nou Taxonera, segon amb 57 punts el pr\u00f2xim dissabte 29 de mar\u00e7 des de les 18:15 hores.<\/span><\/p>\n<p style=\"text-align: justify;\"><span style=\"color: #000000;\">[divider]<\/span><\/p>\n<p style=\"text-align: justify;\"><span style=\"color: #000000;\">[button color=\u00bbblue\u00bb size=\u00bbsmall\u00bb link=\u00bbhttp:\/\/www.fcf.cat\/pnfg\/NFG_CmpJornada?cod_primaria=1000120&amp;CodCompeticion=18473304&amp;CodGrupo=18492801&amp;CodTemporada=9&amp;CodJornada=13&#8243; target=\u00bbblank\u00bb ]Resultats[\/button]<\/span><\/p>\n<p style=\"text-align: justify;\"><span style=\"color: #000000;\">[button color=\u00bbblue\u00bb size=\u00bbsmall\u00bb link=\u00bbhttp:\/\/www.fcf.cat\/pnfg\/NPcd\/NFG_VisClasificacion?cod_primaria=1000120&amp;codgrupo=18492801&amp;codcompeticion=18473304&#8243; target=\u00bbblank\u00bb ]Classificaci\u00f3[\/button]<\/span><\/p>\n<p style=\"text-align: justify;\"><span style=\"color: #000000;\">El Preferente Alev\u00edn de la FEGRAM ha ca\u00eddo con la visita del Cornell\u00e0 por 0-6.<\/span><\/p>\n<p style=\"text-align: justify;\"><span style=\"color: #000000;\">Los jugadores de la Fundaci\u00f3n Grama siguen a la duod\u00e9cima posici\u00f3n en la clasificaci\u00f3n con 24 puntos ahora con dos derrotas seguidas donde ante un rival directo como el Cornell\u00e0 no salieron las cosas como se quer\u00edan hacer pero esto servir\u00e1 como est\u00edmulo para las pr\u00f3ximas jornadas.<\/span><\/p>\n<p style=\"text-align: justify;\"><span style=\"color: #000000;\">As\u00ed en la jornada 22, el conjunto de la FEG dirigido por Ferran Hern\u00e1ndez ir\u00e1 a casa de la Damm en el Municipal Nou Taxonera, segundo con 57 puntos el pr\u00f3ximo s\u00e1bado 29 de marzo desde las 18:15 horas.<\/span><\/p>\n<p style=\"text-align: justify;\"><span style=\"color: #000000;\"><strong>Visca l&#8217;Esperit Grama!!!<\/strong><\/span><\/p>\n","protected":false},"excerpt":{"rendered":"<p>El Preferent Alev\u00ed de la FEGrama ha caigut amb la visita del Cornell\u00e0 per 0-6. Els jugadors de la Fundaci\u00f3 Grama segueixen a la dotzena posici\u00f3 a la classificaci\u00f3 amb 24 punts ara amb dues derrotes seguides on davant d&#8217;un rival directe com el Cornell\u00e0 no varen sortir les coses com es volien fer per\u00f2 [&hellip;]<\/p>\n","protected":false},"author":1,"featured_media":0,"comment_status":"closed","ping_status":"closed","sticky":false,"template":"","format":"standard","meta":{"footnotes":""},"categories":[10,4],"tags":[],"class_list":["post-2933","post","type-post","status-publish","format-standard","hentry","category-alevins","category-base-inclusiu"],"_links":{"self":[{"href":"http:\/\/fegrama.cat\/web\/wp-json\/wp\/v2\/posts\/2933","targetHints":{"allow":["GET"]}}],"collection":[{"href":"http:\/\/fegrama.cat\/web\/wp-json\/wp\/v2\/posts"}],"about":[{"href":"http:\/\/fegrama.cat\/web\/wp-json\/wp\/v2\/types\/post"}],"author":[{"embeddable":true,"href":"http:\/\/fegrama.cat\/web\/wp-json\/wp\/v2\/users\/1"}],"replies":[{"embeddable":true,"href":"http:\/\/fegrama.cat\/web\/wp-json\/wp\/v2\/comments?post=2933"}],"version-history":[{"count":1,"href":"http:\/\/fegrama.cat\/web\/wp-json\/wp\/v2\/posts\/2933\/revisions"}],"predecessor-version":[{"id":2935,"href":"http:\/\/fegrama.cat\/web\/wp-json\/wp\/v2\/posts\/2933\/revisions\/2935"}],"wp:attachment":[{"href":"http:\/\/fegrama.cat\/web\/wp-json\/wp\/v2\/media?parent=2933"}],"wp:term":[{"taxonomy":"category","embeddable":true,"href":"http:\/\/fegrama.cat\/web\/wp-json\/wp\/v2\/categories?post=2933"},{"taxonomy":"post_tag","embeddable":true,"href":"http:\/\/fegrama.cat\/web\/wp-json\/wp\/v2\/tags?post=2933"}],"curies":[{"name":"wp","href":"https:\/\/api.w.org\/{rel}","templated":true}]}}