{"id":29329,"date":"2021-08-31T08:23:08","date_gmt":"2021-08-31T07:23:08","guid":{"rendered":"http:\/\/fegrama.cat\/web\/?p=29329"},"modified":"2021-08-31T08:23:09","modified_gmt":"2021-08-31T07:23:09","slug":"la-grama-seguira-lluint-fem-ciutat","status":"publish","type":"post","link":"http:\/\/fegrama.cat\/web\/la-grama-seguira-lluint-fem-ciutat\/","title":{"rendered":"La Grama seguir\u00e0 lluint &#8216;Fem Ciutat&#8217;"},"content":{"rendered":"\n<figure class=\"wp-block-image size-large\"><img loading=\"lazy\" decoding=\"async\" width=\"1024\" height=\"512\" src=\"http:\/\/fegrama.cat\/web\/wp-content\/uploads\/2021\/08\/Fem-ciutat.jpeg\" alt=\"\" class=\"wp-image-29330\" srcset=\"http:\/\/fegrama.cat\/web\/wp-content\/uploads\/2021\/08\/Fem-ciutat.jpeg 1024w, http:\/\/fegrama.cat\/web\/wp-content\/uploads\/2021\/08\/Fem-ciutat-300x150.jpeg 300w, http:\/\/fegrama.cat\/web\/wp-content\/uploads\/2021\/08\/Fem-ciutat-768x384.jpeg 768w\" sizes=\"auto, (max-width: 1024px) 100vw, 1024px\" \/><\/figure>\n\n\n\n<p>Una temporada m\u00e9s l&#8217;esp\u00f2nsor de la Fundaci\u00f3 Esportiva Grama portar\u00e0 amb orgull el nom de la ciutat de Santa Coloma de Gramenet, d&#8217;una manera totalment altruista.<\/p>\n\n\n\n<p>Amb l&#8217;esl\u00f2gan \u00abFem Ciutat\u00bb a la part davantera de la samarreta, i el nom de la nostra ciutat al dors.<\/p>\n\n\n\n<p>Sent m\u00e9s de 40 equips, capitanejats pel Tercera Divisi\u00f3, els que ho lluiran per tots els estadis de Catalunya.<\/p>\n\n\n\n<blockquote class=\"wp-block-quote is-layout-flow wp-block-quote-is-layout-flow\"><p>\u00abSeguim amb Fem Ciutat i Santa Coloma de Gramenet fins que no trobem un patrocinador que sigui fidel als nostres colors i pol\u00edtica de club.\u00bb<\/p><cite>Antonio Morales (President Fundaci\u00f3 Esp. Grama)<\/cite><\/blockquote>\n\n\n\n<div class=\"wp-block-image\"><figure class=\"aligncenter size-large\"><img loading=\"lazy\" decoding=\"async\" width=\"1024\" height=\"512\" src=\"http:\/\/fegrama.cat\/web\/wp-content\/uploads\/2021\/08\/Fem-ciutat.jpeg\" alt=\"\" class=\"wp-image-29330\" srcset=\"http:\/\/fegrama.cat\/web\/wp-content\/uploads\/2021\/08\/Fem-ciutat.jpeg 1024w, http:\/\/fegrama.cat\/web\/wp-content\/uploads\/2021\/08\/Fem-ciutat-300x150.jpeg 300w, http:\/\/fegrama.cat\/web\/wp-content\/uploads\/2021\/08\/Fem-ciutat-768x384.jpeg 768w\" sizes=\"auto, (max-width: 1024px) 100vw, 1024px\" \/><\/figure><\/div>\n\n\n\n<p>Una temporada m\u00e1s el sponsor de la Fundaci\u00f3 Esportiva Grama llevar\u00e1 con orgullo el nombre de la ciudad de Santa Coloma de Gramenet, de una manera totalmente altruista.<\/p>\n\n\n\n<p>Con el eslogan \u00abFem Ciutat\u00bb en la parte delantera de la camiseta, y el nombre de nuestra ciudad en el dorso.<\/p>\n\n\n\n<p>Siendo m\u00e1s de 40 equipos, capitaneados por el Tercera Divisi\u00f3n, los que lo lucir\u00e1n por todos los estadios de Catalunya.<\/p>\n\n\n\n<blockquote class=\"wp-block-quote is-layout-flow wp-block-quote-is-layout-flow\"><p>\u00abSeguimos con Fem Ciutat y Santa Coloma de Gramenet hasta que no encontremos un sponsor que sea fiel a nuestros colores y pol\u00edtica de club.\u00bb<\/p><cite>Antonio Morales (Presidente Fundaci\u00f3 Esp. Grama)<\/cite><\/blockquote>\n\n\n\n<p><\/p>\n","protected":false},"excerpt":{"rendered":"<p>Una temporada m\u00e9s l&#8217;esp\u00f2nsor de la Fundaci\u00f3 Esportiva Grama portar\u00e0 amb orgull el nom de la ciutat de Santa Coloma de Gramenet, d&#8217;una manera totalment altruista. Amb l&#8217;esl\u00f2gan \u00abFem Ciutat\u00bb a la part davantera de la samarreta, i el nom de la nostra ciutat al dors. Sent m\u00e9s de 40 equips, capitanejats pel Tercera Divisi\u00f3, [&hellip;]<\/p>\n","protected":false},"author":1,"featured_media":29330,"comment_status":"closed","ping_status":"closed","sticky":false,"template":"","format":"standard","meta":{"footnotes":""},"categories":[14,15],"tags":[],"class_list":["post-29329","post","type-post","status-publish","format-standard","has-post-thumbnail","hentry","category-noticies","category-noticies-destacades"],"_links":{"self":[{"href":"http:\/\/fegrama.cat\/web\/wp-json\/wp\/v2\/posts\/29329","targetHints":{"allow":["GET"]}}],"collection":[{"href":"http:\/\/fegrama.cat\/web\/wp-json\/wp\/v2\/posts"}],"about":[{"href":"http:\/\/fegrama.cat\/web\/wp-json\/wp\/v2\/types\/post"}],"author":[{"embeddable":true,"href":"http:\/\/fegrama.cat\/web\/wp-json\/wp\/v2\/users\/1"}],"replies":[{"embeddable":true,"href":"http:\/\/fegrama.cat\/web\/wp-json\/wp\/v2\/comments?post=29329"}],"version-history":[{"count":3,"href":"http:\/\/fegrama.cat\/web\/wp-json\/wp\/v2\/posts\/29329\/revisions"}],"predecessor-version":[{"id":29349,"href":"http:\/\/fegrama.cat\/web\/wp-json\/wp\/v2\/posts\/29329\/revisions\/29349"}],"wp:featuredmedia":[{"embeddable":true,"href":"http:\/\/fegrama.cat\/web\/wp-json\/wp\/v2\/media\/29330"}],"wp:attachment":[{"href":"http:\/\/fegrama.cat\/web\/wp-json\/wp\/v2\/media?parent=29329"}],"wp:term":[{"taxonomy":"category","embeddable":true,"href":"http:\/\/fegrama.cat\/web\/wp-json\/wp\/v2\/categories?post=29329"},{"taxonomy":"post_tag","embeddable":true,"href":"http:\/\/fegrama.cat\/web\/wp-json\/wp\/v2\/tags?post=29329"}],"curies":[{"name":"wp","href":"https:\/\/api.w.org\/{rel}","templated":true}]}}