{"id":29312,"date":"2021-08-22T10:42:58","date_gmt":"2021-08-22T09:42:58","guid":{"rendered":"http:\/\/fegrama.cat\/web\/?p=29312"},"modified":"2021-08-22T10:42:59","modified_gmt":"2021-08-22T09:42:59","slug":"empat-1-1-al-derbi-amistos-contra-el-badalona","status":"publish","type":"post","link":"http:\/\/fegrama.cat\/web\/empat-1-1-al-derbi-amistos-contra-el-badalona\/","title":{"rendered":"Empat (1-1) al derbi amist\u00f3s contra el Badalona"},"content":{"rendered":"\n<p>Gran entrada al Nou Municipal de Santa Coloma, amb prop de 160 espectadors repartits per tot l&#8217;estadi, i gran partit de la Fundaci\u00f3 Grama davant el CF Badalona. El resultat final va ser d&#8217;1-1.<\/p>\n\n\n\n<p>Primera part molt parella en qu\u00e8 els colomencs es van aproximar amb perill i els visitants van fregar el gol. Guiseris amb una gran m\u00e0 va evitar el 0-1 i poc despr\u00e9s el pal i V\u00edctor traient la pilota en la l\u00ednia ho van evitar.<\/p>\n\n\n\n<p>Abans de la mitja part Montalb\u00e1n dins l&#8217;\u00e0rea va enviar el seu xut alt. Despr\u00e9s del pas per vestidors Juanma Pons va realitzar tres canvis donant entrada a T\u00fanez (P), Peque i Roger Garc\u00eda.<\/p>\n\n\n\n<p>La igualtat va seguir predominant en el segon temps fins que va arribar el 0-1. Al minut 63 Pitu avan\u00e7ava al Badalona de penal. Amb el gol els escapulats van tenir uns minuts de domini.<\/p>\n\n\n\n<figure class=\"wp-block-image size-large\"><img loading=\"lazy\" decoding=\"async\" width=\"1024\" height=\"856\" src=\"http:\/\/fegrama.cat\/web\/wp-content\/uploads\/2021\/08\/IMG-20210822-WA0017-1024x856.jpg\" alt=\"\" class=\"wp-image-29324\" srcset=\"http:\/\/fegrama.cat\/web\/wp-content\/uploads\/2021\/08\/IMG-20210822-WA0017-1024x856.jpg 1024w, http:\/\/fegrama.cat\/web\/wp-content\/uploads\/2021\/08\/IMG-20210822-WA0017-300x251.jpg 300w, http:\/\/fegrama.cat\/web\/wp-content\/uploads\/2021\/08\/IMG-20210822-WA0017-768x642.jpg 768w, http:\/\/fegrama.cat\/web\/wp-content\/uploads\/2021\/08\/IMG-20210822-WA0017-1536x1284.jpg 1536w, http:\/\/fegrama.cat\/web\/wp-content\/uploads\/2021\/08\/IMG-20210822-WA0017.jpg 1557w\" sizes=\"auto, (max-width: 1024px) 100vw, 1024px\" \/><\/figure>\n\n\n\n<p>Al minut 66 va debutar Akrong a la Grama. Amb el pas dels minuts la Grama tornaria a igualar el xoc a la recerca de l&#8217;empat. Hicham i Uri despr\u00e9s de rematar una gran jugada per l&#8217;esquerra van estar a prop de la igualada.<\/p>\n\n\n\n<p>Tampoc es va arronsar el Badalona davant l&#8217;empenta local i va posar a prova fins a dues vegades a T\u00fanez que va respondre amb dues bones parades.<\/p>\n\n\n\n<p>La insist\u00e8ncia de la Grama va tenir la seva recompensa al 87. Uri va rebre una bona pilota, es va escapar i va aguantar molt b\u00e9 al defensa per entrar a l&#8217;\u00e0rea i rebentar la porteria. L&#8217;1-1 i el segon gol del juvenil amb el primer equip.<\/p>\n\n\n\n<p>Fins i tot la Fundaci\u00f3 Grama va tenir el gol de la vict\u00f2ria. Al afegit Fran es va inventar una jugada de molt talent i des de lluny va provar a el porter qui va rebutjar i Aleix va ca\u00e7ar el rebuig per\u00f2 no va acabar en gol. Finalment un gran empat davant un equip de superior categoria, les sensacions s\u00f3n molt positives per al comen\u00e7ament de lliga.<\/p>\n\n\n\n<figure class=\"wp-block-image size-large\"><img loading=\"lazy\" decoding=\"async\" width=\"1024\" height=\"760\" src=\"http:\/\/fegrama.cat\/web\/wp-content\/uploads\/2021\/08\/05-1024x760.png\" alt=\"\" class=\"wp-image-29323\" srcset=\"http:\/\/fegrama.cat\/web\/wp-content\/uploads\/2021\/08\/05-1024x760.png 1024w, http:\/\/fegrama.cat\/web\/wp-content\/uploads\/2021\/08\/05-300x223.png 300w, http:\/\/fegrama.cat\/web\/wp-content\/uploads\/2021\/08\/05-768x570.png 768w, http:\/\/fegrama.cat\/web\/wp-content\/uploads\/2021\/08\/05-1536x1140.png 1536w, http:\/\/fegrama.cat\/web\/wp-content\/uploads\/2021\/08\/05.png 1657w\" sizes=\"auto, (max-width: 1024px) 100vw, 1024px\" \/><\/figure>\n\n\n\n<p>Gran entrada en el Nou Municipal, con cerca de 160 espectadores repartidos por todo el estadio, y gran partido de la Fundaci\u00f3 Grama ante el CF Badalona. El resultado final fue de 1-1.<\/p>\n\n\n\n<p>Primera parte muy pareja en la que los colomeses se aproximaron con peligro y los visitantes rozaron el gol. Guiseris con una gran mano evit\u00f3 el 0-1 y poco despu\u00e9s el palo y V\u00edctor sacando la pelota en la l\u00ednea lo evitaron.<\/p>\n\n\n\n<p>Antes del descanso Montalb\u00e1n dentro del \u00e1rea envi\u00f3 su disparo alto. Tras el paso por vestuarios Juanma Pons realiz\u00f3 tres cambios dando entrada a T\u00fanez (P), Peque y Roger Garc\u00eda.<\/p>\n\n\n\n<p>La igualdad sigui\u00f3 predominando en el segundo tiempo hasta que lleg\u00f3 el 0-1. En el minuto 63 Pitu adelantaba al Badalona de penalti. Con el gol lls escapulados tuvieron unos minutos de dominio.<\/p>\n\n\n\n<figure class=\"wp-block-image size-large\"><img loading=\"lazy\" decoding=\"async\" width=\"1024\" height=\"856\" src=\"http:\/\/fegrama.cat\/web\/wp-content\/uploads\/2021\/08\/IMG-20210822-WA0017-1024x856.jpg\" alt=\"\" class=\"wp-image-29324\" srcset=\"http:\/\/fegrama.cat\/web\/wp-content\/uploads\/2021\/08\/IMG-20210822-WA0017-1024x856.jpg 1024w, http:\/\/fegrama.cat\/web\/wp-content\/uploads\/2021\/08\/IMG-20210822-WA0017-300x251.jpg 300w, http:\/\/fegrama.cat\/web\/wp-content\/uploads\/2021\/08\/IMG-20210822-WA0017-768x642.jpg 768w, http:\/\/fegrama.cat\/web\/wp-content\/uploads\/2021\/08\/IMG-20210822-WA0017-1536x1284.jpg 1536w, http:\/\/fegrama.cat\/web\/wp-content\/uploads\/2021\/08\/IMG-20210822-WA0017.jpg 1557w\" sizes=\"auto, (max-width: 1024px) 100vw, 1024px\" \/><\/figure>\n\n\n\n<p>En el minuto 66 debut\u00f3 Akrong en la Grama. Con el paso de los minutos la Grama volver\u00eda a igualar el choque en busca del empate. Hicham y Uri tras rematae una gran jugada por la izquierda estuvieron cerca de la igualada.<\/p>\n\n\n\n<p>Tampoco se arrug\u00f3 el Badalona ante el empuje local y puso a prueba hasta dos veces a T\u00fanez que respondi\u00f3 con dos buenas paradas. La insistencia de la Grama tuvo su recompensa en el 87. Uri recibi\u00f3 un buen bal\u00f3n, se escap\u00f3 y aguant\u00f3 muy bien al defensa para entrar en el \u00e1rea y reventar la porter\u00eda. El 1-1 y el segundo gol del juvenil con el primer equipo.<\/p>\n\n\n\n<p>Incluso la Fundaci\u00f3 Grama tuvo el gol de la victoria. En el a\u00f1adido Fran se invent\u00f3 una jugada de mucho talento y desde lejos prob\u00f3 al portero quien rechaz\u00f3 y Aleix caz\u00f3 el rechace pero no acab\u00f3 en gol. Finalmente un gran empate ante un equipo de superior categor\u00eda, las sensaciones son muy positivas para el comienzo de liga.<\/p>\n","protected":false},"excerpt":{"rendered":"<p>Gran entrada al Nou Municipal de Santa Coloma, amb prop de 160 espectadors repartits per tot l&#8217;estadi, i gran partit de la Fundaci\u00f3 Grama davant el CF Badalona. El resultat final va ser d&#8217;1-1. Primera part molt parella en qu\u00e8 els colomencs es van aproximar amb perill i els visitants van fregar el gol. Guiseris [&hellip;]<\/p>\n","protected":false},"author":1,"featured_media":29322,"comment_status":"closed","ping_status":"closed","sticky":false,"template":"","format":"standard","meta":{"footnotes":""},"categories":[5],"tags":[],"class_list":["post-29312","post","type-post","status-publish","format-standard","has-post-thumbnail","hentry","category-primer-equip"],"_links":{"self":[{"href":"http:\/\/fegrama.cat\/web\/wp-json\/wp\/v2\/posts\/29312","targetHints":{"allow":["GET"]}}],"collection":[{"href":"http:\/\/fegrama.cat\/web\/wp-json\/wp\/v2\/posts"}],"about":[{"href":"http:\/\/fegrama.cat\/web\/wp-json\/wp\/v2\/types\/post"}],"author":[{"embeddable":true,"href":"http:\/\/fegrama.cat\/web\/wp-json\/wp\/v2\/users\/1"}],"replies":[{"embeddable":true,"href":"http:\/\/fegrama.cat\/web\/wp-json\/wp\/v2\/comments?post=29312"}],"version-history":[{"count":9,"href":"http:\/\/fegrama.cat\/web\/wp-json\/wp\/v2\/posts\/29312\/revisions"}],"predecessor-version":[{"id":29325,"href":"http:\/\/fegrama.cat\/web\/wp-json\/wp\/v2\/posts\/29312\/revisions\/29325"}],"wp:featuredmedia":[{"embeddable":true,"href":"http:\/\/fegrama.cat\/web\/wp-json\/wp\/v2\/media\/29322"}],"wp:attachment":[{"href":"http:\/\/fegrama.cat\/web\/wp-json\/wp\/v2\/media?parent=29312"}],"wp:term":[{"taxonomy":"category","embeddable":true,"href":"http:\/\/fegrama.cat\/web\/wp-json\/wp\/v2\/categories?post=29312"},{"taxonomy":"post_tag","embeddable":true,"href":"http:\/\/fegrama.cat\/web\/wp-json\/wp\/v2\/tags?post=29312"}],"curies":[{"name":"wp","href":"https:\/\/api.w.org\/{rel}","templated":true}]}}