{"id":29301,"date":"2021-08-18T22:19:19","date_gmt":"2021-08-18T21:19:19","guid":{"rendered":"http:\/\/fegrama.cat\/web\/?p=29301"},"modified":"2021-08-18T22:20:23","modified_gmt":"2021-08-18T21:20:23","slug":"gran-primera-victoria-de-pretemporada","status":"publish","type":"post","link":"http:\/\/fegrama.cat\/web\/gran-primera-victoria-de-pretemporada\/","title":{"rendered":"Gran primera vict\u00f2ria de pretemporada"},"content":{"rendered":"\n<p>Primera vict\u00f2ria de la FE Grama aquesta pretemporada. L&#8217;equip de Santa Coloma va guanyar 1-0 al CP San Crist\u00f3bal davant d&#8217;uns 120 espectadors al Nou Municipal.<\/p>\n\n\n\n<p>La Fundaci\u00f3 Grama des del xiulet inicial va ser la gran dominadora del match. Als dos minuts Peris des de l&#8217;esquerra va tenir la primera per als locals. Al quart d&#8217;hora per un cop al pit Antonicelli havia de ser substitu\u00eft per Recort. Intensos, robant moltes pilotes, novament molt segurs en defensa i movent constantemen la pilota. <\/p>\n\n\n\n<p>Les ocasions en la primera meitat no van ser moltes m\u00e9s. Fran de falta directa es va trobar amb el porter i Montalb\u00e1n a passada d&#8217;\u00c1ngel va fregar l&#8217;escaire. Despr\u00e9s del pas per vestidors Juanma Pons va realitzar 5 canvis, donant entrada a Guiseris, Linares, Hicham, Peque i Aleix. De nou va avisar aviat la Grama, al 48&#8242; Molins de cap.<\/p>\n\n\n\n<p>L&#8217;\u00fanica ocasi\u00f3 del San Crist\u00f3bal en els noranta minuts arribaria en un c\u00f3rner amb una rematada de cap t\u00edmid i alt (53&#8242;). Al minut 61 Oriol Molins va rematar a gol el rebuig del porter despr\u00e9s d&#8217;una gran jugada personal de Fran que va topar amb el porter.<\/p>\n\n\n\n<p>Hicham fins a dues vegades a passes de Peris i Recort va fregar el segon, i en el 70 seria expulsat al rebre la segona targeta groga, decisi\u00f3 m\u00e9s que discutida de l&#8217;\u00e0rbitre.<\/p>\n\n\n\n<p>L&#8217;equip no va patir i amb un menys va seguir sent molt millor que el seu rival. El juvenil Uri G\u00f3mez va tornar a tenir minuts i va tornar Roger Garc\u00eda despr\u00e9s recuperar-se de la seva lesi\u00f3. Al afegit gaireb\u00e9 arriba el 2-0 amb un bon intent d&#8217;Aleix. Finalment 1-0, primera vict\u00f2ria de la FE Grama en aquesta pretemporada.<\/p>\n\n\n\n<figure class=\"wp-block-image size-large\"><img loading=\"lazy\" decoding=\"async\" width=\"1024\" height=\"768\" src=\"http:\/\/fegrama.cat\/web\/wp-content\/uploads\/2021\/08\/11fegamistososancris-1024x768.jpeg\" alt=\"\" class=\"wp-image-29306\" srcset=\"http:\/\/fegrama.cat\/web\/wp-content\/uploads\/2021\/08\/11fegamistososancris-1024x768.jpeg 1024w, http:\/\/fegrama.cat\/web\/wp-content\/uploads\/2021\/08\/11fegamistososancris-300x225.jpeg 300w, http:\/\/fegrama.cat\/web\/wp-content\/uploads\/2021\/08\/11fegamistososancris-768x576.jpeg 768w, http:\/\/fegrama.cat\/web\/wp-content\/uploads\/2021\/08\/11fegamistososancris-1536x1152.jpeg 1536w, http:\/\/fegrama.cat\/web\/wp-content\/uploads\/2021\/08\/11fegamistososancris.jpeg 1600w\" sizes=\"auto, (max-width: 1024px) 100vw, 1024px\" \/><figcaption>11 titular: T\u00fanez (P), Rubi, Alan, V\u00edctor, Cabezola, Antonicelli, \u00c1ngel, Peris, Molins, Fran H. i Montalb\u00e1n. \/ Foto: Laura Hern\u00e1ndez<\/figcaption><\/figure>\n\n\n\n<p>Primera victoria de la FE Grama esta pretemporada. El equipo de Santa Coloma ganaron 1-0 al CP San Crist\u00f3bal ante unos 120 espectadores en el Nou Municipal.<\/p>\n\n\n\n<p>La Fundaci\u00f3 Grama desde el pitido inicial fue la gran dominadora del encuentro. A los dos minutos Peris desde la izquierda tuvo la primera para los locales. Al cuarto de hora por un golpe en el pecho Antonicelli ten\u00eda que ser sustituido por Recort.<\/p>\n\n\n\n<p>Intensos, robando muchos balones, nuevamente muy seguros en defensas y moviendo constantemen el bal\u00f3n. Las ocasiones en la primera mitad no fueron muchas m\u00e1s. Fran de falta directa se encontr\u00f3 con el portero y Montalb\u00e1n a pase de \u00c1ngel roz\u00f3 la escuadra.<\/p>\n\n\n\n<p>Tras el paso por vestuarios Juanma Pons realiz\u00f3 5 cambios, dando entrada a Guiseris, Linares, Hicham, Peque y Aleix. De nuevo avis\u00f3 pronto la Grama, en el 48&#8242; Molins de cabeza.<\/p>\n\n\n\n<p>La \u00fanica ocasi\u00f3n del San Crist\u00f3bal en los noventa minutos llegar\u00eda en un c\u00f3rner con un remate de cabeza t\u00edmido y alto (53&#8242;). En el minuto 61 Oriol Molins remat\u00f3 a gol el rechace del portero tras una gran jugada personal de Fran que se top\u00f3 con el portero.<\/p>\n\n\n\n<p>Hicham hasta en dos ocasiones a pases de Peris y Recort roz\u00f3 el segundo, y en el 70 ser\u00eda expulsado al recibir su segunda cartulina amarilla, decisi\u00f3n m\u00e1s que discutida del \u00e1rbitro.<\/p>\n\n\n\n<p>El equipo no sufri\u00f3 y con uno menos sigui\u00f3 siendo mucho mejor que su rival. El juvenil Uri G\u00f3mez volvi\u00f3 a tener minutos y regres\u00f3 Roger Garc\u00eda tras recuperarse de su lesi\u00f3n. En el a\u00f1adido casi llega el 2-0 con un buen intento de Aleix. Finalmente 1-0, primera victoria de la FE Grama en esta pretemporada.<\/p>\n","protected":false},"excerpt":{"rendered":"<p>Primera vict\u00f2ria de la FE Grama aquesta pretemporada. L&#8217;equip de Santa Coloma va guanyar 1-0 al CP San Crist\u00f3bal davant d&#8217;uns 120 espectadors al Nou Municipal. La Fundaci\u00f3 Grama des del xiulet inicial va ser la gran dominadora del match. Als dos minuts Peris des de l&#8217;esquerra va tenir la primera per als locals. Al [&hellip;]<\/p>\n","protected":false},"author":1,"featured_media":29306,"comment_status":"closed","ping_status":"closed","sticky":false,"template":"","format":"standard","meta":{"footnotes":""},"categories":[5],"tags":[],"class_list":["post-29301","post","type-post","status-publish","format-standard","has-post-thumbnail","hentry","category-primer-equip"],"_links":{"self":[{"href":"http:\/\/fegrama.cat\/web\/wp-json\/wp\/v2\/posts\/29301","targetHints":{"allow":["GET"]}}],"collection":[{"href":"http:\/\/fegrama.cat\/web\/wp-json\/wp\/v2\/posts"}],"about":[{"href":"http:\/\/fegrama.cat\/web\/wp-json\/wp\/v2\/types\/post"}],"author":[{"embeddable":true,"href":"http:\/\/fegrama.cat\/web\/wp-json\/wp\/v2\/users\/1"}],"replies":[{"embeddable":true,"href":"http:\/\/fegrama.cat\/web\/wp-json\/wp\/v2\/comments?post=29301"}],"version-history":[{"count":6,"href":"http:\/\/fegrama.cat\/web\/wp-json\/wp\/v2\/posts\/29301\/revisions"}],"predecessor-version":[{"id":29309,"href":"http:\/\/fegrama.cat\/web\/wp-json\/wp\/v2\/posts\/29301\/revisions\/29309"}],"wp:featuredmedia":[{"embeddable":true,"href":"http:\/\/fegrama.cat\/web\/wp-json\/wp\/v2\/media\/29306"}],"wp:attachment":[{"href":"http:\/\/fegrama.cat\/web\/wp-json\/wp\/v2\/media?parent=29301"}],"wp:term":[{"taxonomy":"category","embeddable":true,"href":"http:\/\/fegrama.cat\/web\/wp-json\/wp\/v2\/categories?post=29301"},{"taxonomy":"post_tag","embeddable":true,"href":"http:\/\/fegrama.cat\/web\/wp-json\/wp\/v2\/tags?post=29301"}],"curies":[{"name":"wp","href":"https:\/\/api.w.org\/{rel}","templated":true}]}}