{"id":29253,"date":"2021-08-12T09:00:30","date_gmt":"2021-08-12T08:00:30","guid":{"rendered":"http:\/\/fegrama.cat\/web\/?p=29253"},"modified":"2021-08-17T13:19:41","modified_gmt":"2021-08-17T12:19:41","slug":"seguim-creixent","status":"publish","type":"post","link":"http:\/\/fegrama.cat\/web\/seguim-creixent\/","title":{"rendered":"Seguim creixent"},"content":{"rendered":"\n<p>La Fundaci\u00f3 Esportiva Grama va empatar a un gol davant la UE Sant Andreu al tercer amist\u00f3s de la pretemporada. Els de Juanma Pons segueixen sumant minuts i creixent, cada partit es van veient millores i els jugadors cada vegada m\u00e9s endollats.<\/p>\n\n\n\n<p>Els colomencs van comen\u00e7ar b\u00e9, tocant molt la pilota i buscant tenir la possessi\u00f3. El primer xut del partit seria un desviat de Recort, molt actiu a la banda. Malauradament als 15 minuts una jugada per banda esquerra va acabar en un centre que Yassid va rematar al fons de la porteria, no va poder fer res T\u00fanez per evitar l&#8217;1-0.<\/p>\n\n\n\n<p>La Grama va intentar reaccionar per\u00f2 no arribaven a l&#8217;\u00e0rea local amb facilitat, movien amb criteri la pilota per\u00f2 sense crear perill fins que en el 25 Montalb\u00e1n quasi aprofita un error defensiu en l&#8217;\u00e0rea. Fins al descans es va poder veure un Sant Andreu millor, m\u00e9s perill\u00f3s per\u00f2 que nom\u00e9s va disposar d&#8217;una ocasi\u00f3 m\u00e9s.<\/p>\n\n\n\n<figure class=\"wp-block-image size-large\"><img loading=\"lazy\" decoding=\"async\" width=\"1024\" height=\"680\" src=\"http:\/\/fegrama.cat\/web\/wp-content\/uploads\/2021\/08\/DSC_3915-1024x680.jpg\" alt=\"\" class=\"wp-image-29256\" srcset=\"http:\/\/fegrama.cat\/web\/wp-content\/uploads\/2021\/08\/DSC_3915-1024x680.jpg 1024w, http:\/\/fegrama.cat\/web\/wp-content\/uploads\/2021\/08\/DSC_3915-300x199.jpg 300w, http:\/\/fegrama.cat\/web\/wp-content\/uploads\/2021\/08\/DSC_3915-768x510.jpg 768w, http:\/\/fegrama.cat\/web\/wp-content\/uploads\/2021\/08\/DSC_3915-1536x1020.jpg 1536w, http:\/\/fegrama.cat\/web\/wp-content\/uploads\/2021\/08\/DSC_3915-2048x1360.jpg 2048w\" sizes=\"auto, (max-width: 1024px) 100vw, 1024px\" \/><\/figure>\n\n\n\n<p>A la represa, Juanma Pons va realitzar cinc canvis, els mateixos que els locals. La Fundaci\u00f3 Grama va saltar amb una cara diferent: m\u00e9s r\u00e0pida, amb Fran Hern\u00e1ndez comandant cadascun dels atacs i dominant a la recerca de l&#8217;empat. Peris va tenir el gol a les seves botes despr\u00e9s d&#8217;internar-se a l&#8217;\u00e0rea per\u00f2 el seu xut es va estavellar amb el travesser. La mala not\u00edcia per als blaus va ser la lesi\u00f3 de Pantoja, el davanter va entrar al camp al 56 i al 66 va haver de ser substitu\u00eft.<\/p>\n\n\n\n<p>La Grama va tenir la seva recompensa al minut 73 quan Hicham de cap perllongava la jugada i assistia a Aleix D\u00edaz que davant del porter no fallava (1-1). Amb el partit m\u00e9s obert i empatat van ser els visitants els que van tenir el gol m\u00e9s a prop. Hicham de cap despr\u00e9s d&#8217;un gran centre de Fran va estar a punt de marcar per\u00f2 una gran aturada del porter barcelon\u00ed ho va evitar. Poc despr\u00e9s seria \u00c0ngel el que va estar a prop.<\/p>\n\n\n\n<p>Abans del xiulet final vam veure dues oportunitats m\u00e9s: Fran des de lluny i el Sant Andreu amb un xut que va sortir fregant el pal. Un empat per seguir creixent.<\/p>\n\n\n\n<figure class=\"wp-block-image size-large\"><img loading=\"lazy\" decoding=\"async\" width=\"1024\" height=\"680\" src=\"http:\/\/fegrama.cat\/web\/wp-content\/uploads\/2021\/08\/DSC_4199-1024x680.jpg\" alt=\"\" class=\"wp-image-29257\" srcset=\"http:\/\/fegrama.cat\/web\/wp-content\/uploads\/2021\/08\/DSC_4199-1024x680.jpg 1024w, http:\/\/fegrama.cat\/web\/wp-content\/uploads\/2021\/08\/DSC_4199-300x199.jpg 300w, http:\/\/fegrama.cat\/web\/wp-content\/uploads\/2021\/08\/DSC_4199-768x510.jpg 768w, http:\/\/fegrama.cat\/web\/wp-content\/uploads\/2021\/08\/DSC_4199-1536x1020.jpg 1536w, http:\/\/fegrama.cat\/web\/wp-content\/uploads\/2021\/08\/DSC_4199-2048x1360.jpg 2048w\" sizes=\"auto, (max-width: 1024px) 100vw, 1024px\" \/><\/figure>\n\n\n\n<p>La Fundaci\u00f3 Esportiva Grama empat\u00f3 a un gol ante la UE Sant Andreu en el tercer amistoso de la pretemporada. Los de Juanma Pons siguen sumando minutos y creciendo, cada partido se van viendo mejoras y los jugadores cada vez m\u00e1s enchufados. <\/p>\n\n\n\n<p>Los colomenses empezaron bien, tocando mucho la pelota y buscando tener la posesi\u00f3n. El primer chute del partido ser\u00eda un chute desviado de Recort, muy activo en la banda. Desgraciadamente a los 15 minutos una jugada por banda izquierda termin\u00f3 en un centro que Yassid remat\u00f3 al fondo de la porter\u00eda, nada pudo hacer T\u00fanez para evitar el 1-0.<\/p>\n\n\n\n<p>La Grama intent\u00f3 reaccionar pero no llegaban al \u00e1rea local con facilidad, mov\u00edan con criterio la pelota pero sin crear peligro hasta que en el 25 Montalb\u00e1n casi aprovecha un error defensivo en el \u00e1rea. De aqu\u00ed al final se pudo ver un Sant Andreu mejor, m\u00e1s peligroso pero que solo dispuso de una ocasi\u00f3n m\u00e1s.<\/p>\n\n\n\n<p>En la reanudaci\u00f3n, Juanma Pons realiz\u00f3 cinco cambios, los mismos que los locales. La Fundaci\u00f3 Grama salt\u00f3 con una cara distinta: m\u00e1s r\u00e1pida, con Fran Hern\u00e1ndez comandando cada uno de los ataques y dominando en busca del empate. Peris tuvo el gol en sus botas tras internarse en el \u00e1rea pero su dispar\u00f3 se estrell\u00f3 con el travesa\u00f1o. La mala noticia para los azules fue la lesi\u00f3n de Pantoja, el delantero entr\u00f3 al campo en el 56 y en el 66 tuvo que ser sustituido. <\/p>\n\n\n\n<p>La Grama tuvo su recompensa en el minuto 73 cuando Hicham de cabeza prolongaba la jugada y asist\u00eda a Aleix D\u00edaz que delante del portero no fallaba (1-1). Con el partido m\u00e1s abierto y empatado fueron los visitantes quienes tuvieron el gol m\u00e1s cerca. Hicham de cabeza tras un gran centro de Fran estuvo a punto de marcar pero un parad\u00f3n del portero barcelon\u00e9s lo evit\u00f3. Poco despu\u00e9s ser\u00eda \u00c1ngel el que estuvo cerca.<\/p>\n\n\n\n<p>Antes del pitido final vimos dos oportunidades m\u00e1s: Fran desde lejos y el Sant Andreu con un chute que sali\u00f3 fregando el palo. Un empate para seguir creciendo.<\/p>\n","protected":false},"excerpt":{"rendered":"<p>La Fundaci\u00f3 Esportiva Grama va empatar a un gol davant la UE Sant Andreu al tercer amist\u00f3s de la pretemporada. Els de Juanma Pons segueixen sumant minuts i creixent, cada partit es van veient millores i els jugadors cada vegada m\u00e9s endollats. Els colomencs van comen\u00e7ar b\u00e9, tocant molt la pilota i buscant tenir la [&hellip;]<\/p>\n","protected":false},"author":1,"featured_media":29255,"comment_status":"closed","ping_status":"closed","sticky":false,"template":"","format":"standard","meta":{"footnotes":""},"categories":[5],"tags":[],"class_list":["post-29253","post","type-post","status-publish","format-standard","has-post-thumbnail","hentry","category-primer-equip"],"_links":{"self":[{"href":"http:\/\/fegrama.cat\/web\/wp-json\/wp\/v2\/posts\/29253","targetHints":{"allow":["GET"]}}],"collection":[{"href":"http:\/\/fegrama.cat\/web\/wp-json\/wp\/v2\/posts"}],"about":[{"href":"http:\/\/fegrama.cat\/web\/wp-json\/wp\/v2\/types\/post"}],"author":[{"embeddable":true,"href":"http:\/\/fegrama.cat\/web\/wp-json\/wp\/v2\/users\/1"}],"replies":[{"embeddable":true,"href":"http:\/\/fegrama.cat\/web\/wp-json\/wp\/v2\/comments?post=29253"}],"version-history":[{"count":3,"href":"http:\/\/fegrama.cat\/web\/wp-json\/wp\/v2\/posts\/29253\/revisions"}],"predecessor-version":[{"id":29259,"href":"http:\/\/fegrama.cat\/web\/wp-json\/wp\/v2\/posts\/29253\/revisions\/29259"}],"wp:featuredmedia":[{"embeddable":true,"href":"http:\/\/fegrama.cat\/web\/wp-json\/wp\/v2\/media\/29255"}],"wp:attachment":[{"href":"http:\/\/fegrama.cat\/web\/wp-json\/wp\/v2\/media?parent=29253"}],"wp:term":[{"taxonomy":"category","embeddable":true,"href":"http:\/\/fegrama.cat\/web\/wp-json\/wp\/v2\/categories?post=29253"},{"taxonomy":"post_tag","embeddable":true,"href":"http:\/\/fegrama.cat\/web\/wp-json\/wp\/v2\/tags?post=29253"}],"curies":[{"name":"wp","href":"https:\/\/api.w.org\/{rel}","templated":true}]}}