{"id":29250,"date":"2021-08-05T20:06:43","date_gmt":"2021-08-05T19:06:43","guid":{"rendered":"http:\/\/fegrama.cat\/web\/?p=29250"},"modified":"2021-08-26T11:48:28","modified_gmt":"2021-08-26T10:48:28","slug":"comunicat-oficial-cancel%c2%b7lacio-partit-amistos","status":"publish","type":"post","link":"http:\/\/fegrama.cat\/web\/comunicat-oficial-cancel%c2%b7lacio-partit-amistos\/","title":{"rendered":"Comunicat Oficial: Cancel\u00b7laci\u00f3 partit amist\u00f3s"},"content":{"rendered":"\n<p><strong>COMUNICAT OFICIAL DE LA FUNDACI\u00d3 ESPORTIVA GRAMA<\/strong><\/p>\n\n\n\n<p>El primer equip de Tercera Divisi\u00f3 de la nostra entitat, tenia previst jugar un partit contra el Juvenil de Divisi\u00f3 d&#8217;Honor del Futbol Club Barcelona en les seves Instal\u00b7lacions Esportives Joan Gamper a les 18:30 hores. Sobre les 17 hores ja estaven els jugadors i el cos t\u00e8cnic en les esmentades instal\u00b7lacions i nom\u00e9s van ser rebuts per personal de seguretat.<\/p>\n\n\n\n<p>Aquest personal els va indicar el vestuari que se&#8217;ls havia assignat, amb menys de 15 metres quadrats, sense aigua, sense ventilaci\u00f3 alguna i en unes condicions impr\u00f2pies no ja d&#8217;un equip com el Futbol Club Barcelona, \u200b\u200bsin\u00f3 per a qualsevol equip humil d&#8217;inferior categoria.<\/p>\n\n\n\n<p>L&#8217;expedici\u00f3 de la Grama va intentar per tots els mitjans que els assignaran un parell de vestuaris en compliment de la normativa COVID, al que es van negar amb la justificaci\u00f3 que estaven ocupats per la Juventus i que no hi havia m\u00e9s vestidors com reclamava la nostra expedici\u00f3.<\/p>\n\n\n\n<p>A tot aix\u00f2, havien passat m\u00e9s de 40 minuts i no s&#8217;havia personat ning\u00fa del Futbol Club Barcelona per tractar de solucionar el tema d&#8217;alguna manera, amb el que el propi entrenador i el seu cos t\u00e8cnic van decidir que en aquestes condicions no podien jugar el partit, comunicant-se per tel\u00e8fon amb un membre de la Junta Directiva de la Grama, que al con\u00e8ixer els detalls que estaven vivint a les instal\u00b7lacions del Bar\u00e7a, els va autoritzar a marxar del camp.<\/p>\n\n\n\n<p>Hem quedat molt sorpresos del tracte rebut en aquesta ocasi\u00f3, quan les relacions entre ambdues entitats sempre han estat molt bones, com va passar fa uns dies quan vam jugar contra el Barcelona B, i aix\u00ed volem que segueixin sent, ja que si per alguna cosa ens caracteritzem a la Grama, \u00e9s per tenir cura dels petits detalls amb els altres clubs.<\/p>\n\n\n\n<p class=\"has-text-align-right\"><strong><em>Santa Coloma, a 5 d&#8217;agost de 2021<\/em><\/strong><\/p>\n\n\n\n<div class=\"wp-block-image\"><figure class=\"aligncenter size-large\"><img loading=\"lazy\" decoding=\"async\" width=\"1024\" height=\"373\" src=\"http:\/\/fegrama.cat\/web\/wp-content\/uploads\/2017\/05\/COFICIAL-1024x373.jpg\" alt=\"\" class=\"wp-image-20975\" srcset=\"http:\/\/fegrama.cat\/web\/wp-content\/uploads\/2017\/05\/COFICIAL-1024x373.jpg 1024w, http:\/\/fegrama.cat\/web\/wp-content\/uploads\/2017\/05\/COFICIAL-300x109.jpg 300w, http:\/\/fegrama.cat\/web\/wp-content\/uploads\/2017\/05\/COFICIAL.jpg 1586w\" sizes=\"auto, (max-width: 1024px) 100vw, 1024px\" \/><\/figure><\/div>\n\n\n\n<p><strong>COMUNICADO OFICIAL DE LA FUNDACI\u00d3 ESPORTIVA GRAMA<\/strong><\/p>\n\n\n\n<p>El primer equipo de Tercera Divisi\u00f3n de nuestra entidad, ten\u00eda previsto jugar un partido contra el Juvenil de Divisi\u00f3n de Honor del F\u00fatbol Club Barcelona en sus Instalaciones Deportivas Joan Gamper a las 18:30 horas. Sobre las 17 horas ya estaban los jugadores y el cuerpo t\u00e9cnico en las citadas instalaciones y s\u00f3lo fueron recibidos por personal de seguridad.<\/p>\n\n\n\n<p>Este personal les indic\u00f3 el vestuario que se les hab\u00eda asignado, con menos de 15 metros cuadrados, sin agua, sin ventilaci\u00f3n alguna y en unas condiciones impropias no ya de un equipo como el F\u00fatbol Club Barcelona, sino para cualquier equipo humilde de inferior categor\u00eda.<\/p>\n\n\n\n<p>La expedici\u00f3n de la Grama intent\u00f3 por todos los medios que les asignar\u00e1n un par de vestuarios en cumplimiento de la normativa COVID, a lo que se negaron con la justificaci\u00f3n de que estaban ocupados por la Juventus y que no hab\u00eda m\u00e1s vestuarios como reclamaba nuestra expedici\u00f3n.<\/p>\n\n\n\n<p>A todo esto, hab\u00edan pasado m\u00e1s 40 minutos y no se hab\u00eda personado nadie del F\u00fatbol Club Barcelona para tratar de solucionar el tema del alguna forma, con lo que el propio entrenador y su cuerpo t\u00e9cnico decidieron que en esas condiciones no pod\u00edan jugar el partido, comunic\u00e1ndose por tel\u00e9fono con un miembro de la Junta Directiva de la Grama, que al conocer los detalles que estaban viviendo en las instalaciones del Bar\u00e7a, les autoriz\u00f3 a marchar del campo.<\/p>\n\n\n\n<p>Hemos quedado muy sorprendidos del trato recibido en esta ocasi\u00f3n, cuando las relaciones entre ambas entidades siempre han sido muy buenas, como sucedi\u00f3 hace unos d\u00edas cuando jugamos contra el Barcelona B, y as\u00ed queremos que sigan siendo, pues si por algo nos caracterizamos la Grama, es por cuidar mucho los peque\u00f1os detalles con los dem\u00e1s clubes.<\/p>\n\n\n\n<p class=\"has-text-align-right\"><strong><em>Santa Coloma, a 5 de agosto de 2021<\/em><\/strong><\/p>\n","protected":false},"excerpt":{"rendered":"<p>COMUNICAT OFICIAL DE LA FUNDACI\u00d3 ESPORTIVA GRAMA El primer equip de Tercera Divisi\u00f3 de la nostra entitat, tenia previst jugar un partit contra el Juvenil de Divisi\u00f3 d&#8217;Honor del Futbol Club Barcelona en les seves Instal\u00b7lacions Esportives Joan Gamper a les 18:30 hores. Sobre les 17 hores ja estaven els jugadors i el cos t\u00e8cnic [&hellip;]<\/p>\n","protected":false},"author":1,"featured_media":20975,"comment_status":"closed","ping_status":"closed","sticky":false,"template":"","format":"standard","meta":{"footnotes":""},"categories":[1],"tags":[],"class_list":["post-29250","post","type-post","status-publish","format-standard","has-post-thumbnail","hentry","category-uncategorized"],"_links":{"self":[{"href":"http:\/\/fegrama.cat\/web\/wp-json\/wp\/v2\/posts\/29250","targetHints":{"allow":["GET"]}}],"collection":[{"href":"http:\/\/fegrama.cat\/web\/wp-json\/wp\/v2\/posts"}],"about":[{"href":"http:\/\/fegrama.cat\/web\/wp-json\/wp\/v2\/types\/post"}],"author":[{"embeddable":true,"href":"http:\/\/fegrama.cat\/web\/wp-json\/wp\/v2\/users\/1"}],"replies":[{"embeddable":true,"href":"http:\/\/fegrama.cat\/web\/wp-json\/wp\/v2\/comments?post=29250"}],"version-history":[{"count":2,"href":"http:\/\/fegrama.cat\/web\/wp-json\/wp\/v2\/posts\/29250\/revisions"}],"predecessor-version":[{"id":29252,"href":"http:\/\/fegrama.cat\/web\/wp-json\/wp\/v2\/posts\/29250\/revisions\/29252"}],"wp:featuredmedia":[{"embeddable":true,"href":"http:\/\/fegrama.cat\/web\/wp-json\/wp\/v2\/media\/20975"}],"wp:attachment":[{"href":"http:\/\/fegrama.cat\/web\/wp-json\/wp\/v2\/media?parent=29250"}],"wp:term":[{"taxonomy":"category","embeddable":true,"href":"http:\/\/fegrama.cat\/web\/wp-json\/wp\/v2\/categories?post=29250"},{"taxonomy":"post_tag","embeddable":true,"href":"http:\/\/fegrama.cat\/web\/wp-json\/wp\/v2\/tags?post=29250"}],"curies":[{"name":"wp","href":"https:\/\/api.w.org\/{rel}","templated":true}]}}