{"id":29235,"date":"2021-08-02T14:16:15","date_gmt":"2021-08-02T13:16:15","guid":{"rendered":"http:\/\/fegrama.cat\/web\/?p=29235"},"modified":"2021-08-02T18:47:34","modified_gmt":"2021-08-02T17:47:34","slug":"29235-2","status":"publish","type":"post","link":"http:\/\/fegrama.cat\/web\/29235-2\/","title":{"rendered":"Calendari Tercera RFEF i Lliga Nacional Juvenil 2021\/22"},"content":{"rendered":"\n<p>El primer equip de la FE Grama ja coneix el calendari complet de la que ser\u00e0 la seva tercera temporada a 3\u00aa Divisi\u00f3, ara anomenada <strong>Tercera RFEF<\/strong>.<\/p>\n\n\n\n<p>Els de Juanma Pons comen\u00e7aran en el camp de la EE Guineueta (05\/09). El primer partit a casa ser\u00e0 la setmana seg\u00fcent davant l&#8217;EC Granollers (12\/09). La temporada es tancar\u00e0 en el camp del FC Asc\u00f3 (01\/05\/2022). La Grama tindr\u00e0 jornada de descans en les jornades 16 i 33.<\/p>\n\n\n\n<p><strong><a href=\"https:\/\/files.fcf.cat\/documentos\/noticies\/2021-08-02_13:20:44_3aDiv.pdf\" data-type=\"URL\" data-id=\"https:\/\/files.fcf.cat\/documentos\/noticies\/2021-08-02_13:20:44_3aDiv.pdf\">Aqu\u00ed podeu consultar el calendari complet de la Tercera RFEF.<\/a><\/strong><\/p>\n\n\n\n<p>El\u00a0<strong>campi\u00f3 obtindr\u00e0 l\u2019ascens directe a la Segona RFEF<\/strong>, mentre que els\u00a0quatre seg\u00fcents classificats\u00a0disputaran un\u00a0<strong>\u2018playoff\u2019<\/strong>\u00a0entre ells, a partit \u00fanic i a l\u2019estadi de l\u2019equip millor classificat. El guanyador jugaria una<strong>\u00a0tercera eliminat\u00f2ria<\/strong> a partit \u00fanic contra un equip de la resta de grups de l\u2019estat espanyol, en un\u00a0estadi neutral. El vencedor obtindria l\u2019<strong>ascens a la Segona RFEF<\/strong>.<\/p>\n\n\n\n<hr class=\"wp-block-separator\"\/>\n\n\n\n<p>El Juvenil A de la FE Grama ja coneix el calendari complet de la que ser\u00e0 la seva tercera temporada consecutiva a la <strong>Lliga Nacional Juvenil<\/strong>.<\/p>\n\n\n\n<p>Els de Manu Pel\u00e1ez comen\u00e7aran a casa contra l&#8217;EF Matar\u00f3 CE (05\/09). El primer partit com a visitant ser\u00e0 la setmana seg\u00fcent davant la Fundaci\u00f3 Reus (12\/09). La temporada es tancar\u00e0 en el camp de la UE Cornell\u00e0 B (29\/05\/2022). La Grama tindr\u00e0 jornada de descans en les jornades 8 i 25.<\/p>\n\n\n\n<p><strong><a href=\"https:\/\/files.fcf.cat\/documentos\/noticies\/2021-08-02_13:54:00_Calendaridelgrup7delaLligaNacionalJuvenil.pdf\">Aqu\u00ed podeu consultar el calendari complet de la Lliga Nacional.<\/a><\/strong><\/p>\n\n\n\n<div class=\"wp-block-image\"><figure class=\"aligncenter size-large\"><img loading=\"lazy\" decoding=\"async\" width=\"225\" height=\"225\" src=\"http:\/\/fegrama.cat\/web\/wp-content\/uploads\/2021\/08\/logorfef.png\" alt=\"\" class=\"wp-image-29244\" srcset=\"http:\/\/fegrama.cat\/web\/wp-content\/uploads\/2021\/08\/logorfef.png 225w, http:\/\/fegrama.cat\/web\/wp-content\/uploads\/2021\/08\/logorfef-150x150.png 150w\" sizes=\"auto, (max-width: 225px) 100vw, 225px\" \/><\/figure><\/div>\n\n\n\n<p>El primer equipo de la FE Grama ya conoce el calendario completo de la que ser\u00e1 su tercera temporada en 3\u00aa Divisi\u00f3n, ahora llamada <strong>Tercera RFEF<\/strong>.<\/p>\n\n\n\n<p>Los de Juanma Pons comenzar\u00e1n en el campo de la EE Guineueta (05\/09). El primer partido en casa ser\u00e1 la semana siguiente ante el EC Granollers (12\/09). La temporada se cerrar\u00e1 en el campo del FC Asc\u00f3 (01\/05\/2022). La Grama tendr\u00e1 jornada de descanso en las jornadas 16 y 33.<\/p>\n\n\n\n<p><strong><a href=\"https:\/\/files.fcf.cat\/documentos\/noticies\/2021-08-02_13:20:44_3aDiv.pdf\">Aqu\u00ed pod\u00e9is consultar el calendario completo de la Tercera RFEF.<\/a><\/strong><\/p>\n\n\n\n<p>El <strong>campe\u00f3n obtendr\u00e1 el ascenso directo a la Segunda RFEF<\/strong>, mientras que los cuatro siguientes clasificados disputar\u00e1n un &#8216;<strong>playoff<\/strong>&#8216; entre ellos, a partido \u00fanico y en el estadio del equipo mejor clasificado. El ganador jugar\u00eda una tercera eliminatoria a partido \u00fanico contra un equipo del resto de grupos de Espa\u00f1a, en un estadio neutral. El vencedor obtendr\u00eda el <strong>ascenso a la Segunda RFEF<\/strong>.<\/p>\n\n\n\n<hr class=\"wp-block-separator\"\/>\n\n\n\n<p>El Juvenil A de la FE Grama ya conoce el calendario completo de la que ser\u00e1 su tercera temporada consecutiva en la<strong> Liga Nacional Juvenil<\/strong>.<\/p>\n\n\n\n<p>Los de Manu Pel\u00e1ez comenzar\u00e1n en casa contra el EF Matar\u00f3 CE (05\/09). El primer partido como visitante ser\u00e1 la semana siguiente ante la Fundaci\u00f3n Reus (12\/09). La temporada se cerrar\u00e1 en el campo de la UE Cornell\u00e0 B (05\/29\/2022). La Grama tendr\u00e1 jornada de descanso en las jornadas 8 y 25.<\/p>\n\n\n\n<p><a style=\"\" href=\"https:\/\/files.fcf.cat\/documentos\/noticies\/2021-08-02_13:54:00_Calendaridelgrup7delaLligaNacionalJuvenil.pdf\"><b>Aqu\u00ed <\/b><\/a><strong><a href=\"https:\/\/files.fcf.cat\/documentos\/noticies\/2021-08-02_13:54:00_Calendaridelgrup7delaLligaNacionalJuvenil.pdf\">pod\u00e9is consultar el calendario completo de la Liga Nacional.<\/a><\/strong><\/p>\n","protected":false},"excerpt":{"rendered":"<p>El primer equip de la FE Grama ja coneix el calendari complet de la que ser\u00e0 la seva tercera temporada a 3\u00aa Divisi\u00f3, ara anomenada Tercera RFEF. Els de Juanma Pons comen\u00e7aran en el camp de la EE Guineueta (05\/09). El primer partit a casa ser\u00e0 la setmana seg\u00fcent davant l&#8217;EC Granollers (12\/09). La temporada [&hellip;]<\/p>\n","protected":false},"author":1,"featured_media":29244,"comment_status":"closed","ping_status":"closed","sticky":false,"template":"","format":"standard","meta":{"footnotes":""},"categories":[4,6,5],"tags":[],"class_list":["post-29235","post","type-post","status-publish","format-standard","has-post-thumbnail","hentry","category-base-inclusiu","category-juvenils","category-primer-equip"],"_links":{"self":[{"href":"http:\/\/fegrama.cat\/web\/wp-json\/wp\/v2\/posts\/29235","targetHints":{"allow":["GET"]}}],"collection":[{"href":"http:\/\/fegrama.cat\/web\/wp-json\/wp\/v2\/posts"}],"about":[{"href":"http:\/\/fegrama.cat\/web\/wp-json\/wp\/v2\/types\/post"}],"author":[{"embeddable":true,"href":"http:\/\/fegrama.cat\/web\/wp-json\/wp\/v2\/users\/1"}],"replies":[{"embeddable":true,"href":"http:\/\/fegrama.cat\/web\/wp-json\/wp\/v2\/comments?post=29235"}],"version-history":[{"count":4,"href":"http:\/\/fegrama.cat\/web\/wp-json\/wp\/v2\/posts\/29235\/revisions"}],"predecessor-version":[{"id":29245,"href":"http:\/\/fegrama.cat\/web\/wp-json\/wp\/v2\/posts\/29235\/revisions\/29245"}],"wp:featuredmedia":[{"embeddable":true,"href":"http:\/\/fegrama.cat\/web\/wp-json\/wp\/v2\/media\/29244"}],"wp:attachment":[{"href":"http:\/\/fegrama.cat\/web\/wp-json\/wp\/v2\/media?parent=29235"}],"wp:term":[{"taxonomy":"category","embeddable":true,"href":"http:\/\/fegrama.cat\/web\/wp-json\/wp\/v2\/categories?post=29235"},{"taxonomy":"post_tag","embeddable":true,"href":"http:\/\/fegrama.cat\/web\/wp-json\/wp\/v2\/tags?post=29235"}],"curies":[{"name":"wp","href":"https:\/\/api.w.org\/{rel}","templated":true}]}}