{"id":2923,"date":"2014-03-24T07:47:29","date_gmt":"2014-03-24T06:47:29","guid":{"rendered":"http:\/\/fegrama.cat\/web\/?p=2923"},"modified":"2014-03-23T20:22:39","modified_gmt":"2014-03-23T19:22:39","slug":"el-benjami-d-de-la-fegrama-guanya-a-santa-coloma-davant-la-penya-barcelonista-barcino-per-6-0","status":"publish","type":"post","link":"http:\/\/fegrama.cat\/web\/el-benjami-d-de-la-fegrama-guanya-a-santa-coloma-davant-la-penya-barcelonista-barcino-per-6-0\/","title":{"rendered":"El Benjam\u00ed D de la FEGrama guanya a Santa Coloma davant la Penya Barcelonista Barcino per 6-0"},"content":{"rendered":"<p style=\"text-align: justify;\"><span style=\"color: #000000;\">El Benjam\u00ed D de la FEGrama guanya el seu segon partit consecutiu ara contra la Penya Barcelonista Barcino per 6 a 0.<\/span><\/p>\n<p style=\"text-align: justify;\"><span style=\"color: #000000;\">Els gols van estar de cara amb el primer a pr\u00f2pia porta al quart d&#8217;hora de partit. Despr\u00e8s un doblet consecutiu de Mohamed Lazaar va deixar un ampli 3-0.<\/span><\/p>\n<p style=\"text-align: justify;\"><span style=\"color: #000000;\">El 4-0 va ser realitzat per Jordi Padilla. El 5-0 per V\u00edctor D\u00edaz i el definitiu marcador de 6 a 0 va ser dels peus de Jonathan Carrillo.<\/span><\/p>\n<figure id=\"attachment_2925\" aria-describedby=\"caption-attachment-2925\" style=\"width: 564px\" class=\"wp-caption aligncenter\"><a href=\"http:\/\/fegrama.cat\/web\/wp-content\/uploads\/2014\/03\/RESPECTEjornada21benjaD-barcinomarzo23.jpg\"><img loading=\"lazy\" decoding=\"async\" class=\" wp-image-2925\" title=\"la imatge en favor del JOC NET en tot el futbol base que la Federaci\u00f3 Catalana est\u00e0 portant a terme. \" alt=\"la imatge en favor del JOC NET en tot el futbol base que la Federaci\u00f3 Catalana est\u00e0 portant a terme. \" src=\"http:\/\/fegrama.cat\/web\/wp-content\/uploads\/2014\/03\/RESPECTEjornada21benjaD-barcinomarzo23.jpg\" width=\"564\" height=\"270\" \/><\/a><figcaption id=\"caption-attachment-2925\" class=\"wp-caption-text\">la imatge en favor del JOC NET en tot el futbol base que la Federaci\u00f3 Catalana est\u00e0 portant a terme.<\/figcaption><\/figure>\n<p style=\"text-align: justify;\"><span style=\"color: #000000;\">El propi entrenador del nostre Benjam\u00ed D FEGrama, <strong>V\u00edctor D\u00edaz<\/strong>, fa la seva valoraci\u00f3 del partit: \u00abBuen partido el disputado hoy en el cual se vio un muy buen juego por parte de ambos equipos. Los ni\u00f1os lo hicieron muy bien tocando la pelota y pudieron apreciar varias jugadas muy bien trenzadas. Estoy muy contento con la victoria pero sobre todo cuando aprecio este nivel pues es la l\u00ednea a seguir. Les felicitamos\u00bb.<\/span><\/p>\n<p style=\"text-align: justify;\"><span style=\"color: #000000;\">A la jornada passada l&#8217;altra vict\u00f2ria va ser despr\u00e8s de guanyar a casa del Tecnofutbol per un ajustat 1-2, el conjunt de la Fundaci\u00f3 Grama es mant\u00e9 a la novena posici\u00f3 amb 32 punts a la taula del grup 8.<\/span><\/p>\n<p style=\"text-align: justify;\"><span style=\"color: #000000;\">El conjunt de V\u00edctor D\u00edaz i del seu segon entrenador, Ra\u00fal Ruiz, aniran al Municipal del Guinard\u00f3 per jugar contra el Martinenc, des\u00e8 amb 24 punts, a la jornada 22 el pr\u00f2xim diumenge 30 de mar\u00e7 des de les 10:15 hores.<\/span><\/p>\n<p style=\"text-align: center;\"><a href=\"http:\/\/fegrama.cat\/web\/wp-content\/uploads\/2014\/03\/jornada21benjaD-barcinomarzo23-2.jpg\"><img loading=\"lazy\" decoding=\"async\" class=\"aligncenter  wp-image-2926\" alt=\"jornada21benjaD-barcinomarzo23 (2)\" src=\"http:\/\/fegrama.cat\/web\/wp-content\/uploads\/2014\/03\/jornada21benjaD-barcinomarzo23-2.jpg\" width=\"571\" height=\"428\" \/><\/a><\/p>\n<p style=\"text-align: justify;\"><span style=\"color: #000000;\">[divider]<\/span><\/p>\n<p style=\"text-align: justify;\"><span style=\"color: #000000;\">[button color=\u00bbblue\u00bb size=\u00bbsmall\u00bb link=\u00bbhttp:\/\/www.fcf.cat\/pnfg\/NFG_CmpJornada?cod_primaria=1000120&amp;CodCompeticion=18473318&amp;CodGrupo=18680853&amp;CodTemporada=9&amp;CodJornada=10&#8243; target=\u00bbblank\u00bb ]Resultats[\/button]<\/span><\/p>\n<p style=\"text-align: justify;\"><span style=\"color: #000000;\">[button color=\u00bbblue\u00bb size=\u00bbsmall\u00bb link=\u00bbhttp:\/\/www.fcf.cat\/pnfg\/NPcd\/NFG_VisClasificacion?cod_primaria=1000120&amp;codgrupo=18680853&amp;codcompeticion=18473318&#8243; target=\u00bbblank\u00bb ]Classificaci\u00f3[\/button]<\/span><\/p>\n<p style=\"text-align: justify;\"><span style=\"color: #000000;\">El Benjam\u00ed D de la FEGrama Guanya el SEU Segon partit consecutiu ara contra la Penya Barcelonista Barcino per 6 a 0.<\/span><\/p>\n<p style=\"text-align: justify;\"><span style=\"color: #000000;\">Els gols van estar de cara AMB el primer a pr\u00f2pia porta al quart d&#8217;hora de partit. Despres 01:00 doblet consecutiu de Mohamed Lazaar va Deixar 01:00 ampli 3-0.<\/span><\/p>\n<p style=\"text-align: justify;\"><span style=\"color: #000000;\">El 4-0 va ser realitzat per Jordi Padilla. El 5-0 per V\u00edctor D\u00edaz i el definitiu marcador de 6 a 0 va ser dels peus de Jonathan Carrillo.<\/span><\/p>\n<p style=\"text-align: justify;\"><span style=\"color: #000000;\">A la jornada passada L&#8217;altra Vict\u00f2ria va ser Despr\u00e8s de guanyar a casa del Tecnofutbol per un ajustat 1-2, el conjunto de la Fundaci\u00f3 Grama \u00e9s mantenir a la novena Posici\u00f3 AMB 32 punts a la taula del grup 8.<\/span><\/p>\n<p style=\"text-align: justify;\"><span style=\"color: #000000;\">El conjunto de V\u00edctor D\u00edaz i del SEU Segon entrenador, Ra\u00fal Ruiz, aniran al Municipal del Guinard\u00f3 per jugar contra el Martinenc, doneu AMB 24 punts, a la jornada 22 el Pr\u00f2xim diumenge 30 de mar\u00e7 des de les 10:15 hores.<\/span><\/p>\n<p style=\"text-align: justify;\"><span style=\"color: #000000;\"><strong>Visca l&#8217;Esperit Grama!!!!<\/strong><\/span><\/p>\n","protected":false},"excerpt":{"rendered":"<p>El Benjam\u00ed D de la FEGrama guanya el seu segon partit consecutiu ara contra la Penya Barcelonista Barcino per 6 a 0. Els gols van estar de cara amb el primer a pr\u00f2pia porta al quart d&#8217;hora de partit. Despr\u00e8s un doblet consecutiu de Mohamed Lazaar va deixar un ampli 3-0. El 4-0 va ser [&hellip;]<\/p>\n","protected":false},"author":1,"featured_media":0,"comment_status":"closed","ping_status":"closed","sticky":false,"template":"","format":"standard","meta":{"footnotes":""},"categories":[4,11],"tags":[],"class_list":["post-2923","post","type-post","status-publish","format-standard","hentry","category-base-inclusiu","category-benjamins"],"_links":{"self":[{"href":"http:\/\/fegrama.cat\/web\/wp-json\/wp\/v2\/posts\/2923","targetHints":{"allow":["GET"]}}],"collection":[{"href":"http:\/\/fegrama.cat\/web\/wp-json\/wp\/v2\/posts"}],"about":[{"href":"http:\/\/fegrama.cat\/web\/wp-json\/wp\/v2\/types\/post"}],"author":[{"embeddable":true,"href":"http:\/\/fegrama.cat\/web\/wp-json\/wp\/v2\/users\/1"}],"replies":[{"embeddable":true,"href":"http:\/\/fegrama.cat\/web\/wp-json\/wp\/v2\/comments?post=2923"}],"version-history":[{"count":3,"href":"http:\/\/fegrama.cat\/web\/wp-json\/wp\/v2\/posts\/2923\/revisions"}],"predecessor-version":[{"id":2932,"href":"http:\/\/fegrama.cat\/web\/wp-json\/wp\/v2\/posts\/2923\/revisions\/2932"}],"wp:attachment":[{"href":"http:\/\/fegrama.cat\/web\/wp-json\/wp\/v2\/media?parent=2923"}],"wp:term":[{"taxonomy":"category","embeddable":true,"href":"http:\/\/fegrama.cat\/web\/wp-json\/wp\/v2\/categories?post=2923"},{"taxonomy":"post_tag","embeddable":true,"href":"http:\/\/fegrama.cat\/web\/wp-json\/wp\/v2\/tags?post=2923"}],"curies":[{"name":"wp","href":"https:\/\/api.w.org\/{rel}","templated":true}]}}