{"id":29210,"date":"2021-07-29T22:36:33","date_gmt":"2021-07-29T21:36:33","guid":{"rendered":"http:\/\/fegrama.cat\/web\/?p=29210"},"modified":"2021-08-17T13:20:07","modified_gmt":"2021-08-17T12:20:07","slug":"la-fe-grama-fa-un-gran-esforc-davant-del-barca-b","status":"publish","type":"post","link":"http:\/\/fegrama.cat\/web\/la-fe-grama-fa-un-gran-esforc-davant-del-barca-b\/","title":{"rendered":"La FE Grama fa un gran esfor\u00e7 davant del Bar\u00e7a B"},"content":{"rendered":"\n<p>Prova de foc. El primer amist\u00f3s de la pretemporada per a la FE Grama va ser davant el FC Barcelona B a l&#8217;Estadi Johan Cruyff. La Grama va fer una molt bona primera meitat i va notar la difer\u00e8ncia de categoria i que el rival estava m\u00e9s rodat en la segona. El marcador final va ser de 6-0 davant de 781 espectadors.<\/p>\n\n\n\n<p>La Fundaci\u00f3 Esportiva Grama va saltar al terreny de joc amb Guiseris a la porteria, laterals per Cabezola i Rub\u00ed, centrals V\u00edctor D\u00edaz i Alan, al centre del camp Antonicelli, Oriol Molins i Escarrabill, a la banda Peris i \u00c0ngel, i com a davanter Montalb\u00e1n.<\/p>\n\n\n\n<p>Gran primera meitat dels homes de Juanma Pons, van donar la cara i nom\u00e9s un error defensiu els va fer arribar a la mitja part per darrere en el marcador. La Grama va avisar i va mer\u00e8ixer el gol. V\u00edctor de cap a la sortida d&#8217;un c\u00f3rner enviaria la pilota per sobre del travesser.<\/p>\n\n\n\n<p>Despr\u00e9s de l&#8217;av\u00eds arribarien les dues m\u00e9s clares. Despr\u00e9s d&#8217;una incorporaci\u00f3 per banda Rub\u00ed va disparar a pal curt i el porter va evitar el gol. En el c\u00f3rner V\u00edctor D\u00edaz estavellaria la pilota contra el travesser. Desgraciadament la pilota no va acabar dins i en la seg\u00fcent jugada el Bar\u00e7a B va aprofitar una fallada defensiva en banda per fer l&#8217;1-0 (18&#8242;).<\/p>\n\n\n\n<figure class=\"wp-block-image size-large\"><img loading=\"lazy\" decoding=\"async\" width=\"1024\" height=\"683\" src=\"http:\/\/fegrama.cat\/web\/wp-content\/uploads\/2021\/07\/IMG-20210729-WA0044-1024x683.jpg\" alt=\"\" class=\"wp-image-29215\" srcset=\"http:\/\/fegrama.cat\/web\/wp-content\/uploads\/2021\/07\/IMG-20210729-WA0044-1024x683.jpg 1024w, http:\/\/fegrama.cat\/web\/wp-content\/uploads\/2021\/07\/IMG-20210729-WA0044-300x200.jpg 300w, http:\/\/fegrama.cat\/web\/wp-content\/uploads\/2021\/07\/IMG-20210729-WA0044-768x512.jpg 768w, http:\/\/fegrama.cat\/web\/wp-content\/uploads\/2021\/07\/IMG-20210729-WA0044.jpg 1296w\" sizes=\"auto, (max-width: 1024px) 100vw, 1024px\" \/><\/figure>\n\n\n\n<p>Amb el gol el partit va seguir tenint domini de pilota blaugrana per\u00f2 en el joc alternatives, la Grama estava viva i buscava el seu gol. Al minut 24 es va poder veure la millor parada del xoc, un xut potent des de molt lluny d&#8217;Antonicelli que gaireb\u00e9 es cola per l&#8217;escaire, l&#8217;estirada del porter local va evitar l&#8217;empat.<\/p>\n\n\n\n<p>D&#8217;aqu\u00ed al final cap arribada destacada amb el que es va arribar a la mitja part amb 1-0. La segona meitat va iniciar amb canvi de porter, entrant \u00c0lex T\u00fanez, i l&#8217;entrada d&#8217;Adri\u00e0 Recort i Peque. Aviat arribaria el 2-0, al 48&#8242; despr\u00e9s d&#8217;aprofitar un rebuig del jove porter.<\/p>\n\n\n\n<p>Juanma Pons tornaria a moure la banqueta al minut 55 amb l&#8217;entrada de Jonathan Linares, Hichan, Aleix D\u00edaz i Fran Hern\u00e1ndez. Segons 45 minuts en qu\u00e8 la Grama va intentar aguantar a un dominant Bar\u00e7a B molt m\u00e9s rodat, amb un altre ritme, equip totalment professional i de dos categories per sobre.<\/p>\n\n\n\n<p>Quatre gols locals en deu minuts van deixar un marcador molt volumin\u00f3s en el minut 74. La Grama acabaria el partit amb un menys despr\u00e9s sortir lesionat Guillem Escarrabill en el minut 85.<\/p>\n\n\n\n<p class=\"has-text-align-right\"><strong><em>Fotos: Carlos P\u00e9rez.<\/em><\/strong><\/p>\n\n\n\n<figure class=\"wp-block-image size-large\"><img loading=\"lazy\" decoding=\"async\" width=\"1024\" height=\"704\" src=\"http:\/\/fegrama.cat\/web\/wp-content\/uploads\/2021\/07\/IMG-20210729-WA0046-1024x704.jpg\" alt=\"\" class=\"wp-image-29214\" srcset=\"http:\/\/fegrama.cat\/web\/wp-content\/uploads\/2021\/07\/IMG-20210729-WA0046-1024x704.jpg 1024w, http:\/\/fegrama.cat\/web\/wp-content\/uploads\/2021\/07\/IMG-20210729-WA0046-300x206.jpg 300w, http:\/\/fegrama.cat\/web\/wp-content\/uploads\/2021\/07\/IMG-20210729-WA0046-768x528.jpg 768w, http:\/\/fegrama.cat\/web\/wp-content\/uploads\/2021\/07\/IMG-20210729-WA0046-1536x1056.jpg 1536w, http:\/\/fegrama.cat\/web\/wp-content\/uploads\/2021\/07\/IMG-20210729-WA0046.jpg 1600w\" sizes=\"auto, (max-width: 1024px) 100vw, 1024px\" \/><\/figure>\n\n\n\n<p>Prueba de fuego. El primer amistoso de la pretemporada para la FE Grama fue el FC Barcelona B en el Estadi Johan Cruyff. La Grama hizo una muy buena primera mitad y not\u00f3 la diferencia de categor\u00eda y que el rival estaba m\u00e1s rodado en la segunda. El marcador final fue de 6-0. <\/p>\n\n\n\n<p>La Fundaci\u00f3 Esportiva Grama salt\u00f3 al terreno de juego con Guiseris en porter\u00eda, laterales para Cabezola y Rub\u00ed, centrales V\u00edctor D\u00edaz y Alan, en el centro del campo Antonicelli, Oriol Molins y Escarrabill, en banda Peris y \u00c1ngel, y como delantero Montalb\u00e1n.<\/p>\n\n\n\n<p>Gran primera mitad de los hombres de Juanma Pons, dieron la cara y solo un error defensivo les hizo llegar al descanso por detr\u00e1s en el marcador. La Grama avis\u00f3 y mereci\u00f3 el gol. V\u00edctor de cabeza a la salida de un c\u00f3rner enviar\u00eda la pelota por encima del travesa\u00f1o.<\/p>\n\n\n\n<p>Tras el aviso llegar\u00edan las dos m\u00e1s claras. Tras una incorporaci\u00f3n por banda Rub\u00ed dispar\u00f3 al palo corto y el portero evit\u00f3 el gol. En el c\u00f3rner V\u00edctor D\u00edaz estrellar\u00eda la pelota contra el larguero. Desgraciadamente la pelota no acab\u00f3 dentro y en la siguiente jugada el Bar\u00e7a B aprovech\u00f3 un fallo defensivo en banda para hacer el 1-0.<\/p>\n\n\n\n<p>Con el gol el partido sigui\u00f3 teniendo dominio de bal\u00f3n azulgrana pero en el juego alternativas, la Grama estaba viva y buscaba su gol. En el minuto 24 se pudo ver la mejor parada del choque, un disparo potente desde muy lejos de Antonicelli que casi se cuela por la escuadra, la estirada del portero local evit\u00f3 el empate.<\/p>\n\n\n\n<p>De aqu\u00ed al final ninguna llegada destacada con lo que se lleg\u00f3 al descanso con 1-0. La segunda mitad inici\u00f3 con cambio de portero, entrando \u00c1lex T\u00fanez, y la entrada de Adri\u00e0 Recort y Peque. Pronto llegar\u00eda el 2-0, en el 48&#8242; tras aprovechar un rechace del joven portero.<\/p>\n\n\n\n<p>Juanma Pons volver\u00eda a mover el banquillo en el minuto 55 con la entrada de Jonathan Linares, Hichan, Aleix D\u00edaz y Fran Hern\u00e1ndez. Segundos 45 minutos en los que la Grama intent\u00f3 aguantar a un dominante Bar\u00e7a B mucho m\u00e1s rodado, con otro ritmo, equipo totalmente profesional y de dos categor\u00edas por encima. <\/p>\n\n\n\n<p>Cuatro goles locales en diez minutos dejaron un marcador muy abultado en el minuto 74. La Grama terminar\u00eda el partido con uno menos despu\u00e9s salir lesionado Guillem Escarrabill en el minuto 85.<\/p>\n","protected":false},"excerpt":{"rendered":"<p>Prova de foc. El primer amist\u00f3s de la pretemporada per a la FE Grama va ser davant el FC Barcelona B a l&#8217;Estadi Johan Cruyff. La Grama va fer una molt bona primera meitat i va notar la difer\u00e8ncia de categoria i que el rival estava m\u00e9s rodat en la segona. El marcador final va [&hellip;]<\/p>\n","protected":false},"author":1,"featured_media":29216,"comment_status":"closed","ping_status":"closed","sticky":false,"template":"","format":"standard","meta":{"footnotes":""},"categories":[5],"tags":[],"class_list":["post-29210","post","type-post","status-publish","format-standard","has-post-thumbnail","hentry","category-primer-equip"],"_links":{"self":[{"href":"http:\/\/fegrama.cat\/web\/wp-json\/wp\/v2\/posts\/29210","targetHints":{"allow":["GET"]}}],"collection":[{"href":"http:\/\/fegrama.cat\/web\/wp-json\/wp\/v2\/posts"}],"about":[{"href":"http:\/\/fegrama.cat\/web\/wp-json\/wp\/v2\/types\/post"}],"author":[{"embeddable":true,"href":"http:\/\/fegrama.cat\/web\/wp-json\/wp\/v2\/users\/1"}],"replies":[{"embeddable":true,"href":"http:\/\/fegrama.cat\/web\/wp-json\/wp\/v2\/comments?post=29210"}],"version-history":[{"count":5,"href":"http:\/\/fegrama.cat\/web\/wp-json\/wp\/v2\/posts\/29210\/revisions"}],"predecessor-version":[{"id":29218,"href":"http:\/\/fegrama.cat\/web\/wp-json\/wp\/v2\/posts\/29210\/revisions\/29218"}],"wp:featuredmedia":[{"embeddable":true,"href":"http:\/\/fegrama.cat\/web\/wp-json\/wp\/v2\/media\/29216"}],"wp:attachment":[{"href":"http:\/\/fegrama.cat\/web\/wp-json\/wp\/v2\/media?parent=29210"}],"wp:term":[{"taxonomy":"category","embeddable":true,"href":"http:\/\/fegrama.cat\/web\/wp-json\/wp\/v2\/categories?post=29210"},{"taxonomy":"post_tag","embeddable":true,"href":"http:\/\/fegrama.cat\/web\/wp-json\/wp\/v2\/tags?post=29210"}],"curies":[{"name":"wp","href":"https:\/\/api.w.org\/{rel}","templated":true}]}}