{"id":29207,"date":"2021-07-28T14:51:22","date_gmt":"2021-07-28T13:51:22","guid":{"rendered":"http:\/\/fegrama.cat\/web\/?p=29207"},"modified":"2021-07-30T14:10:29","modified_gmt":"2021-07-30T13:10:29","slug":"el-juvenil-a-de-la-grama-disputara-vuit-amistosos-de-preparacio","status":"publish","type":"post","link":"http:\/\/fegrama.cat\/web\/el-juvenil-a-de-la-grama-disputara-vuit-amistosos-de-preparacio\/","title":{"rendered":"El Juvenil A de la Grama disputar\u00e0 vuit amistosos de preparaci\u00f3"},"content":{"rendered":"\n<h2 class=\"wp-block-heading\">L&#8217;equip de Manu Pel\u00e1ez jugar\u00e0 cinc partits com a visitant i tres com a local a la pretemporada<\/h2>\n\n\n\n<p>El Juvenil A de la FE Grama ja t\u00e9 confirmat el seu pla de pretemporada. L&#8217;equip de Manu Pel\u00e1ez jugar\u00e0 un total de vuit partits amistosos durant el mes que durar\u00e0 la seva preparaci\u00f3.<\/p>\n\n\n\n<p>El primer amist\u00f3s es jugar\u00e0 la setmana que ve contra la UE Sants al Nou Municipal de Santa Coloma (Dimecres, 4 d&#8217;agost).<\/p>\n\n\n\n<p><strong>Partits de pretemporada del Juvenil A de la FE Grama:<\/strong><\/p>\n\n\n\n<ul class=\"wp-block-list\" id=\"block-901302c5-679a-402c-808b-076798cd054f\"><li>Dimecres, 4 de agost: Juvenil A FEG &#8211; UE Sants (Nou Municipal de Santa Coloma).<\/li><li>Diumenge, 8 de agost: Juvenil A FEG &#8211; UE Llagostera (Nou Municipal de Santa Coloma).<\/li><li>Dijous, 12 de agost: Juvenil A FEG &#8211; FC Cerdanyola<strong>*<\/strong> (Nou Municipal de Santa Coloma).<\/li><li>Diumenge, 15 de agost: CE Matar\u00f3 &#8211; Juvenil A FEG (Municipal El Centenari)<\/li><li>Divendres, 20 de agost: CE Sabadell FC &#8211; Juvenil A FEG (Estadi Nova Creu Alta)<\/li><li>Diumenge, 22 de agost: Cd&#8217;E Manresa &#8211; Juvenil A FEG (Nou Estadi Mpal. Congost)<\/li><li>Dimecres, 25 de agost: CF Damm<strong>* <\/strong>&#8211; Juvenil A FEG (Municipal Feliu i Codina)<\/li><li>Diumenge, 29 de agost: CF Parets &#8211; Juvenil A FEG (Municipal Josep Seguer)<\/li><\/ul>\n\n\n\n<p class=\"has-text-align-right\"><strong>*Equip de Divisi\u00f3 d&#8217;Honor.<\/strong><\/p>\n\n\n\n<div class=\"wp-block-image\"><figure class=\"aligncenter size-large\"><img loading=\"lazy\" decoding=\"async\" width=\"1024\" height=\"768\" src=\"http:\/\/fegrama.cat\/web\/wp-content\/uploads\/2021\/07\/juvApretemporada21-1024x768.jpeg\" alt=\"\" class=\"wp-image-29186\" srcset=\"http:\/\/fegrama.cat\/web\/wp-content\/uploads\/2021\/07\/juvApretemporada21-1024x768.jpeg 1024w, http:\/\/fegrama.cat\/web\/wp-content\/uploads\/2021\/07\/juvApretemporada21-300x225.jpeg 300w, http:\/\/fegrama.cat\/web\/wp-content\/uploads\/2021\/07\/juvApretemporada21-768x576.jpeg 768w, http:\/\/fegrama.cat\/web\/wp-content\/uploads\/2021\/07\/juvApretemporada21-1536x1152.jpeg 1536w, http:\/\/fegrama.cat\/web\/wp-content\/uploads\/2021\/07\/juvApretemporada21.jpeg 1600w\" sizes=\"auto, (max-width: 1024px) 100vw, 1024px\" \/><\/figure><\/div>\n\n\n\n<h2 class=\"wp-block-heading\">El equipo de Manu Pel\u00e1ez jugar\u00e1 cinco partidos como visitante y tres como local en pretemporada<\/h2>\n\n\n\n<p>El <strong>Juvenil A <\/strong>de la<strong>\u00a0FE Grama<\/strong>\u00a0ya tiene confirmado su plan de pretemporada. El equipo de Manu Pel\u00e1ez jugar\u00e1 un total de ocho partidos amistosos durante el mes que durar\u00e1 su preparaci\u00f3n.<\/p>\n\n\n\n<p>El primer amistoso se jugar\u00e1 la pr\u00f3xima semana contra la UE Sants en el\u00a0<strong>Nou Municipal de Santa Coloma<\/strong>\u00a0(Mi\u00e9rcoles, 4 de agosto). <\/p>\n\n\n\n<p><strong>Partidos de pretemporada del Juvenil A de la FE Grama:<\/strong><\/p>\n\n\n\n<ul class=\"wp-block-list\" id=\"block-d6f7e9df-89c2-4f6d-96ce-bc883e11adfc\"><li>Mi\u00e9rcoles, 4 de agosto: Juvenil A FEG &#8211; UE Sants (Nou Municipal de Santa Coloma).<\/li><li>Domingo, 8 de agosto: Juvenil A FEG &#8211; UE Llagostera (Nou Municipal de Santa Coloma).<\/li><li>Jueves, 12 de agosto: Juvenil A FEG &#8211; FC Cerdanyola<strong>*<\/strong> (Nou Municipal de Santa Coloma).<\/li><li>Domingo, 15 de agosto: CE Matar\u00f3 &#8211; Juvenil A FEG (Municipal El Centenari)<\/li><li>Viernes, 20 de agosto: CE Sabadell FC &#8211; Juvenil A FEG (Estadi Nova Creu Alta)<\/li><li>Domingo, 22 de agosto: Cd&#8217;E Manresa &#8211; Juvenil A FEG (Nou Estadi Mpal. Congost) <\/li><li>Mi\u00e9rcoles, 25 de agosto: CF Damm<strong>*<\/strong> &#8211; Juvenil A FEG (Municipal Feliu i Codina)<\/li><li>Domingo, 29 de agosto: CF Parets &#8211; Juvenil A FEG (Municipal Josep Seguer)<\/li><\/ul>\n\n\n\n<p class=\"has-text-align-right\"><strong>*Equipos de Divisi\u00f3n de Honor.<\/strong><\/p>\n","protected":false},"excerpt":{"rendered":"<p>L&#8217;equip de Manu Pel\u00e1ez jugar\u00e0 cinc partits com a visitant i tres com a local a la pretemporada El Juvenil A de la FE Grama ja t\u00e9 confirmat el seu pla de pretemporada. L&#8217;equip de Manu Pel\u00e1ez jugar\u00e0 un total de vuit partits amistosos durant el mes que durar\u00e0 la seva preparaci\u00f3. El primer amist\u00f3s [&hellip;]<\/p>\n","protected":false},"author":1,"featured_media":29187,"comment_status":"closed","ping_status":"closed","sticky":false,"template":"","format":"standard","meta":{"footnotes":""},"categories":[4,6],"tags":[],"class_list":["post-29207","post","type-post","status-publish","format-standard","has-post-thumbnail","hentry","category-base-inclusiu","category-juvenils"],"_links":{"self":[{"href":"http:\/\/fegrama.cat\/web\/wp-json\/wp\/v2\/posts\/29207","targetHints":{"allow":["GET"]}}],"collection":[{"href":"http:\/\/fegrama.cat\/web\/wp-json\/wp\/v2\/posts"}],"about":[{"href":"http:\/\/fegrama.cat\/web\/wp-json\/wp\/v2\/types\/post"}],"author":[{"embeddable":true,"href":"http:\/\/fegrama.cat\/web\/wp-json\/wp\/v2\/users\/1"}],"replies":[{"embeddable":true,"href":"http:\/\/fegrama.cat\/web\/wp-json\/wp\/v2\/comments?post=29207"}],"version-history":[{"count":2,"href":"http:\/\/fegrama.cat\/web\/wp-json\/wp\/v2\/posts\/29207\/revisions"}],"predecessor-version":[{"id":29209,"href":"http:\/\/fegrama.cat\/web\/wp-json\/wp\/v2\/posts\/29207\/revisions\/29209"}],"wp:featuredmedia":[{"embeddable":true,"href":"http:\/\/fegrama.cat\/web\/wp-json\/wp\/v2\/media\/29187"}],"wp:attachment":[{"href":"http:\/\/fegrama.cat\/web\/wp-json\/wp\/v2\/media?parent=29207"}],"wp:term":[{"taxonomy":"category","embeddable":true,"href":"http:\/\/fegrama.cat\/web\/wp-json\/wp\/v2\/categories?post=29207"},{"taxonomy":"post_tag","embeddable":true,"href":"http:\/\/fegrama.cat\/web\/wp-json\/wp\/v2\/tags?post=29207"}],"curies":[{"name":"wp","href":"https:\/\/api.w.org\/{rel}","templated":true}]}}