{"id":2920,"date":"2014-03-24T07:41:08","date_gmt":"2014-03-24T06:41:08","guid":{"rendered":"http:\/\/fegrama.cat\/web\/?p=2920"},"modified":"2014-03-24T08:48:27","modified_gmt":"2014-03-24T07:48:27","slug":"el-juvenil-a-de-la-fegrama-cau-al-camp-dun-rival-directe-com-lunificacion-llefia-per-2-0","status":"publish","type":"post","link":"http:\/\/fegrama.cat\/web\/el-juvenil-a-de-la-fegrama-cau-al-camp-dun-rival-directe-com-lunificacion-llefia-per-2-0\/","title":{"rendered":"El Juvenil A de la FEGrama rellisca al camp d&#8217;un rival directe com l&#8217;Unificaci\u00f3n Llefi\u00e0 per 2-0"},"content":{"rendered":"<p style=\"text-align: justify;\"><span style=\"color: #000000;\">El Juvenil Preferent de la FEGrama entrenats per Toni Rovira i Ismael Poveda han perdut a la seva visita a casa de l&#8217;Unificaci\u00f3n Llefi\u00e0 per 2-0.<\/span><\/p>\n<p style=\"text-align: justify;\"><span style=\"color: #000000;\">El conjunt de la Fundaci\u00f3 Grama van sortir amb un bon plantejament per\u00f2 un gol abans del quart d&#8217;hora i el segon pocs minuts del descans va deixar molt complicada la situaci\u00f3 que a la segona part no es van poder aprofitar les ocasions per la remuntada.<\/span><\/p>\n<p style=\"text-align: justify;\"><span style=\"color: #000000;\">A la jornada 22, els entrenats per Toni Rovira, que baixa a la desena posici\u00f3 amb 30 punts, rebran al Sants al Nou Municipal de Santa Coloma, vuit\u00e8 amb 33 punts el diumenge 30 de mar\u00e7 des de les 18:40 hores.<\/span><\/p>\n<p style=\"text-align: justify;\"><span style=\"color: #000000;\">[divider]<\/span><\/p>\n<p style=\"text-align: justify;\"><span style=\"color: #000000;\">[button color=\u00bbblue\u00bb size=\u00bbsmall\u00bb link=\u00bbhttp:\/\/www.fcf.cat\/pnfg\/NFG_CmpJornada?cod_primaria=1000120&amp;CodCompeticion=18473287&amp;CodGrupo=18491079&amp;CodTemporada=9&amp;CodJornada=12&#8243; target=\u00bbblank\u00bb ]Resultats[\/button]<\/span><\/p>\n<p style=\"text-align: justify;\"><span style=\"color: #000000;\">[button color=\u00bbblue\u00bb size=\u00bbsmall\u00bb link=\u00bbhttp:\/\/www.fcf.cat\/pnfg\/NPcd\/NFG_VisClasificacion?cod_primaria=1000120&amp;codgrupo=18491079&amp;codcompeticion=18473287&#8243; target=\u00bbblank\u00bb ]Classificaci\u00f3[\/button]<\/span><\/p>\n<p style=\"text-align: justify;\"><span style=\"color: #000000;\">El Juvenil Preferent del FEGrama entrenats per Toni Rovira i Ismael Poveda han perdut a la Seva visita a casa de l&#8217;Unificaci\u00f3 Llefi\u00e0 per 2-0.<\/span><\/p>\n<p style=\"text-align: justify;\"><span style=\"color: #000000;\">El conjunto de la Fundaci\u00f3 Grama van Sortir AMB 1 bon plantejament per\u00f2 un gol Abans del quart d&#8217;hora i el Segon POCS minuts del Descans va Deixar Molt complicada la situaci\u00f2 que a la Segona part no \u00e9s van poder aprofitar els ocasions per la remuntada.<\/span><\/p>\n<p style=\"text-align: justify;\"><span style=\"color: #000000;\">A la jornada 22, a els entrenats per Toni Rovira, que baixa a la desena Posici\u00f3 AMB 30 punts, rebran a Sants al Nou Municipal de Santa Coloma, vuit\u00e8 AMB 33 punts el diumenge 30 de mar\u00e7 des de les 18:40 hores.<\/span><\/p>\n<p style=\"text-align: justify;\"><span style=\"color: #000000;\"><strong>Visca l&#8217;Esperit Grama!!!<\/strong><\/span><\/p>\n","protected":false},"excerpt":{"rendered":"<p>El Juvenil Preferent de la FEGrama entrenats per Toni Rovira i Ismael Poveda han perdut a la seva visita a casa de l&#8217;Unificaci\u00f3n Llefi\u00e0 per 2-0. El conjunt de la Fundaci\u00f3 Grama van sortir amb un bon plantejament per\u00f2 un gol abans del quart d&#8217;hora i el segon pocs minuts del descans va deixar molt [&hellip;]<\/p>\n","protected":false},"author":1,"featured_media":0,"comment_status":"closed","ping_status":"closed","sticky":false,"template":"","format":"standard","meta":{"footnotes":""},"categories":[4,6],"tags":[],"class_list":["post-2920","post","type-post","status-publish","format-standard","hentry","category-base-inclusiu","category-juvenils"],"_links":{"self":[{"href":"http:\/\/fegrama.cat\/web\/wp-json\/wp\/v2\/posts\/2920","targetHints":{"allow":["GET"]}}],"collection":[{"href":"http:\/\/fegrama.cat\/web\/wp-json\/wp\/v2\/posts"}],"about":[{"href":"http:\/\/fegrama.cat\/web\/wp-json\/wp\/v2\/types\/post"}],"author":[{"embeddable":true,"href":"http:\/\/fegrama.cat\/web\/wp-json\/wp\/v2\/users\/1"}],"replies":[{"embeddable":true,"href":"http:\/\/fegrama.cat\/web\/wp-json\/wp\/v2\/comments?post=2920"}],"version-history":[{"count":2,"href":"http:\/\/fegrama.cat\/web\/wp-json\/wp\/v2\/posts\/2920\/revisions"}],"predecessor-version":[{"id":2937,"href":"http:\/\/fegrama.cat\/web\/wp-json\/wp\/v2\/posts\/2920\/revisions\/2937"}],"wp:attachment":[{"href":"http:\/\/fegrama.cat\/web\/wp-json\/wp\/v2\/media?parent=2920"}],"wp:term":[{"taxonomy":"category","embeddable":true,"href":"http:\/\/fegrama.cat\/web\/wp-json\/wp\/v2\/categories?post=2920"},{"taxonomy":"post_tag","embeddable":true,"href":"http:\/\/fegrama.cat\/web\/wp-json\/wp\/v2\/tags?post=2920"}],"curies":[{"name":"wp","href":"https:\/\/api.w.org\/{rel}","templated":true}]}}