{"id":29194,"date":"2021-07-27T18:04:25","date_gmt":"2021-07-27T17:04:25","guid":{"rendered":"http:\/\/fegrama.cat\/web\/?p=29194"},"modified":"2021-07-28T06:43:40","modified_gmt":"2021-07-28T05:43:40","slug":"la-fe-grama-rep-el-premi-dequip-mes-esportiu","status":"publish","type":"post","link":"http:\/\/fegrama.cat\/web\/la-fe-grama-rep-el-premi-dequip-mes-esportiu\/","title":{"rendered":"La FE Grama rep el premi d&#8217;Equip M\u00e9s Esportiu"},"content":{"rendered":"\n<p>Al mat\u00ed d&#8217;avui dimarts 27 de juliol la Fundaci\u00f3 Esportiva Grama va rebre de mans de Ricard Vicente, director del programa &#8216;Marcador Catalunya&#8217;, el guard\u00f3 d&#8217;<strong>Equip M\u00e9s Esportiu<\/strong> de la temporada 2020\/21.<\/p>\n\n\n\n<p>L&#8217;<strong>edici\u00f3 28 dels Premis Campi\u00f3 <\/strong>s&#8217;estan celebrant d&#8217;una manera diferent i individual per temes de seguretat i salut. En els estudis de Radio Marca Barcelona van estar el nostre President, Antonio Morales, al costat del Vicepresident, Manolo Garc\u00eda.<\/p>\n\n\n\n<p>Uns trofeus que reconeixen el treball realitzat per entrenadors, jugadors, porters, \u00e0rbitres i entitats del futbol catal\u00e0. Els trofeus s\u00f3n concedits pel programa \u00abMarcador Catalunya\u00bb de Radio Marca Barcelona.<\/p>\n\n\n\n<blockquote class=\"wp-block-quote is-layout-flow wp-block-quote-is-layout-flow\"><p><strong>Antonio Morales:<\/strong> \u00abQuan de vegades els t\u00edpics t\u00f2pics parlen sense con\u00e8ixer la noblesa de les persones que viuen als pobles i ciutats, per als que estem al capdavant de la Fundaci\u00f3 Esportiva Grama \u00e9s un honor que Radio Marca ens concedeixi aquest premi amb els vots de t\u00e8cnics, jugadors, directius i periodistes com l&#8217;entitat m\u00e9s esportiva de Catalunya, sent un orgull per a la nostra ciutat. Visca l&#8217;esperit de la Grama!\u00bb<\/p><\/blockquote>\n\n\n\n<div class=\"wp-block-image\"><figure class=\"aligncenter size-large is-resized\"><img loading=\"lazy\" decoding=\"async\" src=\"http:\/\/fegrama.cat\/web\/wp-content\/uploads\/2021\/07\/premiscampio1-768x1024.jpeg\" alt=\"\" class=\"wp-image-29196\" width=\"525\" height=\"700\" srcset=\"http:\/\/fegrama.cat\/web\/wp-content\/uploads\/2021\/07\/premiscampio1-768x1024.jpeg 768w, http:\/\/fegrama.cat\/web\/wp-content\/uploads\/2021\/07\/premiscampio1-225x300.jpeg 225w, http:\/\/fegrama.cat\/web\/wp-content\/uploads\/2021\/07\/premiscampio1-1152x1536.jpeg 1152w, http:\/\/fegrama.cat\/web\/wp-content\/uploads\/2021\/07\/premiscampio1.jpeg 1500w\" sizes=\"auto, (max-width: 525px) 100vw, 525px\" \/><figcaption>Manolo Garc\u00eda (Vicepresident) i Antonio Morales (President).<\/figcaption><\/figure><\/div>\n\n\n\n<div class=\"wp-block-image\"><figure class=\"aligncenter size-large is-resized\"><img loading=\"lazy\" decoding=\"async\" src=\"http:\/\/fegrama.cat\/web\/wp-content\/uploads\/2021\/07\/premiscampio0-768x1024.jpeg\" alt=\"\" class=\"wp-image-29197\" width=\"508\" height=\"677\" srcset=\"http:\/\/fegrama.cat\/web\/wp-content\/uploads\/2021\/07\/premiscampio0-768x1024.jpeg 768w, http:\/\/fegrama.cat\/web\/wp-content\/uploads\/2021\/07\/premiscampio0-225x300.jpeg 225w, http:\/\/fegrama.cat\/web\/wp-content\/uploads\/2021\/07\/premiscampio0-1152x1536.jpeg 1152w, http:\/\/fegrama.cat\/web\/wp-content\/uploads\/2021\/07\/premiscampio0.jpeg 1500w\" sizes=\"auto, (max-width: 508px) 100vw, 508px\" \/><\/figure><\/div>\n\n\n\n<p>En la ma\u00f1ana de hoy martes 27 de julio la Fundaci\u00f3 Esportiva Grama recibi\u00f3 de manos de Ricard Vicente, Director del programa &#8216;Marcador Catalunya&#8217;, el galard\u00f3n de <strong>Equipo M\u00e1s Deportivo<\/strong> de la temporada 2020\/21.<\/p>\n\n\n\n<p>La<strong> edici\u00f3n 28 de los Premis Campi\u00f3<\/strong> se est\u00e1n celebrando de una manera diferente e individual por temas de seguridad y salud. En los estudios de Radio Marca Barcelona estuvieron nuestro Presidente, Antonio Morales, junto al Vicepresidente, Manolo Garc\u00eda. <\/p>\n\n\n\n<p>Unos trofeos que reconocen el trabajo realizado por entrenadores, jugadores, porteros, \u00e1rbitros y entidades del f\u00fatbol catal\u00e1n.&nbsp;Los trofeos son concedidos por el programa \u00abMarcador Catalunya\u00bb de Radio Marca Barcelona.<\/p>\n\n\n\n<blockquote class=\"wp-block-quote is-layout-flow wp-block-quote-is-layout-flow\"><p><strong>Antonio Morales:<\/strong> \u00abCuando a veces los t\u00edpicos t\u00f3picos hablan sin conocer la nobleza de las personas que viven en los pueblos y ciudades, para quienes estamos al frente de la Fundaci\u00f3 Esportiva Grama es un honor que Radio Marca nos conceda este premio con los votos de t\u00e9cnicos, jugadores, directivos y periodistas como la entidad m\u00e1s deportiva de Catalunya, siendo un orgullo para nuestra ciudad. \u00a1Viva el esp\u00edritu de la Grama!\u00bb<\/p><\/blockquote>\n","protected":false},"excerpt":{"rendered":"<p>Al mat\u00ed d&#8217;avui dimarts 27 de juliol la Fundaci\u00f3 Esportiva Grama va rebre de mans de Ricard Vicente, director del programa &#8216;Marcador Catalunya&#8217;, el guard\u00f3 d&#8217;Equip M\u00e9s Esportiu de la temporada 2020\/21. L&#8217;edici\u00f3 28 dels Premis Campi\u00f3 s&#8217;estan celebrant d&#8217;una manera diferent i individual per temes de seguretat i salut. En els estudis de Radio [&hellip;]<\/p>\n","protected":false},"author":1,"featured_media":29198,"comment_status":"closed","ping_status":"closed","sticky":false,"template":"","format":"standard","meta":{"footnotes":""},"categories":[14,15],"tags":[],"class_list":["post-29194","post","type-post","status-publish","format-standard","has-post-thumbnail","hentry","category-noticies","category-noticies-destacades"],"_links":{"self":[{"href":"http:\/\/fegrama.cat\/web\/wp-json\/wp\/v2\/posts\/29194","targetHints":{"allow":["GET"]}}],"collection":[{"href":"http:\/\/fegrama.cat\/web\/wp-json\/wp\/v2\/posts"}],"about":[{"href":"http:\/\/fegrama.cat\/web\/wp-json\/wp\/v2\/types\/post"}],"author":[{"embeddable":true,"href":"http:\/\/fegrama.cat\/web\/wp-json\/wp\/v2\/users\/1"}],"replies":[{"embeddable":true,"href":"http:\/\/fegrama.cat\/web\/wp-json\/wp\/v2\/comments?post=29194"}],"version-history":[{"count":4,"href":"http:\/\/fegrama.cat\/web\/wp-json\/wp\/v2\/posts\/29194\/revisions"}],"predecessor-version":[{"id":29201,"href":"http:\/\/fegrama.cat\/web\/wp-json\/wp\/v2\/posts\/29194\/revisions\/29201"}],"wp:featuredmedia":[{"embeddable":true,"href":"http:\/\/fegrama.cat\/web\/wp-json\/wp\/v2\/media\/29198"}],"wp:attachment":[{"href":"http:\/\/fegrama.cat\/web\/wp-json\/wp\/v2\/media?parent=29194"}],"wp:term":[{"taxonomy":"category","embeddable":true,"href":"http:\/\/fegrama.cat\/web\/wp-json\/wp\/v2\/categories?post=29194"},{"taxonomy":"post_tag","embeddable":true,"href":"http:\/\/fegrama.cat\/web\/wp-json\/wp\/v2\/tags?post=29194"}],"curies":[{"name":"wp","href":"https:\/\/api.w.org\/{rel}","templated":true}]}}