{"id":2917,"date":"2014-03-24T07:31:56","date_gmt":"2014-03-24T06:31:56","guid":{"rendered":"http:\/\/fegrama.cat\/web\/?p=2917"},"modified":"2014-03-23T19:41:02","modified_gmt":"2014-03-23T18:41:02","slug":"laleviinfantil-femeni-de-la-fegrama-cau-davant-el-lider-la-penya-blanc-blava-la-roca-per-0-2","status":"publish","type":"post","link":"http:\/\/fegrama.cat\/web\/laleviinfantil-femeni-de-la-fegrama-cau-davant-el-lider-la-penya-blanc-blava-la-roca-per-0-2\/","title":{"rendered":"L&#8217;Alev\u00ed\/Infantil Femen\u00ed de la FEGrama cau davant el l\u00edder, la Penya Blanc Blava La Roca, per 0-2"},"content":{"rendered":"<p style=\"text-align: justify;\"><span style=\"color: #000000;\">L&#8217;Alev\u00ed\/Infantil Femen\u00ed de la FEGrama dirigit per Goretti ha perdut a casa amb la visita del l\u00edder, la Penya Blanc i Blava La Roca, per 0-2.<\/span><\/p>\n<p style=\"text-align: justify;\"><span style=\"color: #000000;\">El conjunt de la Fundaci\u00f3 Grama per\u00f2 continu\u00e0 a la sisena posici\u00f3 amb els grups de dalt de la taula amb la suma d&#8217;aquests 37 punts perqu\u00e8 els dos perseguidors immediats han caigut tamb\u00e9: el Santa Perp\u00e8tua a casa del Seagull per 7-0 i el Martinenc a la seva visita al cinqu\u00e8 classificat, el Vilanova, per un ajustat 5-4.<\/span><\/p>\n<p style=\"text-align: justify;\"><span style=\"color: #000000;\">A la jornada 22 el conjunt femen\u00ed de la Fundaci\u00f3 Grama viatjar\u00e0 al Municipal del Guinard\u00f3 contra el Martinenc, vuit\u00e8 amb 34 punts, el dissabte dia 29 de mar\u00e7 a les 13:30 hores.<\/span><\/p>\n<p style=\"text-align: justify;\"><span style=\"color: #000000;\">[divider]<\/span><\/p>\n<p style=\"text-align: justify;\"><span style=\"color: #000000;\">[button color=\u00bbblue\u00bb size=\u00bbsmall\u00bb link=\u00bbhttp:\/\/www.fcf.cat\/pnfg\/NFG_CmpJornada?cod_primaria=1000120&amp;CodCompeticion=18473338&amp;CodGrupo=18699563&amp;CodTemporada=9&amp;CodJornada=10&#8243; target=\u00bbblank\u00bb ]Resultats[\/button]<\/span><\/p>\n<p style=\"text-align: justify;\"><span style=\"color: #000000;\">[button color=\u00bbblue\u00bb size=\u00bbsmall\u00bb link=\u00bbhttp:\/\/www.fcf.cat\/pnfg\/NPcd\/NFG_VisClasificacion?cod_primaria=1000120&amp;codgrupo=18699563&amp;codcompeticion=18473338&#8243; target=\u00bbblank\u00bb ]Classificaci\u00f3[\/button]<\/span><\/p>\n<p style=\"text-align: justify;\"><span style=\"color: #000000;\">L&#8217;Alev\u00ed \/ Infantil Femen\u00ed de la FEGrama DIRIGIT per Goretti ha perdut a casa Amb la visita del l\u00edder, la Penya Blanc i Blava La Roca, per 0-2.<\/span><\/p>\n<p style=\"text-align: justify;\"><span style=\"color: #000000;\">El conjunto de la Fundaci\u00f3 Grama per\u00f2 continua a la sisena Posici\u00f3 con los grups de Dalt de la taula Amb la suma d&#8217;aquests 37 punts perque a els 2 perseguidors immediats han Caigut tambi\u00e9n: el Santa Perp\u00e8tua a casa del Seagull per 7-0 i el Martinenc a la Seva visita a Cinqu\u00e8 Classificat, el Vilanova, per un ajustat 5-4.<\/span><\/p>\n<p style=\"text-align: justify;\"><span style=\"color: #000000;\">A la jornada 22 el conjunto femen\u00ed de la Fundaci\u00f3 Grama viatjar\u00e0 al Municipal del Guinard\u00f3 contra el Martinenc, vuit\u00e8 AMB 34 punts, el dissabte dia 29 de mar\u00e7 a les 13:30 hores.<\/span><\/p>\n<p style=\"text-align: justify;\"><span style=\"color: #000000;\"><strong>Visca l&#8217;Esperit Grama!!!<\/strong><\/span><\/p>\n","protected":false},"excerpt":{"rendered":"<p>L&#8217;Alev\u00ed\/Infantil Femen\u00ed de la FEGrama dirigit per Goretti ha perdut a casa amb la visita del l\u00edder, la Penya Blanc i Blava La Roca, per 0-2. El conjunt de la Fundaci\u00f3 Grama per\u00f2 continu\u00e0 a la sisena posici\u00f3 amb els grups de dalt de la taula amb la suma d&#8217;aquests 37 punts perqu\u00e8 els dos [&hellip;]<\/p>\n","protected":false},"author":1,"featured_media":0,"comment_status":"closed","ping_status":"closed","sticky":false,"template":"","format":"standard","meta":{"footnotes":""},"categories":[4,13],"tags":[],"class_list":["post-2917","post","type-post","status-publish","format-standard","hentry","category-base-inclusiu","category-femeni"],"_links":{"self":[{"href":"http:\/\/fegrama.cat\/web\/wp-json\/wp\/v2\/posts\/2917","targetHints":{"allow":["GET"]}}],"collection":[{"href":"http:\/\/fegrama.cat\/web\/wp-json\/wp\/v2\/posts"}],"about":[{"href":"http:\/\/fegrama.cat\/web\/wp-json\/wp\/v2\/types\/post"}],"author":[{"embeddable":true,"href":"http:\/\/fegrama.cat\/web\/wp-json\/wp\/v2\/users\/1"}],"replies":[{"embeddable":true,"href":"http:\/\/fegrama.cat\/web\/wp-json\/wp\/v2\/comments?post=2917"}],"version-history":[{"count":1,"href":"http:\/\/fegrama.cat\/web\/wp-json\/wp\/v2\/posts\/2917\/revisions"}],"predecessor-version":[{"id":2919,"href":"http:\/\/fegrama.cat\/web\/wp-json\/wp\/v2\/posts\/2917\/revisions\/2919"}],"wp:attachment":[{"href":"http:\/\/fegrama.cat\/web\/wp-json\/wp\/v2\/media?parent=2917"}],"wp:term":[{"taxonomy":"category","embeddable":true,"href":"http:\/\/fegrama.cat\/web\/wp-json\/wp\/v2\/categories?post=2917"},{"taxonomy":"post_tag","embeddable":true,"href":"http:\/\/fegrama.cat\/web\/wp-json\/wp\/v2\/tags?post=2917"}],"curies":[{"name":"wp","href":"https:\/\/api.w.org\/{rel}","templated":true}]}}