{"id":29141,"date":"2021-07-26T21:36:15","date_gmt":"2021-07-26T20:36:15","guid":{"rendered":"http:\/\/fegrama.cat\/web\/?p=29141"},"modified":"2021-07-26T21:38:53","modified_gmt":"2021-07-26T20:38:53","slug":"el-juvenil-a-va-arrencar-la-pretemporada","status":"publish","type":"post","link":"http:\/\/fegrama.cat\/web\/el-juvenil-a-va-arrencar-la-pretemporada\/","title":{"rendered":"El Juvenil A va arrencar la pretemporada"},"content":{"rendered":"\n<p>En el dia d&#8217;ahir el Juvenil A de la Fundaci\u00f3 Esportiva Grama va donar comen\u00e7ament oficialment a la pretemporada. L&#8217;equip dirigit per Manu Pel\u00e1ez va saltar a la gespa de al Nou Municipal de Santa Coloma a les 20:30 hores.<\/p>\n\n\n\n<p>Sobre la gespa van estar els 6 jugadors que continuen de la temporada passada <strong>(Arles Gordillo, Aleix Hernando, Rub\u00e9n Cifuentes, Oliver Acosta, Josep Ca\u00f1ete i Vicen\u00e7 Valent\u00ed)<\/strong>, 4 jugadors que pugen del Juvenil B <strong>(Sergi Garc\u00eda, Pol Charles, V\u00edctor Moreno i Yago Lahoz)<\/strong>, altres 4 jugadors del B que faran la pretemporada juntament amb <strong>Jordi Ru\u00edz<\/strong> del Cadet A i les incorporacions.<\/p>\n\n\n\n<p>Durant les \u00faltimes dues setmanes els jugadors van estar seguint un planning d&#8217;entrenaments individuals per arribar amb ritme a la pretemporada.<\/p>\n\n\n\n<p>Per davant tenen 6 setmanes per agafar forma de cara a el primer partit de lliga (4 o 5 de setembre).<\/p>\n\n\n\n<div class=\"wp-block-image\"><figure class=\"aligncenter size-large\"><img loading=\"lazy\" decoding=\"async\" width=\"1024\" height=\"768\" src=\"http:\/\/fegrama.cat\/web\/wp-content\/uploads\/2021\/07\/juvApretemporada213-1-1024x768.jpeg\" alt=\"\" class=\"wp-image-29189\" srcset=\"http:\/\/fegrama.cat\/web\/wp-content\/uploads\/2021\/07\/juvApretemporada213-1-1024x768.jpeg 1024w, http:\/\/fegrama.cat\/web\/wp-content\/uploads\/2021\/07\/juvApretemporada213-1-300x225.jpeg 300w, http:\/\/fegrama.cat\/web\/wp-content\/uploads\/2021\/07\/juvApretemporada213-1-768x576.jpeg 768w, http:\/\/fegrama.cat\/web\/wp-content\/uploads\/2021\/07\/juvApretemporada213-1-1536x1152.jpeg 1536w, http:\/\/fegrama.cat\/web\/wp-content\/uploads\/2021\/07\/juvApretemporada213-1.jpeg 1600w\" sizes=\"auto, (max-width: 1024px) 100vw, 1024px\" \/><\/figure><\/div>\n\n\n\n<div class=\"wp-block-image\"><figure class=\"aligncenter size-large\"><img loading=\"lazy\" decoding=\"async\" width=\"1024\" height=\"768\" src=\"http:\/\/fegrama.cat\/web\/wp-content\/uploads\/2021\/07\/juvApretemporada212-1-1024x768.jpeg\" alt=\"\" class=\"wp-image-29190\" srcset=\"http:\/\/fegrama.cat\/web\/wp-content\/uploads\/2021\/07\/juvApretemporada212-1-1024x768.jpeg 1024w, http:\/\/fegrama.cat\/web\/wp-content\/uploads\/2021\/07\/juvApretemporada212-1-300x225.jpeg 300w, http:\/\/fegrama.cat\/web\/wp-content\/uploads\/2021\/07\/juvApretemporada212-1-768x576.jpeg 768w, http:\/\/fegrama.cat\/web\/wp-content\/uploads\/2021\/07\/juvApretemporada212-1-1536x1152.jpeg 1536w, http:\/\/fegrama.cat\/web\/wp-content\/uploads\/2021\/07\/juvApretemporada212-1.jpeg 1600w\" sizes=\"auto, (max-width: 1024px) 100vw, 1024px\" \/><\/figure><\/div>\n\n\n\n<p>En el d\u00eda de ayer el Juvenil A de la Fundaci\u00f3 Esportiva Grama di\u00f3 comienzo oficialmente a la pretemporada. El equipo dirigido por Manu Pel\u00e1ez salt\u00f3 al c\u00e9sped del Nou Municipal de Santa Coloma a las 20:30 horas.<\/p>\n\n\n\n<p>Sobre el c\u00e9sped estuvieron los 6 jugadores que contin\u00faan de la temporada pasada <strong>(Arles Gordillo, Aleix Hernando, Rub\u00e9n Cifuentes, Oliver Acosta, Josep Ca\u00f1ete y Vicen\u00e7 Valent\u00ed)<\/strong>, 4 jugadores que suben del Juvenil B, otros 4 jugadores del B <strong>(Sergi Garc\u00eda, Pol Charles, V\u00edctor Moreno y Yago Lahoz)<\/strong> que har\u00e1n la pretemporada junto a<strong> Jordi Ru\u00edz<\/strong> del Cadete A y las incorporaciones.<\/p>\n\n\n\n<p>Durante las \u00faltimas dos semanas los jugadores estuvieron siguiendo un planning de entrenamientos individuales para llegar con ritmo a la pretemporada. <\/p>\n\n\n\n<p>Por delante tienen 6 semanas para coger forma de cara al primer partido de liga (4 o 5 de septiembre).<\/p>\n","protected":false},"excerpt":{"rendered":"<p>En el dia d&#8217;ahir el Juvenil A de la Fundaci\u00f3 Esportiva Grama va donar comen\u00e7ament oficialment a la pretemporada. L&#8217;equip dirigit per Manu Pel\u00e1ez va saltar a la gespa de al Nou Municipal de Santa Coloma a les 20:30 hores. Sobre la gespa van estar els 6 jugadors que continuen de la temporada passada (Arles [&hellip;]<\/p>\n","protected":false},"author":1,"featured_media":29186,"comment_status":"closed","ping_status":"closed","sticky":false,"template":"","format":"standard","meta":{"footnotes":""},"categories":[4,6],"tags":[],"class_list":["post-29141","post","type-post","status-publish","format-standard","has-post-thumbnail","hentry","category-base-inclusiu","category-juvenils"],"_links":{"self":[{"href":"http:\/\/fegrama.cat\/web\/wp-json\/wp\/v2\/posts\/29141","targetHints":{"allow":["GET"]}}],"collection":[{"href":"http:\/\/fegrama.cat\/web\/wp-json\/wp\/v2\/posts"}],"about":[{"href":"http:\/\/fegrama.cat\/web\/wp-json\/wp\/v2\/types\/post"}],"author":[{"embeddable":true,"href":"http:\/\/fegrama.cat\/web\/wp-json\/wp\/v2\/users\/1"}],"replies":[{"embeddable":true,"href":"http:\/\/fegrama.cat\/web\/wp-json\/wp\/v2\/comments?post=29141"}],"version-history":[{"count":5,"href":"http:\/\/fegrama.cat\/web\/wp-json\/wp\/v2\/posts\/29141\/revisions"}],"predecessor-version":[{"id":29192,"href":"http:\/\/fegrama.cat\/web\/wp-json\/wp\/v2\/posts\/29141\/revisions\/29192"}],"wp:featuredmedia":[{"embeddable":true,"href":"http:\/\/fegrama.cat\/web\/wp-json\/wp\/v2\/media\/29186"}],"wp:attachment":[{"href":"http:\/\/fegrama.cat\/web\/wp-json\/wp\/v2\/media?parent=29141"}],"wp:term":[{"taxonomy":"category","embeddable":true,"href":"http:\/\/fegrama.cat\/web\/wp-json\/wp\/v2\/categories?post=29141"},{"taxonomy":"post_tag","embeddable":true,"href":"http:\/\/fegrama.cat\/web\/wp-json\/wp\/v2\/tags?post=29141"}],"curies":[{"name":"wp","href":"https:\/\/api.w.org\/{rel}","templated":true}]}}