{"id":2914,"date":"2014-03-24T07:25:47","date_gmt":"2014-03-24T06:25:47","guid":{"rendered":"http:\/\/fegrama.cat\/web\/?p=2914"},"modified":"2014-03-24T09:05:51","modified_gmt":"2014-03-24T08:05:51","slug":"el-lider-cadet-b-de-la-fegrama-empata-al-camp-del-pomar","status":"publish","type":"post","link":"http:\/\/fegrama.cat\/web\/el-lider-cadet-b-de-la-fegrama-empata-al-camp-del-pomar\/","title":{"rendered":"El l\u00edder Cadet B de la FEGrama empata al camp del Pomar"},"content":{"rendered":"<p>El Cadet B de la FEGrama no ha pogut passar de l&#8217;empat a zero gols a la seva visita a Pomar, sis\u00e8 classificat.<\/p>\n<p>Aix\u00ed i tot amb aquest resultat on es suma un important punt, el conjunt dirigit per \u00c1lex Abril segueix l\u00edder amb 43 punts i la difer\u00e8ncia del segon perseguidor, l&#8217;Escola Guinard\u00f3, es retalla en un punt i es col.loquen a quatre dels de Santa Coloma.<\/p>\n<p>A la jornada seg\u00fcent, la 22, l&#8217;equip de la Fundaci\u00f3 Grama rebr\u00e0 al Nou Municipal al Poble Sec, vuit\u00e8 classificat amb 26 punts, el pr\u00f2xim diumenge 30 de mar\u00e7 des de les 16:20 hores.<\/p>\n<p style=\"text-align: center;\"><a href=\"http:\/\/fegrama.cat\/web\/wp-content\/uploads\/2014\/03\/cadeteb-POMAR23marzo14sergiomas.jpg\"><img loading=\"lazy\" decoding=\"async\" class=\"aligncenter  wp-image-2941\" alt=\"cadeteb-POMAR23marzo14sergiomas\" src=\"http:\/\/fegrama.cat\/web\/wp-content\/uploads\/2014\/03\/cadeteb-POMAR23marzo14sergiomas.jpg\" width=\"595\" height=\"279\" \/><\/a><\/p>\n<p>[divider]<\/p>\n<p>[button color=\u00bbblue\u00bb size=\u00bbsmall\u00bb link=\u00bbhttp:\/\/www.fcf.cat\/pnfg\/NFG_CmpJornada?cod_primaria=1000120&amp;CodCompeticion=18473296&amp;CodGrupo=18576519&amp;CodTemporada=9&amp;CodJornada=10&#8243; target=\u00bbblank\u00bb ]Resultats[\/button]<\/p>\n<p>[button color=\u00bbblue\u00bb size=\u00bbsmall\u00bb link=\u00bbhttp:\/\/www.fcf.cat\/pnfg\/NPcd\/NFG_VisClasificacion?cod_primaria=1000120&amp;codgrupo=18576519&amp;codcompeticion=18473296&#8243; target=\u00bbblank\u00bb ]Classificaci\u00f3[\/button]<\/p>\n<p>El Cadet B de la FEGrama no ha pogut passar de l&#8217;Empat a zero gols a la Seva visita a Pomar, Sis\u00e8 Classificat.<\/p>\n<p>Aixi i Tot AMB aquest Resultat on \u00e9s suma un Important punt, el conjunto DIRIGIT per \u00c0lex abril Segueix l\u00edder AMB 43 punts i La difer\u00e8ncia del segon perseguidor, l&#8217;Escola Guinard\u00f3, \u00e9s retalla en un punt i \u00e9s col.loquen a quatre dels de Santa Coloma.<\/p>\n<p>A la jornada seg\u00fcent, la 22, l&#8217;equip de la Fundaci\u00f3 Grama REBRA al Nou Municipal al Poble-sec, vuit\u00e8 Classificat AMB 26 punts, el Pr\u00f2xim diumenge 30 de mar\u00e7 des de les 16:20 hores.<\/p>\n<p><strong>Visca l&#8217;Esperit Grama!!!<\/strong><\/p>\n","protected":false},"excerpt":{"rendered":"<p>El Cadet B de la FEGrama no ha pogut passar de l&#8217;empat a zero gols a la seva visita a Pomar, sis\u00e8 classificat. Aix\u00ed i tot amb aquest resultat on es suma un important punt, el conjunt dirigit per \u00c1lex Abril segueix l\u00edder amb 43 punts i la difer\u00e8ncia del segon perseguidor, l&#8217;Escola Guinard\u00f3, es [&hellip;]<\/p>\n","protected":false},"author":1,"featured_media":0,"comment_status":"closed","ping_status":"closed","sticky":false,"template":"","format":"standard","meta":{"footnotes":""},"categories":[4,7],"tags":[],"class_list":["post-2914","post","type-post","status-publish","format-standard","hentry","category-base-inclusiu","category-cadets"],"_links":{"self":[{"href":"http:\/\/fegrama.cat\/web\/wp-json\/wp\/v2\/posts\/2914","targetHints":{"allow":["GET"]}}],"collection":[{"href":"http:\/\/fegrama.cat\/web\/wp-json\/wp\/v2\/posts"}],"about":[{"href":"http:\/\/fegrama.cat\/web\/wp-json\/wp\/v2\/types\/post"}],"author":[{"embeddable":true,"href":"http:\/\/fegrama.cat\/web\/wp-json\/wp\/v2\/users\/1"}],"replies":[{"embeddable":true,"href":"http:\/\/fegrama.cat\/web\/wp-json\/wp\/v2\/comments?post=2914"}],"version-history":[{"count":2,"href":"http:\/\/fegrama.cat\/web\/wp-json\/wp\/v2\/posts\/2914\/revisions"}],"predecessor-version":[{"id":2942,"href":"http:\/\/fegrama.cat\/web\/wp-json\/wp\/v2\/posts\/2914\/revisions\/2942"}],"wp:attachment":[{"href":"http:\/\/fegrama.cat\/web\/wp-json\/wp\/v2\/media?parent=2914"}],"wp:term":[{"taxonomy":"category","embeddable":true,"href":"http:\/\/fegrama.cat\/web\/wp-json\/wp\/v2\/categories?post=2914"},{"taxonomy":"post_tag","embeddable":true,"href":"http:\/\/fegrama.cat\/web\/wp-json\/wp\/v2\/tags?post=2914"}],"curies":[{"name":"wp","href":"https:\/\/api.w.org\/{rel}","templated":true}]}}