{"id":29136,"date":"2021-07-22T10:33:54","date_gmt":"2021-07-22T09:33:54","guid":{"rendered":"http:\/\/fegrama.cat\/web\/?p=29136"},"modified":"2021-08-03T10:21:01","modified_gmt":"2021-08-03T09:21:01","slug":"ferran-vila-coordinador-futfem-torno-a-la-grama-per-muntar-un-projecte-que-es-nou-i-il%c2%b7lusionant","status":"publish","type":"post","link":"http:\/\/fegrama.cat\/web\/ferran-vila-coordinador-futfem-torno-a-la-grama-per-muntar-un-projecte-que-es-nou-i-il%c2%b7lusionant\/","title":{"rendered":"Ferran Vil\u00e0 (Coordinador FutFem): \u00abTorno a la Grama per muntar un projecte que \u00e9s nou i il\u00b7lusionant\u00bb"},"content":{"rendered":"\n<p>La FE Grama ha fet canvis en la coordinaci\u00f3, i avui presentem a un dels nous integrants.\u00a0<strong>Ferran Vil\u00e0\u00a0<\/strong>\u00e9s el nou\u00a0<strong>Coordinador del Futbol Femen\u00ed\u00a0<\/strong>de la Fundaci\u00f3 Esportiva Grama.<\/p>\n\n\n\n<p><strong>\u2013 Quina ser\u00e0 la teva funci\u00f3?<\/strong><\/p>\n\n\n\n<p>\u2013 La meva funci\u00f3 \u00e9s muntar la secci\u00f3 femenina des de les m\u00e9s petites fins a les m\u00e9s grans. Intentarem muntar un equip de cada: Alev\u00ed, Infantil, Cadet, dos Juvenils i ens agradaria per a aquest any o el proper crear un equip amateur.<\/p>\n\n\n\n<p><strong>\u2013 Quina \u00e9s la teva traject\u00f2ria m\u00e9s recent?<\/strong><\/p>\n\n\n\n<p>\u2013 Vaig comen\u00e7ar aqu\u00ed a la Fundaci\u00f3 Esportiva Grama com a entrenador d&#8217;un infantil femen\u00ed. I des de llavors segueixo vinculat al futbol femen\u00ed. Aquesta \u00faltima temporada vaig estar al J\u00fapiter com a coordinador i entrenador del Juvenil A i del Cadet, amb qui vam guanyar la lliga.<\/p>\n\n\n\n<p><strong>\u2013 I tornes a la Grama. <\/strong><\/p>\n\n\n\n<p>\u2013 Aix\u00ed \u00e9s. Vaig estar parlant amb Jordi Mart\u00ednez diverses setmanes i el repte de tornar a la que va ser la meva primera casa i muntar una secci\u00f3 completa em va fer molta il\u00b7lusi\u00f3. Aqu\u00ed estem intentant muntar una secci\u00f3 femenina que aquest gran club es mereix, un femen\u00ed amb projecci\u00f3. Tamb\u00e9 vull destacar que no estar\u00e9 sol, tindr\u00e9 al meu costat a Estela Calzada com a ajudant i m\u00e0 dreta en tot moment.<\/p>\n\n\n\n<p><strong>\u2013 Quin \u00e9s el teu somni?<\/strong><\/p>\n\n\n\n<p>&#8211; El meu somni \u00e9s muntar equips de qualitat, que a la gent quan li preguntis per la Grama Femen\u00ed que li vingui al cap que hi ha noies de qualitat, que estan ben ensenyades i que han pogut viure el futbol de veritat amb bons entrenadors. Noies que han pogut estar aqu\u00ed des de petites i que hagin sortit direcci\u00f3 equips com Espanyol o Bar\u00e7a.<\/p>\n\n\n\n<p><strong>\u2013 Quin missatge enviaries a les nenes que volen jugar?<\/strong><\/p>\n\n\n\n<p>\u2013 Que vinguin a la Grama que tindrem grans entrenadors, gent que ens far\u00e0 la metodologia dels entrenaments. Que confi\u00efn en el nostre projecte que \u00e9s nou i il\u00b7lusionant. Farem tot el possible perqu\u00e8 noies com pares, com tots, estiguin el m\u00e9s content possible.<\/p>\n\n\n\n<p><strong>\u2013 Benvingut i molta sort!<\/strong><\/p>\n\n\n\n<div class=\"wp-block-image\"><figure class=\"aligncenter size-large is-resized\"><img loading=\"lazy\" decoding=\"async\" src=\"http:\/\/fegrama.cat\/web\/wp-content\/uploads\/2021\/07\/ferran-i-estela-768x1024.jpeg\" alt=\"\" class=\"wp-image-29138\" width=\"537\" height=\"716\" srcset=\"http:\/\/fegrama.cat\/web\/wp-content\/uploads\/2021\/07\/ferran-i-estela-768x1024.jpeg 768w, http:\/\/fegrama.cat\/web\/wp-content\/uploads\/2021\/07\/ferran-i-estela-225x300.jpeg 225w, http:\/\/fegrama.cat\/web\/wp-content\/uploads\/2021\/07\/ferran-i-estela-1152x1536.jpeg 1152w, http:\/\/fegrama.cat\/web\/wp-content\/uploads\/2021\/07\/ferran-i-estela.jpeg 1512w\" sizes=\"auto, (max-width: 537px) 100vw, 537px\" \/><figcaption>El nou coordinador, Ferran Vil\u00e0, amb la seva ajudant Estela Calzada.<\/figcaption><\/figure><\/div>\n\n\n\n<p>La FE Grama ha realizado cambios en la coordinaci\u00f3n, y hoy presentamos a uno de los nuevos integrantes.\u00a0<strong>Ferran Vil\u00e0<\/strong>\u00a0es el nuevo\u00a0<strong>Coordinador del F\u00fatbol Femenino<\/strong>\u00a0de la Fundaci\u00f3 Esportiva Grama.<\/p>\n\n\n\n<p><strong>\u2013 \u00bfCu\u00e1l ser\u00e1 tu funci\u00f3n?<\/strong><\/p>\n\n\n\n<p>\u2013 Mi funci\u00f3n es montar la secci\u00f3n femenina desde las m\u00e1s peque\u00f1as hasta las m\u00e1s grandes. Intentaremos montar un equipo de cada: Alev\u00edn, Infantil, Cadete, dos Juveniles y nos gustar\u00eda para este a\u00f1o o el pr\u00f3ximo crear un equipo amateur.<\/p>\n\n\n\n<p><strong>\u2013 \u00bfCu\u00e1l es t\u00fa trayectoria m\u00e1s reciente?<\/strong><\/p>\n\n\n\n<p>\u2013 Comenc\u00e9 aqu\u00ed en la Grama como entrenador de un infantil femenino en Primera. Y desde entonces sigo vinculado al f\u00fatbol femenino. Esta \u00faltima temporada estuve en el J\u00fapiter como coordinador y entrenador del Juvenil A y Cadete, con quien ganamos la liga.<\/p>\n\n\n\n<p><strong>\u2013 Y regresas a la Grama<\/strong>.<\/p>\n\n\n\n<p>\u2013 As\u00ed es. Estuve hablando con Jordi Mart\u00ednez varias semanas y el reto de volver a la que fue mi primera casa, montar una secci\u00f3n completa me hizo mucha ilusi\u00f3n. Aqu\u00ed estamos intentando montar una secci\u00f3n femenina que este gran club se merece, un femenino con proyecci\u00f3n. Tambi\u00e9n quiero destacar que no estar\u00e9 solo, tendr\u00e9 a m\u00ed lado a Estela Calzada como ayudante y mano derecha en todo momento.<\/p>\n\n\n\n<p><strong>\u2013 \u00bfCu\u00e1l es tu sue\u00f1o?<\/strong><\/p>\n\n\n\n<p>\u2013 Mi sue\u00f1o es montar equipos de calidad, que a la gente cuando le preguntes por la Grama Femen\u00ed que se le venga a la cabeza que hay chicas de calidad, que est\u00e1n bien ense\u00f1adas y que han podido vivir el f\u00fatbol de verdad con buenos entrenadores. Chicas que han podido estar aqu\u00ed desde peque\u00f1as y que hayan salido direcci\u00f3n equipos como Espanyol o Bar\u00e7a.<\/p>\n\n\n\n<p><strong>\u2013 \u00bfQu\u00e9 mensaje enviar\u00edas a las ni\u00f1as que quieren jugar?<\/strong><\/p>\n\n\n\n<p>\u2013 Que vengan a la Grama que tendremos grandes entrenadores, gente que nos har\u00e1 la metodolog\u00eda de los entrenamientos. Que conf\u00eden en nuestro proyecto que es nuevo e ilusionante. Haremos todo lo posible para que chicas como padre s, como todos, est\u00e9n lo m\u00e1s contento posible.<\/p>\n\n\n\n<p><strong>\u2013 \u00a1Bienvenido y mucha suerte!<\/strong><\/p>\n","protected":false},"excerpt":{"rendered":"<p>La FE Grama ha fet canvis en la coordinaci\u00f3, i avui presentem a un dels nous integrants.\u00a0Ferran Vil\u00e0\u00a0\u00e9s el nou\u00a0Coordinador del Futbol Femen\u00ed\u00a0de la Fundaci\u00f3 Esportiva Grama. \u2013 Quina ser\u00e0 la teva funci\u00f3? \u2013 La meva funci\u00f3 \u00e9s muntar la secci\u00f3 femenina des de les m\u00e9s petites fins a les m\u00e9s grans. Intentarem muntar un [&hellip;]<\/p>\n","protected":false},"author":1,"featured_media":29139,"comment_status":"closed","ping_status":"closed","sticky":false,"template":"","format":"standard","meta":{"footnotes":""},"categories":[17],"tags":[],"class_list":["post-29136","post","type-post","status-publish","format-standard","has-post-thumbnail","hentry","category-entrevistes"],"_links":{"self":[{"href":"http:\/\/fegrama.cat\/web\/wp-json\/wp\/v2\/posts\/29136","targetHints":{"allow":["GET"]}}],"collection":[{"href":"http:\/\/fegrama.cat\/web\/wp-json\/wp\/v2\/posts"}],"about":[{"href":"http:\/\/fegrama.cat\/web\/wp-json\/wp\/v2\/types\/post"}],"author":[{"embeddable":true,"href":"http:\/\/fegrama.cat\/web\/wp-json\/wp\/v2\/users\/1"}],"replies":[{"embeddable":true,"href":"http:\/\/fegrama.cat\/web\/wp-json\/wp\/v2\/comments?post=29136"}],"version-history":[{"count":2,"href":"http:\/\/fegrama.cat\/web\/wp-json\/wp\/v2\/posts\/29136\/revisions"}],"predecessor-version":[{"id":29140,"href":"http:\/\/fegrama.cat\/web\/wp-json\/wp\/v2\/posts\/29136\/revisions\/29140"}],"wp:featuredmedia":[{"embeddable":true,"href":"http:\/\/fegrama.cat\/web\/wp-json\/wp\/v2\/media\/29139"}],"wp:attachment":[{"href":"http:\/\/fegrama.cat\/web\/wp-json\/wp\/v2\/media?parent=29136"}],"wp:term":[{"taxonomy":"category","embeddable":true,"href":"http:\/\/fegrama.cat\/web\/wp-json\/wp\/v2\/categories?post=29136"},{"taxonomy":"post_tag","embeddable":true,"href":"http:\/\/fegrama.cat\/web\/wp-json\/wp\/v2\/tags?post=29136"}],"curies":[{"name":"wp","href":"https:\/\/api.w.org\/{rel}","templated":true}]}}