{"id":29132,"date":"2021-08-03T10:07:41","date_gmt":"2021-08-03T09:07:41","guid":{"rendered":"http:\/\/fegrama.cat\/web\/?p=29132"},"modified":"2021-08-03T10:20:42","modified_gmt":"2021-08-03T09:20:42","slug":"marc-alegre-coordinador-f7-la-grama-te-molt-potencial","status":"publish","type":"post","link":"http:\/\/fegrama.cat\/web\/marc-alegre-coordinador-f7-la-grama-te-molt-potencial\/","title":{"rendered":"Marc Alegre (Coordinador F7): \u00abLa Grama t\u00e9 molt potencial\u00bb"},"content":{"rendered":"\n<p>La FE Grama ha fet canvis en la coordinaci\u00f3, i avui presentem a un dels nous integrants.&nbsp;<strong>Marc Alegre&nbsp;<\/strong>\u00e9s el nou&nbsp;<strong>Coordinador del Futbol 7&nbsp;<\/strong>de la Fundaci\u00f3 Esportiva Grama. <\/p>\n\n\n\n<p><strong>&#8211; Quina \u00e9s la teva traject\u00f2ria?<\/strong><\/p>\n\n\n\n<p>&#8211; Acabo de fer 41 anys i porto vinculat al futbol un total de 25 entre entrenador, coordinador i director esportiu. Vaig comen\u00e7ar amb 16 anys quan era encara jugador en l&#8217;equip del meu barri, l&#8217;Alzamora. Vaig coincidir all\u00e0 amb Juli\u00e1n Cuevas que em va portar a la UDA Gramenet, on vaig estar tres anys i vaig coincidir amb el president.<\/p>\n\n\n\n<p>Despr\u00e9s vaig haver de deixar aquestes funcions perqu\u00e8 no podia combinar-les amb ser jugador i amb 23 anys vaig tornar a aquesta parcel\u00b7la sent entrenador del Badalona. Els \u00faltims 16 anys els he passat entre J\u00fapiter i Europa. Vaig estar 10 anys a l&#8217;Europa i 6 a J\u00fapiter, realitzant diferents funcions.<\/p>\n\n\n\n<p><strong>&#8211; Com arribes a la Grama?<\/strong><\/p>\n\n\n\n<p>&#8211; A trav\u00e9s de Dani Anguita, tots dos ens coneixem del tema coordinadors i tenim una certa amistat. Es va assabentar una mica de la situaci\u00f3 que tenia al club i em va preguntar pel present i futur. A la fin Dani li va comentar a Jordi Mart\u00ednez qui de seguida em va cridar interessant-se en la meva incorporaci\u00f3. Crec que va ser tot molt senzill.<\/p>\n\n\n\n<p><strong>&#8211; Qu\u00e8 esperes d&#8217;aquesta etapa?<\/strong><\/p>\n\n\n\n<p>&#8211; Espero donar-li un salt qualitatiu. Pel que fa a volum de nens si hi ha per\u00f2 crec que el treball qualitatiu que podem fer, no nom\u00e9s en alevins i benjamins on ja es veu, \u00e9s des de l&#8217;escola. Establir una mica d&#8217;ordre, dividir els grups perqu\u00e8 els entrenadors puguin arribar ja que s\u00f3n nens molt petits i de vegades en grups molt nombrosos \u00e9s complicat arribar i mantenir un cert d&#8217;ordre i infraestructura. Donar m\u00e9s qualitat i que siguin la base per al que ha de ser prebenjam\u00ed. Ja tenint estructurat el treball des d&#8217;escola \u00e9s m\u00e9s f\u00e0cil estructurar prebenjam\u00ed, benjam\u00ed i alev\u00ed.<\/p>\n\n\n\n<p><strong>&#8211; Qu\u00e8 diries de la Fundaci\u00f3 Esportiva Grama?<\/strong><\/p>\n\n\n\n<p>&#8211; La Grama t\u00e9 molt potencial, \u00e9s un club gran i tamb\u00e9 crec que t\u00e9 part dels fonaments de la UDA Gramenet. Crec que podem arribar al que es va fer en el seu dia perqu\u00e8 hi ha mitjans i estructures per fer-ho possible.<\/p>\n\n\n\n<p><strong>&#8211; Benvingut i molta sort!<\/strong><\/p>\n\n\n\n<div class=\"wp-block-image\"><figure class=\"aligncenter size-large is-resized\"><img loading=\"lazy\" decoding=\"async\" src=\"http:\/\/fegrama.cat\/web\/wp-content\/uploads\/2021\/07\/marc-alegre-768x1024.jpeg\" alt=\"\" class=\"wp-image-29134\" width=\"386\" height=\"515\" srcset=\"http:\/\/fegrama.cat\/web\/wp-content\/uploads\/2021\/07\/marc-alegre-768x1024.jpeg 768w, http:\/\/fegrama.cat\/web\/wp-content\/uploads\/2021\/07\/marc-alegre-225x300.jpeg 225w, http:\/\/fegrama.cat\/web\/wp-content\/uploads\/2021\/07\/marc-alegre-1152x1536.jpeg 1152w, http:\/\/fegrama.cat\/web\/wp-content\/uploads\/2021\/07\/marc-alegre.jpeg 1512w\" sizes=\"auto, (max-width: 386px) 100vw, 386px\" \/><\/figure><\/div>\n\n\n\n<p>La FE Grama ha realizado cambios en la coordinaci\u00f3n, y hoy presentamos a uno de los nuevos integrantes.&nbsp;<strong>Marc Alegre<\/strong>&nbsp;es el nuevo&nbsp;<strong>Coordinador del F\u00fatbol 7<\/strong>&nbsp;de la Fundaci\u00f3 Esportiva Grama.<\/p>\n\n\n\n<p><strong>\u2013 \u00bfCu\u00e1l es t\u00fa trayectoria?<\/strong><\/p>\n\n\n\n<p>&#8211; Acabo de cumplir 41 a\u00f1os y llevo vinculado al f\u00fatbol un total de 25 entre entrenador, coordinador y director deportivo. Comenc\u00e9 con 16 a\u00f1os cuando era todav\u00eda jugador en el equipo de mi barrio, el Alzamora. Coincid\u00ed all\u00ed con Juli\u00e1n Cuevas que me llev\u00f3 a la UDA Gramenet, donde estuve tres a\u00f1os y coincid\u00ed con el presidente. <\/p>\n\n\n\n<p>Despu\u00e9s tuve que dejar esas funciones porqu\u00e9 no pod\u00eda combinarlas con ser jugador y con 23 a\u00f1os regres\u00e9 a esa parcela siendo entrenador del Badalona. Los \u00faltimos 16 a\u00f1os los he pasado entre J\u00fapiter y Europa. Estuve 10 a\u00f1os en el Europa y 6 en J\u00fapiter, realizando diferentes funciones. <\/p>\n\n\n\n<p><strong>\u2013 \u00bfC\u00f3mo llegas a la Grama?<\/strong><\/p>\n\n\n\n<p>&#8211; A trav\u00e9s de Dani Anguita, ambos nos conocemos del tema coordinadores y tenemos una cierta amistad. Se enter\u00f3 un poco de la situaci\u00f3n que ten\u00eda en el club y me pregunt\u00f3 por el presente y futuro. Al final Dani le coment\u00f3 a Jordi Mart\u00ednez quien enseguida me llam\u00f3 interes\u00e1ndose en mi incorporaci\u00f3n. Creo que fue todo muy sencillo.<\/p>\n\n\n\n<p><strong>\u2013 \u00bfQu\u00e9 esperas de esta etapa?<\/strong><\/p>\n\n\n\n<p>&#8211; Espero darle un salto cualitativo. En cuanto a volumen de ni\u00f1os si hay pero creo que el trabajo cualitativo que podemos hacer, no solo en alevines y benjamines donde ya se ve, es desde la escuela. Establecer un poco de orden, dividir los grupos para que los entrenadores puedan llegar ya que son ni\u00f1os muy peque\u00f1os y a veces en grupos muy numerosos es complicado llegar y mantener un cierto de orden e infraestructura. Dar m\u00e1s calidad y que sean la base para lo que tiene que ser prebenjam\u00edn. Ya teniendo estructurado el trabajo desde escuela es m\u00e1s f\u00e1cil estructurar prebenjam\u00edn, benjam\u00edn y alev\u00edn.<\/p>\n\n\n\n<p><strong>&#8211; \u00bfQu\u00e9 dir\u00edas de la Fundaci\u00f3 Esportiva Grama?<\/strong><\/p>\n\n\n\n<p>&#8211; La Grama tiene mucho potencial, es un club grande y tambi\u00e9n creo que tiene parte de los cimientos de la UDA Gramenet. Creo que podemos llegar a lo que se hizo en su d\u00eda porqu\u00e9 hay medios y estructuras para hacerlo posible. <\/p>\n\n\n\n<p>&#8211; <strong>\u00a1Bienvenido y mucha suerte!<\/strong><\/p>\n","protected":false},"excerpt":{"rendered":"<p>La FE Grama ha fet canvis en la coordinaci\u00f3, i avui presentem a un dels nous integrants.&nbsp;Marc Alegre&nbsp;\u00e9s el nou&nbsp;Coordinador del Futbol 7&nbsp;de la Fundaci\u00f3 Esportiva Grama. &#8211; Quina \u00e9s la teva traject\u00f2ria? &#8211; Acabo de fer 41 anys i porto vinculat al futbol un total de 25 entre entrenador, coordinador i director esportiu. Vaig [&hellip;]<\/p>\n","protected":false},"author":1,"featured_media":29134,"comment_status":"closed","ping_status":"closed","sticky":false,"template":"","format":"standard","meta":{"footnotes":""},"categories":[17],"tags":[],"class_list":["post-29132","post","type-post","status-publish","format-standard","has-post-thumbnail","hentry","category-entrevistes"],"_links":{"self":[{"href":"http:\/\/fegrama.cat\/web\/wp-json\/wp\/v2\/posts\/29132","targetHints":{"allow":["GET"]}}],"collection":[{"href":"http:\/\/fegrama.cat\/web\/wp-json\/wp\/v2\/posts"}],"about":[{"href":"http:\/\/fegrama.cat\/web\/wp-json\/wp\/v2\/types\/post"}],"author":[{"embeddable":true,"href":"http:\/\/fegrama.cat\/web\/wp-json\/wp\/v2\/users\/1"}],"replies":[{"embeddable":true,"href":"http:\/\/fegrama.cat\/web\/wp-json\/wp\/v2\/comments?post=29132"}],"version-history":[{"count":3,"href":"http:\/\/fegrama.cat\/web\/wp-json\/wp\/v2\/posts\/29132\/revisions"}],"predecessor-version":[{"id":29246,"href":"http:\/\/fegrama.cat\/web\/wp-json\/wp\/v2\/posts\/29132\/revisions\/29246"}],"wp:featuredmedia":[{"embeddable":true,"href":"http:\/\/fegrama.cat\/web\/wp-json\/wp\/v2\/media\/29134"}],"wp:attachment":[{"href":"http:\/\/fegrama.cat\/web\/wp-json\/wp\/v2\/media?parent=29132"}],"wp:term":[{"taxonomy":"category","embeddable":true,"href":"http:\/\/fegrama.cat\/web\/wp-json\/wp\/v2\/categories?post=29132"},{"taxonomy":"post_tag","embeddable":true,"href":"http:\/\/fegrama.cat\/web\/wp-json\/wp\/v2\/tags?post=29132"}],"curies":[{"name":"wp","href":"https:\/\/api.w.org\/{rel}","templated":true}]}}