{"id":29124,"date":"2021-07-21T09:23:19","date_gmt":"2021-07-21T08:23:19","guid":{"rendered":"http:\/\/fegrama.cat\/web\/?p=29124"},"modified":"2021-08-26T11:48:36","modified_gmt":"2021-08-26T10:48:36","slug":"el-president-es-presenta-als-jugadors","status":"publish","type":"post","link":"http:\/\/fegrama.cat\/web\/el-president-es-presenta-als-jugadors\/","title":{"rendered":"El president es presenta als jugadors"},"content":{"rendered":"\n<p>Segon dia de pretemporada completat. Aquesta vegada el primer equip de la Fundaci\u00f3 Esportiva Grama va tenir contacte amb el president, <strong>Antonio Morales<\/strong>. D&#8217;aquesta manera el president es va presentar als jugadors. L&#8217;acte es va portar a terme just abans de donar inici l&#8217;entrenament. Al vestidor cos t\u00e8cnic i jugadors van escoltar atentament les paraules i viv\u00e8ncies que Antonio Morales els va indicar.<\/p>\n\n\n\n<p>El president els va parlar de Santa Coloma de Gramenet als nous integrants: <strong>\u00abHan arribat a una ciutat plural i intercultural. Us sentireu acollits gr\u00e0cies a la pluralitat de Santa Coloma i de la Grama. Esteu en una ciutat futbolera i ens agradaria portar molta afici\u00f3 al camp i aix\u00f2 tamb\u00e9 dep\u00e8n de fer les coses b\u00e9.\u00bb<\/strong> A m\u00e9s, tamb\u00e9 els va explicar que tot i la joventut de l&#8217;entitat: <strong>\u00abLa FE Grama \u00e9s una instituci\u00f3 molt reconeguda i gran no nom\u00e9s del Barcelon\u00e8s, tamb\u00e9 de Catalunya.\u00bb<\/strong><\/p>\n\n\n\n<div class=\"wp-block-image\"><figure class=\"aligncenter size-large is-resized\"><img loading=\"lazy\" decoding=\"async\" src=\"http:\/\/fegrama.cat\/web\/wp-content\/uploads\/2021\/07\/grama5-769x1024.jpg\" alt=\"\" class=\"wp-image-29129\" width=\"381\" height=\"507\" srcset=\"http:\/\/fegrama.cat\/web\/wp-content\/uploads\/2021\/07\/grama5-769x1024.jpg 769w, http:\/\/fegrama.cat\/web\/wp-content\/uploads\/2021\/07\/grama5-225x300.jpg 225w, http:\/\/fegrama.cat\/web\/wp-content\/uploads\/2021\/07\/grama5-768x1023.jpg 768w, http:\/\/fegrama.cat\/web\/wp-content\/uploads\/2021\/07\/grama5-1153x1536.jpg 1153w, http:\/\/fegrama.cat\/web\/wp-content\/uploads\/2021\/07\/grama5.jpg 1201w\" sizes=\"auto, (max-width: 381px) 100vw, 381px\" \/><\/figure><\/div>\n\n\n\n<p>Una de les paraules m\u00e9s utilitzades pel nostre president va ser RESPECTE: <strong>\u00abDemano el m\u00e0xim respecte al cos t\u00e8cnic, aix\u00ed com respecte entre jugadors. En aquesta vida el respecte \u00e9s un dels pilars m\u00e9s importants de la conviv\u00e8ncia. Hem de ser tots una fam\u00edlia, tirar tots per al mateix costat perqu\u00e8 aix\u00ed aconseguirem coses.\u00bb<\/strong><\/p>\n\n\n\n<p>De cara a aquesta il\u00b7lusionant campanya: <strong>\u00abTinc molta confian\u00e7a en la plantilla que s&#8217;ha dissenyat per a aquesta temporada. Estar\u00e9 donant suport a l&#8217;equip des del principi fins al final. Als jugadors li demanem m\u00e0xim esfor\u00e7, que ho donin tot en els partits i ser ambiciosos.\u00bb<\/strong><\/p>\n\n\n\n<div class=\"wp-block-image\"><figure class=\"aligncenter size-large is-resized\"><img loading=\"lazy\" decoding=\"async\" src=\"http:\/\/fegrama.cat\/web\/wp-content\/uploads\/2021\/07\/grama2-768x1024.jpg\" alt=\"\" class=\"wp-image-29127\" width=\"395\" height=\"526\" srcset=\"http:\/\/fegrama.cat\/web\/wp-content\/uploads\/2021\/07\/grama2-768x1024.jpg 768w, http:\/\/fegrama.cat\/web\/wp-content\/uploads\/2021\/07\/grama2-225x300.jpg 225w, http:\/\/fegrama.cat\/web\/wp-content\/uploads\/2021\/07\/grama2-1152x1536.jpg 1152w, http:\/\/fegrama.cat\/web\/wp-content\/uploads\/2021\/07\/grama2.jpg 1200w\" sizes=\"auto, (max-width: 395px) 100vw, 395px\" \/><\/figure><\/div>\n\n\n\n<p>Segundo d\u00eda de pretemporada completado. Esta vez el primer equipo de la Fundaci\u00f3 Esportiva Grama tuvo contacto con el presidente, Antonio Morales. De esta manera el Presidente se present\u00f3 a los jugadores. El acto se llev\u00f3 a cabo justo antes de dar inicio el entrenamiento. En el vestuario cuerpo t\u00e9cnico y jugadores escucharon atentamente las palabras y vivencias que <strong>Antonio Morales<\/strong> les indic\u00f3.<\/p>\n\n\n\n<p>El presidente les habl\u00f3 de Santa Coloma de Gramenet a los nuevos integrantes:<strong> \u00abHan llegado a una ciudad plural e intercultural. Os sentir\u00e9is acogidos gracias a la pluralidad de Santa Coloma y de la Grama. Est\u00e1is en una ciudad futbolera y nos gustar\u00eda traer mucha afici\u00f3n al campo y eso tambi\u00e9n depende de hacer las cosas bien.\u00bb<\/strong> Adem\u00e1s, tambi\u00e9n les explic\u00f3 que pese a la juventud de la entidad: <strong>\u00abLa FE Grama es una instituci\u00f3n muy reconocida y grande no solo del Barcelon\u00e9s, tambi\u00e9n de Catalunya.\u00bb<\/strong><\/p>\n\n\n\n<p>Una de las palabras m\u00e1s utilizadas por nuestro presidente fue RESPETO: <strong>\u00abPido el m\u00e1ximo respeto al cuerpo t\u00e9cnico, as\u00ed como respeto entre jugadores. En esta vida el respeto es uno de los pilares m\u00e1s importantes de la convivencia. Tenemos que ser todos una familia, tirar todos para el mismo lado porqu\u00e9 as\u00ed conseguiremos cosas.\u00bb<\/strong><\/p>\n\n\n\n<p>De cara a esta ilusionante campa\u00f1a: <strong>\u00abTengo mucha confianza en la plantilla que se ha dise\u00f1ado para esta temporada. Estar\u00e9 apoyando al equipo desde el principio hasta el final. A los jugadores le pedimos m\u00e1ximo esfuerzo, que lo den todo en los partidos y ser ambiciosos.\u00bb<\/strong><\/p>\n","protected":false},"excerpt":{"rendered":"<p>Segon dia de pretemporada completat. Aquesta vegada el primer equip de la Fundaci\u00f3 Esportiva Grama va tenir contacte amb el president, Antonio Morales. D&#8217;aquesta manera el president es va presentar als jugadors. L&#8217;acte es va portar a terme just abans de donar inici l&#8217;entrenament. Al vestidor cos t\u00e8cnic i jugadors van escoltar atentament les paraules [&hellip;]<\/p>\n","protected":false},"author":1,"featured_media":29128,"comment_status":"closed","ping_status":"closed","sticky":false,"template":"","format":"standard","meta":{"footnotes":""},"categories":[14,5],"tags":[],"class_list":["post-29124","post","type-post","status-publish","format-standard","has-post-thumbnail","hentry","category-noticies","category-primer-equip"],"_links":{"self":[{"href":"http:\/\/fegrama.cat\/web\/wp-json\/wp\/v2\/posts\/29124","targetHints":{"allow":["GET"]}}],"collection":[{"href":"http:\/\/fegrama.cat\/web\/wp-json\/wp\/v2\/posts"}],"about":[{"href":"http:\/\/fegrama.cat\/web\/wp-json\/wp\/v2\/types\/post"}],"author":[{"embeddable":true,"href":"http:\/\/fegrama.cat\/web\/wp-json\/wp\/v2\/users\/1"}],"replies":[{"embeddable":true,"href":"http:\/\/fegrama.cat\/web\/wp-json\/wp\/v2\/comments?post=29124"}],"version-history":[{"count":4,"href":"http:\/\/fegrama.cat\/web\/wp-json\/wp\/v2\/posts\/29124\/revisions"}],"predecessor-version":[{"id":29131,"href":"http:\/\/fegrama.cat\/web\/wp-json\/wp\/v2\/posts\/29124\/revisions\/29131"}],"wp:featuredmedia":[{"embeddable":true,"href":"http:\/\/fegrama.cat\/web\/wp-json\/wp\/v2\/media\/29128"}],"wp:attachment":[{"href":"http:\/\/fegrama.cat\/web\/wp-json\/wp\/v2\/media?parent=29124"}],"wp:term":[{"taxonomy":"category","embeddable":true,"href":"http:\/\/fegrama.cat\/web\/wp-json\/wp\/v2\/categories?post=29124"},{"taxonomy":"post_tag","embeddable":true,"href":"http:\/\/fegrama.cat\/web\/wp-json\/wp\/v2\/tags?post=29124"}],"curies":[{"name":"wp","href":"https:\/\/api.w.org\/{rel}","templated":true}]}}