{"id":29112,"date":"2021-07-16T11:55:57","date_gmt":"2021-07-16T10:55:57","guid":{"rendered":"http:\/\/fegrama.cat\/web\/?p=29112"},"modified":"2021-08-17T13:21:02","modified_gmt":"2021-08-17T12:21:02","slug":"tres-dies-per-comencar-la-pretemporada","status":"publish","type":"post","link":"http:\/\/fegrama.cat\/web\/tres-dies-per-comencar-la-pretemporada\/","title":{"rendered":"Tres dies per comen\u00e7ar la Pretemporada"},"content":{"rendered":"\n<p>Nom\u00e9s queden tres dies perqu\u00e8 el Primer Equip de la Fundaci\u00f3 Esportiva Grama arrenqui oficialment a la pretemporada. L&#8217;equip t\u00e9 una cita al Nou Municipal de Santa Coloma<strong> dilluns a les 18:30 hores de la tarda<\/strong>.<\/p>\n\n\n\n<p>Els jugadors que han estat renovats, els que tenien contracte, els set nous i alguns jugadors extres estaran a les ordres de Juanma Pons amb la intenci\u00f3 d&#8217;arribar en forma al primer partit de lliga (4 o 5 de setembre).<\/p>\n\n\n\n<p>Durant aquesta setmana els jugadors han estat exercitant-se de manera individual, uns entrenaments que formen part del planning de la pretemporada.<\/p>\n\n\n\n<p>Dilluns que ve anunciarem el calendari d&#8217;amistosos.<\/p>\n\n\n\n<hr class=\"wp-block-separator\"\/>\n\n\n\n<p><\/p>\n\n\n\n<p id=\"block-922d6470-31ec-4765-8e57-cb027f06c9c3\">Solamente quedan tres d\u00edas para que el Primer Equipo de la Fundaci\u00f3 Esportiva Grama arranque oficialmente a la pretemporada. El equipo tiene una cita en el Nou Municipal de Santa Coloma el <strong>lunes a las 18:30 horas de la tarde<\/strong>.<\/p>\n\n\n\n<p id=\"block-54e99ca4-3e0a-4484-9447-7b13fdf1e196\">Los jugadores que han sido renovados, los que ten\u00edan contrato, los siete nuevos y algunos jugadores extras estar\u00e1n a las \u00f3rdenes de Juanma Pons con la intenci\u00f3n de llegar en forma al primer partido de liga (4 o 5 de septiembre).<\/p>\n\n\n\n<p id=\"block-07015247-8abb-4c5d-8930-9d69f2c15e1c\">Durante esta semana los jugadores han estado ejercit\u00e1ndose de manera individual, unos entrenamientos que forman parte del planning de la pretemporada.<\/p>\n\n\n\n<p id=\"block-057ab657-5556-47c1-b540-84e732841c61\">El pr\u00f3ximo lunes anunciaremos el calendario de amistosos. <\/p>\n","protected":false},"excerpt":{"rendered":"<p>Nom\u00e9s queden tres dies perqu\u00e8 el Primer Equip de la Fundaci\u00f3 Esportiva Grama arrenqui oficialment a la pretemporada. L&#8217;equip t\u00e9 una cita al Nou Municipal de Santa Coloma dilluns a les 18:30 hores de la tarda. Els jugadors que han estat renovats, els que tenien contracte, els set nous i alguns jugadors extres estaran a [&hellip;]<\/p>\n","protected":false},"author":1,"featured_media":28682,"comment_status":"closed","ping_status":"closed","sticky":false,"template":"","format":"standard","meta":{"footnotes":""},"categories":[5],"tags":[],"class_list":["post-29112","post","type-post","status-publish","format-standard","has-post-thumbnail","hentry","category-primer-equip"],"_links":{"self":[{"href":"http:\/\/fegrama.cat\/web\/wp-json\/wp\/v2\/posts\/29112","targetHints":{"allow":["GET"]}}],"collection":[{"href":"http:\/\/fegrama.cat\/web\/wp-json\/wp\/v2\/posts"}],"about":[{"href":"http:\/\/fegrama.cat\/web\/wp-json\/wp\/v2\/types\/post"}],"author":[{"embeddable":true,"href":"http:\/\/fegrama.cat\/web\/wp-json\/wp\/v2\/users\/1"}],"replies":[{"embeddable":true,"href":"http:\/\/fegrama.cat\/web\/wp-json\/wp\/v2\/comments?post=29112"}],"version-history":[{"count":2,"href":"http:\/\/fegrama.cat\/web\/wp-json\/wp\/v2\/posts\/29112\/revisions"}],"predecessor-version":[{"id":29114,"href":"http:\/\/fegrama.cat\/web\/wp-json\/wp\/v2\/posts\/29112\/revisions\/29114"}],"wp:featuredmedia":[{"embeddable":true,"href":"http:\/\/fegrama.cat\/web\/wp-json\/wp\/v2\/media\/28682"}],"wp:attachment":[{"href":"http:\/\/fegrama.cat\/web\/wp-json\/wp\/v2\/media?parent=29112"}],"wp:term":[{"taxonomy":"category","embeddable":true,"href":"http:\/\/fegrama.cat\/web\/wp-json\/wp\/v2\/categories?post=29112"},{"taxonomy":"post_tag","embeddable":true,"href":"http:\/\/fegrama.cat\/web\/wp-json\/wp\/v2\/tags?post=29112"}],"curies":[{"name":"wp","href":"https:\/\/api.w.org\/{rel}","templated":true}]}}