{"id":2911,"date":"2014-03-24T07:11:36","date_gmt":"2014-03-24T06:11:36","guid":{"rendered":"http:\/\/fegrama.cat\/web\/?p=2911"},"modified":"2014-03-23T19:25:40","modified_gmt":"2014-03-23T18:25:40","slug":"lalevi-d-de-la-fegrama-semporta-el-derbi-colomenc-i-remunta-a-la-classificacio-a-larrabal-calaf-gramenet-rebra-diumenge-al-nou-municipal","status":"publish","type":"post","link":"http:\/\/fegrama.cat\/web\/lalevi-d-de-la-fegrama-semporta-el-derbi-colomenc-i-remunta-a-la-classificacio-a-larrabal-calaf-gramenet-rebra-diumenge-al-nou-municipal\/","title":{"rendered":"L&#8217;Alev\u00ed D de la FEGrama s&#8217;emporta el derbi colomenc i remunta a la classificaci\u00f3 a l&#8217;Arrabal-Calaf Gramenet rebr\u00e0 diumenge al Nou Municipal"},"content":{"rendered":"<p style=\"text-align: justify;\"><span style=\"color: #000000;\">El conjunt de Santa Coloma dirigit per Isma Rom\u00e1n puja a la tercera posici\u00f3 amb 50 punts despr\u00e8s de la vict\u00f2ria al derbi de Santa Coloma davant l&#8217;Arrabal- Calaf Gramanet per un contundent 11-2 a qui amb aquests tres punts adelanta a la classificaci\u00f3 d&#8217;aquest grup 10 de Tercera Divisi\u00f3.<\/span><\/p>\n<p style=\"text-align: justify;\"><span style=\"color: #000000;\">Els gols van arribar aviat amb Arman Maghakyan qui va acabar fent un doblet. Despr\u00e8s Samuel Valdivia va fer el 2-0 i el de la tranquilitat d&#8217;Arman 3-0.<\/span><\/p>\n<p style=\"text-align: justify;\"><span style=\"color: #000000;\">Sergio Fern\u00e1ndez va fer el 4-1 i tot seguit Oliver Israel Acosta va realitzar un triplet de gols consecutius fins el 7-1.<\/span><\/p>\n<p style=\"text-align: justify;\"><span style=\"color: #000000;\">Despr\u00e8s, Edgar Climent faria l&#8217;8-1, Adri\u00e1n Guti\u00e9rrez un doblet de gols: el 9-1 i l&#8217;11-1.<\/span><\/p>\n<p style=\"text-align: justify;\"><span style=\"color: #000000;\">Aquest triomf de l&#8217;equip de la Fundaci\u00f3 Grama fa que es consolid\u00e8s a dalt d&#8217;aquest grup 10 de Tercera Divisi\u00f3 nom\u00e8s superat ara per l&#8217;Escola Brafa, a dos punts, i el l\u00edder el Catal\u00f2nia.<\/span><\/p>\n<p style=\"text-align: justify;\"><span style=\"color: #000000;\">A la pr\u00f2xima jornada 22, l&#8217;equip de la Fundaci\u00f3 Grama viatjar\u00e0 al Camp Municipal de Badalona contra el Young Talent, vuit\u00e8 classificat amb 31 punts, el dissabte 29 de mar\u00e7 a les 13:00 hores.<\/span><\/p>\n<p style=\"text-align: justify;\"><span style=\"color: #000000;\">[divider]<\/span><\/p>\n<p style=\"text-align: justify;\"><span style=\"color: #000000;\">[button color=\u00bbblue\u00bb size=\u00bbsmall\u00bb link=\u00bbhttp:\/\/www.fcf.cat\/pnfg\/NFG_CmpJornada?cod_primaria=1000120&amp;CodCompeticion=18473309&amp;CodGrupo=18578226&amp;CodTemporada=9&amp;CodJornada=10&#8243; target=\u00bbblank\u00bb ]Resultats[\/button]<\/span><\/p>\n<p style=\"text-align: justify;\"><span style=\"color: #000000;\">[button color=\u00bbblue\u00bb size=\u00bbsmall\u00bb link=\u00bbhttp:\/\/www.fcf.cat\/pnfg\/NPcd\/NFG_VisClasificacion?cod_primaria=1000120&amp;codgrupo=18578226&amp;codcompeticion=18473309&#8243; target=\u00bbblank\u00bb ]Classificaci\u00f3[\/button]<\/span><\/p>\n<p style=\"text-align: justify;\"><span style=\"color: #000000;\">El conjunto de Santa Coloma DIRIGIT per Isma Rom\u00e1n licitaci\u00f3 a la tercera Posici\u00f3 AMB 50 punts Despr\u00e9s de la Vict\u00f2ria al derbi de Santa Coloma Davant l&#8217; Raval &#8211; Calaf Gramenet per un contundent 11-2 a qui AMB aquests 3 punts s&#8217;avan\u00e7a a la Classificaci\u00f3 d &#8216; aquest grup 10 de Tercera Divisi\u00f3 .<\/span><\/p>\n<p style=\"text-align: justify;\"><span style=\"color: #000000;\">Els gols van arribar AVIAT AMB Arman Maghakyan qui va acabar de fent 1 doblet . Despres Samuel Valdivia va fermentaci\u00f3 el 2-0 i el de la tranquilitat d&#8217; Arman 3-0 .<\/span><\/p>\n<p style=\"text-align: justify;\"><span style=\"color: #000000;\">Sergio Fern\u00e1ndez va fermentaci\u00f3 el 4-1 i Tot seguit Oliver Israel Acosta va realitzar una triplet de gols consecutius Fins el 7-1 .<\/span><\/p>\n<p style=\"text-align: justify;\"><span style=\"color: #000000;\">Despres , Edgar Climent f\u00e0ria l&#8217; 8-1 , Adri\u00e1n Guti\u00e9rrez 01:00 doblet de gols : el 9-1 i l&#8217; 11-1 .<\/span><\/p>\n<p style=\"text-align: justify;\"><span style=\"color: #000000;\">Aquest triomf de l&#8217; equip de la Fundaci\u00f3 Grama fa que \u00e9s consolid\u00e8s a dalt de este grup 10 de Tercera Divisi\u00f3 nom\u00e8s superat ara per l&#8217;Escola Brafa , a dos punts , i el l\u00edder el Catal\u00f2nia .<\/span><\/p>\n<p style=\"text-align: justify;\"><span style=\"color: #000000;\">A la propera jornada 22 , l&#8217; equip de la Fundaci\u00f3 Grama viatjar\u00e0 al Camp Municipal de Badalona contra el Young Talent , vuit\u00e8 Classificat AMB 31 punts , el dissabte 29 de mar\u00e7 a les 13:00 hores .<\/span><\/p>\n<p style=\"text-align: justify;\"><span style=\"color: #000000;\"><strong>Visca l&#8217;Esperit Grama!!!<\/strong><\/span><\/p>\n","protected":false},"excerpt":{"rendered":"<p>El conjunt de Santa Coloma dirigit per Isma Rom\u00e1n puja a la tercera posici\u00f3 amb 50 punts despr\u00e8s de la vict\u00f2ria al derbi de Santa Coloma davant l&#8217;Arrabal- Calaf Gramanet per un contundent 11-2 a qui amb aquests tres punts adelanta a la classificaci\u00f3 d&#8217;aquest grup 10 de Tercera Divisi\u00f3. Els gols van arribar aviat [&hellip;]<\/p>\n","protected":false},"author":1,"featured_media":0,"comment_status":"closed","ping_status":"closed","sticky":false,"template":"","format":"standard","meta":{"footnotes":""},"categories":[10,4],"tags":[],"class_list":["post-2911","post","type-post","status-publish","format-standard","hentry","category-alevins","category-base-inclusiu"],"_links":{"self":[{"href":"http:\/\/fegrama.cat\/web\/wp-json\/wp\/v2\/posts\/2911","targetHints":{"allow":["GET"]}}],"collection":[{"href":"http:\/\/fegrama.cat\/web\/wp-json\/wp\/v2\/posts"}],"about":[{"href":"http:\/\/fegrama.cat\/web\/wp-json\/wp\/v2\/types\/post"}],"author":[{"embeddable":true,"href":"http:\/\/fegrama.cat\/web\/wp-json\/wp\/v2\/users\/1"}],"replies":[{"embeddable":true,"href":"http:\/\/fegrama.cat\/web\/wp-json\/wp\/v2\/comments?post=2911"}],"version-history":[{"count":1,"href":"http:\/\/fegrama.cat\/web\/wp-json\/wp\/v2\/posts\/2911\/revisions"}],"predecessor-version":[{"id":2913,"href":"http:\/\/fegrama.cat\/web\/wp-json\/wp\/v2\/posts\/2911\/revisions\/2913"}],"wp:attachment":[{"href":"http:\/\/fegrama.cat\/web\/wp-json\/wp\/v2\/media?parent=2911"}],"wp:term":[{"taxonomy":"category","embeddable":true,"href":"http:\/\/fegrama.cat\/web\/wp-json\/wp\/v2\/categories?post=2911"},{"taxonomy":"post_tag","embeddable":true,"href":"http:\/\/fegrama.cat\/web\/wp-json\/wp\/v2\/tags?post=2911"}],"curies":[{"name":"wp","href":"https:\/\/api.w.org\/{rel}","templated":true}]}}