{"id":29103,"date":"2021-07-12T15:19:55","date_gmt":"2021-07-12T14:19:55","guid":{"rendered":"http:\/\/fegrama.cat\/web\/?p=29103"},"modified":"2021-07-12T15:19:56","modified_gmt":"2021-07-12T14:19:56","slug":"nestor-garcia-coordinador-f11-la-grama-es-un-club-gran","status":"publish","type":"post","link":"http:\/\/fegrama.cat\/web\/nestor-garcia-coordinador-f11-la-grama-es-un-club-gran\/","title":{"rendered":"N\u00e9stor Garc\u00eda (Coordinador F11): \u00abLa Grama \u00e9s un club gran\u00bb"},"content":{"rendered":"\n<p>La FE Grama ha fet canvis en la coordinaci\u00f3, i avui presentem a un dels nous integrants. <strong>N\u00e9stor Garc\u00eda <\/strong>\u00e9s el nou <strong>Coordinador del Futbol 11 <\/strong>de la Fundaci\u00f3 Esportiva Grama.<\/p>\n\n\n\n<p><strong>&#8211; Quina ser\u00e0 la teva funci\u00f3?<\/strong><\/p>\n\n\n\n<p>&#8211; La meva funci\u00f3 ser\u00e0 ajudar a nivell log\u00edstic a totes les fam\u00edlies i organitzar tots els equips des del Juvenil A cap avall, fins arribar a l&#8217;\u00faltim infantil.<\/p>\n\n\n\n<p><strong>&#8211; Quina \u00e9s la teva traject\u00f2ria m\u00e9s recent?<\/strong><\/p>\n\n\n\n<p>&#8211; Aquesta \u00faltima temporada vaig estar com a coordinador del futbol 7 al CE L&#8217;Hospitalet. Anteriorment vaig estar al Santboi\u00e0 i en Marianao Poblet. Jordi, el coordinador general de Grama, portava temps volent-me portar a la Grama per\u00f2 jo estava a gust al club on era.<\/p>\n\n\n\n<p><strong>&#8211; I a la fi va fitxar per la Grama?<\/strong><\/p>\n\n\n\n<p>&#8211; Aquesta temporada em va proposar venir i la veritat que la Grama porta uns anys treballant molt b\u00e9. I el projecte t\u00e9 molt bona pinta i un gran futur. La propera temporada hi haur\u00e0 molt bones categories i una bona base de cara a anar escalant fins a arribar a el primer equip.<\/p>\n\n\n\n<p><strong>&#8211; Qu\u00e8 t&#8217;agradaria?<\/strong><\/p>\n\n\n\n<p>Sobretot que siguin molts jugadors els que puguin pujar, amb una gran formaci\u00f3 i sentint els colors i l&#8217;escut. L&#8217;extensi\u00f3 de jugadors del Juvenil A o B per al primer equip, que vegin des d&#8217;infantils que es pot aconseguir. La Grama \u00e9s un club gran i molt reconegut a la zona.<\/p>\n\n\n\n<p><strong>&#8211; Quina \u00e9s la clau de tot?<\/strong><\/p>\n\n\n\n<p>&#8211; Per a mi que el jugador evolucioni i creixi sentint els colors i amb una filosofia correcta \u00e9s clau. Intentarem que aquests jugadors i fam\u00edlies se sentin identificats amb la Grama perqu\u00e8 segueixin molts anys al nostre costat i no sentin la necessitat de sortir a un altre costat. Que la Grama sigui aix\u00ed la seva \u00fanica opci\u00f3.<\/p>\n\n\n\n<p><strong>&#8211; Benvingut i molta sort!<\/strong><\/p>\n\n\n\n<figure class=\"wp-block-image size-large\"><img loading=\"lazy\" decoding=\"async\" width=\"716\" height=\"1024\" src=\"http:\/\/fegrama.cat\/web\/wp-content\/uploads\/2021\/07\/IMG-20210712-WA0008-716x1024.jpg\" alt=\"\" class=\"wp-image-29107\" srcset=\"http:\/\/fegrama.cat\/web\/wp-content\/uploads\/2021\/07\/IMG-20210712-WA0008-716x1024.jpg 716w, http:\/\/fegrama.cat\/web\/wp-content\/uploads\/2021\/07\/IMG-20210712-WA0008-210x300.jpg 210w, http:\/\/fegrama.cat\/web\/wp-content\/uploads\/2021\/07\/IMG-20210712-WA0008-768x1098.jpg 768w, http:\/\/fegrama.cat\/web\/wp-content\/uploads\/2021\/07\/IMG-20210712-WA0008-1074x1536.jpg 1074w, http:\/\/fegrama.cat\/web\/wp-content\/uploads\/2021\/07\/IMG-20210712-WA0008.jpg 1119w\" sizes=\"auto, (max-width: 716px) 100vw, 716px\" \/><\/figure>\n\n\n\n<p>La FE Grama ha realizado cambios en la coordinaci\u00f3n, y hoy presentamos a uno de los nuevos integrantes. <strong>N\u00e9stor Garc\u00eda<\/strong> es el nuevo <strong>Coordinador del F\u00fatbol 11<\/strong> de la Fundaci\u00f3 Esportiva Grama.<\/p>\n\n\n\n<p><strong>&#8211; \u00bfCu\u00e1l ser\u00e1 tu funci\u00f3n?<\/strong><\/p>\n\n\n\n<p>&#8211; Mi funci\u00f3n ser\u00e1 ayudar a nivel log\u00edstico a todas las familias y organizar todos los equipos desde el Juvenil A hac\u00eda abajo, hasta llegar al \u00faltimo infantil.<\/p>\n\n\n\n<p><strong>&#8211; \u00bfCu\u00e1l es t\u00fa trayectoria m\u00e1s reciente?<\/strong><\/p>\n\n\n\n<p>&#8211; Esta \u00faltima temporada estuve como coordinador del f\u00fatbol 7 en el CE L&#8217;Hospitalet. Anteriormente estuve en el Santboi\u00e0 y en Marianao Poblet. Jordi, el coordinador general de Grama, llevaba tiempo queri\u00e9ndome llevar a la Grama pero yo estaba a gusto en el club donde estaba. <\/p>\n\n\n\n<p><strong>&#8211; \u00bfY al final fichaste por la Grama?<\/strong><\/p>\n\n\n\n<p>&#8211; Esta temporada me propuso venir y la verdad que la Grama lleva unos a\u00f1os trabajando muy bien. Y el proyecto tiene muy buena pinta y un gran futuro. La pr\u00f3xima temporada habr\u00e1 muy buenas categor\u00edas y una buena base de cara a ir escalando hasta llegar al primer equipo.<\/p>\n\n\n\n<p><strong>&#8211; \u00bfQu\u00e9 te gustar\u00eda?<\/strong><\/p>\n\n\n\n<p>&#8211; Sobre todo que sean muchos jugadores los que puedan subir, con una gran formaci\u00f3n y sintiendo los colores y el escudo. La extensi\u00f3n de jugadores del Juvenil A o B para el primer equipo, que vean desde infantiles que se puede lograr. La Grama es un club grande y muy reconocido en la zona.<\/p>\n\n\n\n<p><strong>&#8211; \u00bfCu\u00e1l es la clave de todo?<\/strong><\/p>\n\n\n\n<p>&#8211; Para m\u00ed que el jugador evolucione y crezca sintiendo los colores y con una filosof\u00eda correcta es clave. Intentaremos que estos jugadores y familias se sientan identificados con la Grama para que sigan muchos a\u00f1os a nuestro lado y no sientan la necesidad de salir a otro lado. Que la Grama sea as\u00ed su \u00fanica opci\u00f3n.<\/p>\n\n\n\n<p><strong>&#8211; \u00a1Bienvenido y mucha suerte!<\/strong><\/p>\n","protected":false},"excerpt":{"rendered":"<p>La FE Grama ha fet canvis en la coordinaci\u00f3, i avui presentem a un dels nous integrants. N\u00e9stor Garc\u00eda \u00e9s el nou Coordinador del Futbol 11 de la Fundaci\u00f3 Esportiva Grama. &#8211; Quina ser\u00e0 la teva funci\u00f3? &#8211; La meva funci\u00f3 ser\u00e0 ajudar a nivell log\u00edstic a totes les fam\u00edlies i organitzar tots els equips [&hellip;]<\/p>\n","protected":false},"author":1,"featured_media":29107,"comment_status":"closed","ping_status":"closed","sticky":false,"template":"","format":"standard","meta":{"footnotes":""},"categories":[17],"tags":[],"class_list":["post-29103","post","type-post","status-publish","format-standard","has-post-thumbnail","hentry","category-entrevistes"],"_links":{"self":[{"href":"http:\/\/fegrama.cat\/web\/wp-json\/wp\/v2\/posts\/29103","targetHints":{"allow":["GET"]}}],"collection":[{"href":"http:\/\/fegrama.cat\/web\/wp-json\/wp\/v2\/posts"}],"about":[{"href":"http:\/\/fegrama.cat\/web\/wp-json\/wp\/v2\/types\/post"}],"author":[{"embeddable":true,"href":"http:\/\/fegrama.cat\/web\/wp-json\/wp\/v2\/users\/1"}],"replies":[{"embeddable":true,"href":"http:\/\/fegrama.cat\/web\/wp-json\/wp\/v2\/comments?post=29103"}],"version-history":[{"count":4,"href":"http:\/\/fegrama.cat\/web\/wp-json\/wp\/v2\/posts\/29103\/revisions"}],"predecessor-version":[{"id":29108,"href":"http:\/\/fegrama.cat\/web\/wp-json\/wp\/v2\/posts\/29103\/revisions\/29108"}],"wp:featuredmedia":[{"embeddable":true,"href":"http:\/\/fegrama.cat\/web\/wp-json\/wp\/v2\/media\/29107"}],"wp:attachment":[{"href":"http:\/\/fegrama.cat\/web\/wp-json\/wp\/v2\/media?parent=29103"}],"wp:term":[{"taxonomy":"category","embeddable":true,"href":"http:\/\/fegrama.cat\/web\/wp-json\/wp\/v2\/categories?post=29103"},{"taxonomy":"post_tag","embeddable":true,"href":"http:\/\/fegrama.cat\/web\/wp-json\/wp\/v2\/tags?post=29103"}],"curies":[{"name":"wp","href":"https:\/\/api.w.org\/{rel}","templated":true}]}}