{"id":29100,"date":"2021-07-18T19:00:52","date_gmt":"2021-07-18T18:00:52","guid":{"rendered":"http:\/\/fegrama.cat\/web\/?p=29100"},"modified":"2021-08-17T13:20:56","modified_gmt":"2021-08-17T12:20:56","slug":"la-grama-disputara-nou-amistosos-de-preparacio","status":"publish","type":"post","link":"http:\/\/fegrama.cat\/web\/la-grama-disputara-nou-amistosos-de-preparacio\/","title":{"rendered":"La Grama disputar\u00e0 nou amistosos de preparaci\u00f3"},"content":{"rendered":"\n<h2 class=\"wp-block-heading\">L&#8217;equip de Juanma Pons jugar\u00e0 sis partits com a visitant i tres com a local a la pretemporada<\/h2>\n\n\n\n<p>La <strong>FE Grama<\/strong> ja t\u00e9 confirmat el seu pla de pretemporada. L&#8217;equip de Juanma Pons jugar\u00e0 un total de nou partits amistosos durant el mes que durar\u00e0 la seva preparaci\u00f3.<\/p>\n\n\n\n<p>El primer amist\u00f3s es jugar\u00e0 la propera setmana contra el<strong> FC Barcelona &#8216;B&#8217;<\/strong> a la <strong>Ciutat Esportiva Joan Gamper<\/strong> (dijous, 29 de juliol). La Grama ha dissenyat una pretemporada davant equips de mateixa categoria o superior com <strong>Bar\u00e7a B<\/strong>, <strong>Badalona<\/strong> o <strong>Sant Andreu<\/strong>.<\/p>\n\n\n\n<p><strong>Partits de pretemporada de la FE Grama:<\/strong><\/p>\n\n\n\n<ul class=\"wp-block-list\"><li>Dijous, 29 de juliol: FC Barcelona &#8216;B&#8217;-FE Grama (19 hores, Ciutat Esportiva Joan Gamper).<\/li><li>Diumenge, 1 d&#8217;agost: AE Prat-FE Grama (19 hores Estadi Municipal Sagnier).<\/li><li>Dijous, 5 d&#8217;agost: FC Barcelona DH Juvenil-FE Grama (horari per confirmar, Ciutat Esportiva Joan Gamper)<\/li><li>Dissabte, 7 d&#8217;agost: FE Grama-UE Sants (19 hores, Nou Municipal de Santa Coloma).<\/li><li>Dimecres, 11 d&#8217;agost: UE Sant Andreu-FE Grama (19 hores, Estadi Narc\u00eds Sala)<\/li><li>Dissabte, 14 d&#8217;agost: Cd&#8217;E Manresa-FE Grama (horari per confirmar, Estadi Municipal el Congost).<\/li><li>Dimecres, 18 d&#8217;agost: FE Grama-CP San Crist\u00f3bal (19 hores, Nou Municipal de Santa Coloma).<\/li><li>Dissabte, 21 d&#8217;agost: FE Grama-CF Badalona (19 hores, Nou Municipal de Santa Coloma).<\/li><li>Diumenge, 29 d&#8217;agost: RCD Espanyol &#8216;B&#8217;-FE Grama (hores, Ciutat Esportiva Dani Jarque).<\/li><\/ul>\n\n\n\n<hr class=\"wp-block-separator\"\/>\n\n\n\n<p><\/p>\n\n\n\n<h2 class=\"wp-block-heading\">El equipo de Juanma Pons jugar\u00e1 seis partidos como visitante y tres como local en pretemporada<\/h2>\n\n\n\n<p>La<strong> FE Grama<\/strong> ya tiene confirmado su plan de pretemporada. El equipo de Juanma Pons jugar\u00e1 un total de nueve partidos amistosos durante el mes que durar\u00e1 su preparaci\u00f3n.<\/p>\n\n\n\n<p>El primer amistoso se jugar\u00e1 la pr\u00f3xima semana contra el FC Barcelona &#8216;B&#8217; en la <strong>Ciudad Deportiva Joan Gamper<\/strong> (Jueves, 29 de julio). La Grama ha dise\u00f1ado una pretemporada ante equipos de misma categor\u00eda o superior como <strong>Bar\u00e7a B,<\/strong> <strong>Badalona <\/strong>o <strong>Sant Andreu<\/strong>.<\/p>\n\n\n\n<p><strong>Partidos de pretemporada de la FE Grama:<\/strong><\/p>\n\n\n\n<ul class=\"wp-block-list\" id=\"block-d6f7e9df-89c2-4f6d-96ce-bc883e11adfc\"><li>Jueves, 29 de julio: FC Barcelona &#8216;B&#8217;-FE Grama (19 horas, Ciutat Esportiva Joan Gamper).<\/li><li>Domingo, 1 de agosto: AE Prat-FE Grama (19 horas, Estadi Municipal Sagnier).<\/li><li>Jueves, 5 de agosto: FC Barcelona DH Juvenil-FE Grama (horario por confirmar, Ciutat Esportiva Joan Gamper)<\/li><li>S\u00e1bado, 7 de agosto: FE Grama-UE Sants (19 horas, Nou Municipal de Santa Coloma).<\/li><li>Mi\u00e9rcoles, 11 de agosto: UE Sant Andreu-FE Grama (19 horas, Estadi Narc\u00eds Sala)<\/li><li>S\u00e1bado, 14 de agosto: CdE Manresa-FE Grama (horario por confirmar, Estadi Municipal el Congost).<\/li><li>Mi\u00e9rcoles, 18 de agosto: FE Grama-CP San Crist\u00f3bal (19 horas, Nou Municipal de Santa Coloma).<\/li><li>S\u00e1bado, 21 de agosto: FE Grama-CF Badalona (19 horas, Nou Municipal de Santa Coloma).<\/li><li>Domingo, 29 de agosto: RCD Espanyol &#8216;B&#8217;-FE Grama (horario por confirmar, Ciutat Esportiva Dani Jarque).<\/li><\/ul>\n","protected":false},"excerpt":{"rendered":"<p>L&#8217;equip de Juanma Pons jugar\u00e0 sis partits com a visitant i tres com a local a la pretemporada La FE Grama ja t\u00e9 confirmat el seu pla de pretemporada. L&#8217;equip de Juanma Pons jugar\u00e0 un total de nou partits amistosos durant el mes que durar\u00e0 la seva preparaci\u00f3. El primer amist\u00f3s es jugar\u00e0 la propera [&hellip;]<\/p>\n","protected":false},"author":1,"featured_media":28509,"comment_status":"closed","ping_status":"closed","sticky":false,"template":"","format":"standard","meta":{"footnotes":""},"categories":[5],"tags":[],"class_list":["post-29100","post","type-post","status-publish","format-standard","has-post-thumbnail","hentry","category-primer-equip"],"_links":{"self":[{"href":"http:\/\/fegrama.cat\/web\/wp-json\/wp\/v2\/posts\/29100","targetHints":{"allow":["GET"]}}],"collection":[{"href":"http:\/\/fegrama.cat\/web\/wp-json\/wp\/v2\/posts"}],"about":[{"href":"http:\/\/fegrama.cat\/web\/wp-json\/wp\/v2\/types\/post"}],"author":[{"embeddable":true,"href":"http:\/\/fegrama.cat\/web\/wp-json\/wp\/v2\/users\/1"}],"replies":[{"embeddable":true,"href":"http:\/\/fegrama.cat\/web\/wp-json\/wp\/v2\/comments?post=29100"}],"version-history":[{"count":7,"href":"http:\/\/fegrama.cat\/web\/wp-json\/wp\/v2\/posts\/29100\/revisions"}],"predecessor-version":[{"id":29117,"href":"http:\/\/fegrama.cat\/web\/wp-json\/wp\/v2\/posts\/29100\/revisions\/29117"}],"wp:featuredmedia":[{"embeddable":true,"href":"http:\/\/fegrama.cat\/web\/wp-json\/wp\/v2\/media\/28509"}],"wp:attachment":[{"href":"http:\/\/fegrama.cat\/web\/wp-json\/wp\/v2\/media?parent=29100"}],"wp:term":[{"taxonomy":"category","embeddable":true,"href":"http:\/\/fegrama.cat\/web\/wp-json\/wp\/v2\/categories?post=29100"},{"taxonomy":"post_tag","embeddable":true,"href":"http:\/\/fegrama.cat\/web\/wp-json\/wp\/v2\/tags?post=29100"}],"curies":[{"name":"wp","href":"https:\/\/api.w.org\/{rel}","templated":true}]}}