{"id":29097,"date":"2021-07-19T20:53:42","date_gmt":"2021-07-19T19:53:42","guid":{"rendered":"http:\/\/fegrama.cat\/web\/?p=29097"},"modified":"2021-08-17T13:20:50","modified_gmt":"2021-08-17T12:20:50","slug":"la-grama-arrenca-la-pretemporada","status":"publish","type":"post","link":"http:\/\/fegrama.cat\/web\/la-grama-arrenca-la-pretemporada\/","title":{"rendered":"La Grama arrenca la pretemporada"},"content":{"rendered":"\n<p>En el dia d&#8217;ahir el Primer Equip de la Fundaci\u00f3 Esportiva Grama va comen\u00e7ar oficialment a la pretemporada. L&#8217;equip dirigit per Juanma Pons va saltar a la gespa del Nou Municipal de Santa Coloma a les 18:30 hores.<\/p>\n\n\n\n<p>Les set cares noves de la Grama es comencen aix\u00ed tamb\u00e9 ha acoblar amb tots els jugadors que continuen un any m\u00e9s a la plantilla. En aquesta primera setmana l&#8217;equip tindr\u00e0 descans el cap de setmana.<\/p>\n\n\n\n<p>Ja la setmana passada els jugadors van tenir un planning per a entrenaments individuals amb la idea d&#8217;arribar preparats per a una pretemporada que durar\u00e0 6 setmanes i tindr\u00e0 un total de 9 partits amistosos.<\/p>\n\n\n\n<p>El proper dijous 29 de juliol arribar\u00e0 el primer amist\u00f3s (vs Bar\u00e7a B). Comen\u00e7a aix\u00ed la preparaci\u00f3 de cara al primer partit de lliga, el 4 o 5 de setembre (rival \/ hora \/ calendari per con\u00e8ixer-se).<\/p>\n\n\n\n<p><em>Fotos: Sergi Garc\u00eda (Afici\u00f3 FE Grama)<\/em><\/p>\n\n\n\n<div class=\"wp-block-group\"><div class=\"wp-block-group__inner-container is-layout-flow wp-block-group-is-layout-flow\">\n<figure class=\"wp-block-image size-large\"><img loading=\"lazy\" decoding=\"async\" width=\"950\" height=\"1024\" src=\"http:\/\/fegrama.cat\/web\/wp-content\/uploads\/2021\/07\/IMG-20210719-WA0041-950x1024.jpg\" alt=\"\" class=\"wp-image-29118\" srcset=\"http:\/\/fegrama.cat\/web\/wp-content\/uploads\/2021\/07\/IMG-20210719-WA0041-950x1024.jpg 950w, http:\/\/fegrama.cat\/web\/wp-content\/uploads\/2021\/07\/IMG-20210719-WA0041-278x300.jpg 278w, http:\/\/fegrama.cat\/web\/wp-content\/uploads\/2021\/07\/IMG-20210719-WA0041-768x828.jpg 768w, http:\/\/fegrama.cat\/web\/wp-content\/uploads\/2021\/07\/IMG-20210719-WA0041-1425x1536.jpg 1425w, http:\/\/fegrama.cat\/web\/wp-content\/uploads\/2021\/07\/IMG-20210719-WA0041.jpg 1900w\" sizes=\"auto, (max-width: 950px) 100vw, 950px\" \/><\/figure>\n\n\n\n<figure class=\"wp-block-image size-large\"><img loading=\"lazy\" decoding=\"async\" width=\"1024\" height=\"487\" src=\"http:\/\/fegrama.cat\/web\/wp-content\/uploads\/2021\/07\/IMG-20210719-WA0033-1024x487.jpg\" alt=\"\" class=\"wp-image-29119\" srcset=\"http:\/\/fegrama.cat\/web\/wp-content\/uploads\/2021\/07\/IMG-20210719-WA0033-1024x487.jpg 1024w, http:\/\/fegrama.cat\/web\/wp-content\/uploads\/2021\/07\/IMG-20210719-WA0033-300x143.jpg 300w, http:\/\/fegrama.cat\/web\/wp-content\/uploads\/2021\/07\/IMG-20210719-WA0033-768x365.jpg 768w, http:\/\/fegrama.cat\/web\/wp-content\/uploads\/2021\/07\/IMG-20210719-WA0033-1536x731.jpg 1536w, http:\/\/fegrama.cat\/web\/wp-content\/uploads\/2021\/07\/IMG-20210719-WA0033.jpg 2048w\" sizes=\"auto, (max-width: 1024px) 100vw, 1024px\" \/><\/figure>\n<\/div><\/div>\n\n\n\n<p>En el d\u00eda de ayer el Primer Equipo de la Fundaci\u00f3 Esportiva Grama di\u00f3 comienzo oficialmente a la pretemporada. El equipo dirigido por Juanma Pons salt\u00f3 al c\u00e9sped del Nou Municipal de Santa Coloma a las 18:30 horas. <\/p>\n\n\n\n<p>Las siete caras nuevas de la Grama se empiezan as\u00ed tambi\u00e9n ha acoplar con todos los jugadores que contin\u00faan un a\u00f1o m\u00e1s en la plantilla. En esta primera semana el equipo tendr\u00e1 descanso el fin de semana.<\/p>\n\n\n\n<p>Ya la semana pasada los jugadores tuvieron un planning para entrenamientos individuales con la idea de llegar preparados para una pretemporada que durar\u00e1 6 semanas y tendr\u00e1 un total de 9 partidos amistosos. <\/p>\n\n\n\n<p>El pr\u00f3ximo jueves 29 de julio llegar\u00e1 el primer amistoso (vs Bar\u00e7a B). Empieza as\u00ed la preparaci\u00f3n de cara al primer partido de liga, el 4 o 5 de septiembre (rival\/hora\/calendario por conocerse).<\/p>\n","protected":false},"excerpt":{"rendered":"<p>En el dia d&#8217;ahir el Primer Equip de la Fundaci\u00f3 Esportiva Grama va comen\u00e7ar oficialment a la pretemporada. L&#8217;equip dirigit per Juanma Pons va saltar a la gespa del Nou Municipal de Santa Coloma a les 18:30 hores. Les set cares noves de la Grama es comencen aix\u00ed tamb\u00e9 ha acoblar amb tots els jugadors [&hellip;]<\/p>\n","protected":false},"author":1,"featured_media":29120,"comment_status":"closed","ping_status":"closed","sticky":false,"template":"","format":"standard","meta":{"footnotes":""},"categories":[5],"tags":[],"class_list":["post-29097","post","type-post","status-publish","format-standard","has-post-thumbnail","hentry","category-primer-equip"],"_links":{"self":[{"href":"http:\/\/fegrama.cat\/web\/wp-json\/wp\/v2\/posts\/29097","targetHints":{"allow":["GET"]}}],"collection":[{"href":"http:\/\/fegrama.cat\/web\/wp-json\/wp\/v2\/posts"}],"about":[{"href":"http:\/\/fegrama.cat\/web\/wp-json\/wp\/v2\/types\/post"}],"author":[{"embeddable":true,"href":"http:\/\/fegrama.cat\/web\/wp-json\/wp\/v2\/users\/1"}],"replies":[{"embeddable":true,"href":"http:\/\/fegrama.cat\/web\/wp-json\/wp\/v2\/comments?post=29097"}],"version-history":[{"count":5,"href":"http:\/\/fegrama.cat\/web\/wp-json\/wp\/v2\/posts\/29097\/revisions"}],"predecessor-version":[{"id":29123,"href":"http:\/\/fegrama.cat\/web\/wp-json\/wp\/v2\/posts\/29097\/revisions\/29123"}],"wp:featuredmedia":[{"embeddable":true,"href":"http:\/\/fegrama.cat\/web\/wp-json\/wp\/v2\/media\/29120"}],"wp:attachment":[{"href":"http:\/\/fegrama.cat\/web\/wp-json\/wp\/v2\/media?parent=29097"}],"wp:term":[{"taxonomy":"category","embeddable":true,"href":"http:\/\/fegrama.cat\/web\/wp-json\/wp\/v2\/categories?post=29097"},{"taxonomy":"post_tag","embeddable":true,"href":"http:\/\/fegrama.cat\/web\/wp-json\/wp\/v2\/tags?post=29097"}],"curies":[{"name":"wp","href":"https:\/\/api.w.org\/{rel}","templated":true}]}}